{"id":50003,"date":"2023-09-21T00:00:00","date_gmt":"2023-09-20T22:00:00","guid":{"rendered":"https:\/\/imagazine.it\/cervignano-svela-il-festival-del-coraggio\/"},"modified":"2023-09-21T00:00:00","modified_gmt":"2023-09-20T22:00:00","slug":"cervignano-svela-il-festival-del-coraggio","status":"publish","type":"post","link":"https:\/\/imagazine.it\/home_desk\/cervignano-svela-il-festival-del-coraggio\/","title":{"rendered":"Cervignano svela il Festival del Coraggio"},"content":{"rendered":"<p> \t<strong>UDINE<\/strong> \u2013 Una colomba simbolo di speranza \u00e8 la novit\u00e0 grafica sulla locandina della <strong><u><a href=\"http:\/\/www.festivaldelcoraggio.it\/wp-content\/uploads\/2018\/09\/FC23_programma-alta-leggibilita%CC%80-DEF.pdf\" target=\"_blank\" rel=\"noopener\"><span style=\"color:#0000cd;\">sesta edizione del Festival del Coraggio<\/span><\/a><\/u>, <\/strong>in programma a <strong>Cervignano del Friuli dall\u201911 al 15 ottobre<\/strong>, dopo una serie di anteprime a Pordenone, Aquileia, Strassoldo, e presentato questa mattina nel Palazzo della Regione a Udine.<\/p>\n<p> \tGi\u00e0 questa sera, alle 18.30 al Teatro Pasolini di Cervignano, sar\u00e0 presentato il programma in un\u2019occasione speciale: la replica del laboratorio teatrale della Scuola secondaria di primo grado \u201cG. Randaccio\u201d di Cervignano del Friuli, liberamente ispirato al romanzo <em>Questa notte non torno<\/em> di Antonella Sbuelz, ospite del Festival durante la scorsa edizione.<\/p>\n<p> \tNell\u2019illustrazione di <strong>Federica Moro<\/strong>, la colomba se ne sta l\u00ec, ferma, a testimoniare, nonostante tutto, una nuova possibilit\u00e0. Ma c\u2019\u00e8 di pi\u00f9. Pi\u00f9 in piccolo, nella parte bassa dell&#8217;immagine, si scorge un uomo. Gioca a proiettare l\u2019ombra delle sue mani, legate dalle manette. I suoi movimenti sono limitati, ma le vuole comunque far volteggiare. Proprio in quel frangente, nel gioco e nella sofferenza, ecco la colomba.<\/p>\n<p> \tParte da qui, dalla speranza di un domani migliore e dal desiderio di indagare ci\u00f2 che non sempre \u00e8 evidente, la nuova edizione del Festival svelata alla presenza di <strong>Barbara Zilli<\/strong>, assessore regionale alle Finanze; <strong>Giuseppe Morandini<\/strong>, presidente della Fondazione Friuli; <strong>Cristian Zanfabro<\/strong>, assessore alla Cultura del Comune di Cervignano del Friuli; <strong>Mauro Daltin<\/strong>, direttore artistico del Festival del Coraggio; <strong>Simone Ciprian<\/strong>, presidente dell\u2019associazione culturale Bottega Errante.<\/p>\n<p> \tPrevisti <strong>incontri, presentazioni di libri, spettacoli teatrali, concerti<\/strong>, <strong>mostre<\/strong>, che saranno accolti dal <strong>Teatro Pasolini<\/strong> alla <strong>Casa della musica<\/strong>, dal \u201c<strong>Giardino dei diritti<\/strong>\u201d alla <strong>biblioteca civica \u201cGiuseppe Zigaina\u201d<\/strong>. Tutti gli eventi saranno a <strong>ingresso gratuito<\/strong> fino a esaurimento posti. Eventuali variazioni e aggiornamenti del programma saranno comunicati sul sito <u><a href=\"http:\/\/www.festivaldelcoraggio.it\" target=\"_blank\" rel=\"noopener\"><span style=\"color:#0000cd;\">www.festivaldelcoraggio.it<\/span><\/a><\/u>, sui social e tramite l\u2019app \u201cMunicipium\u201d del Comune di Cervignano del Friuli.<\/p>\n<p> \tTra gli ospiti il teologo, filosofo e accademico, <strong>Vito Mancuso<\/strong>; per l\u2019inaugurazione saranno presenti <strong>Rosalba Rotondo<\/strong>, la \u201cpreside coraggio\u201d dell\u2019istituto Alpi-Levi di Scampia, e il \u201cprete anticamorra\u201d, <strong>don Aniello Manganiello.<\/strong> Attesa anche la docente universitaria e giornalista italo-iraniana <strong>Farian Sabahi<\/strong>, che parler\u00e0 della condizione delle donne in Iran. Ma pure <strong>Filippo Giorgi<\/strong>, premio Nobel per la pace 2007, e massimo esperto internazionale sui cambiamenti climatici. Porter\u00e0 la sua testimonianza anche <strong>Fausto Biloslavo<\/strong>, giornalista triestino, noto inviato di guerra; cos\u00ec come <strong>Eraldo Affinati<\/strong>, scrittore e insegnante, fondatore, insieme alla moglie, della scuola Penny Wirton per l\u2019insegnamento gratuito della lingua italiana agli immigrati.<\/p>\n<p> \t\u00a0<\/p>\n<p> \t<strong>BIBLIOTECA DEL CORAGGIO<\/strong> <strong>E VETRINE CORAGGIOSE<\/strong> &#8211; Confermata anche quest\u2019anno la \u201cBiblioteca del coraggio\u201d in continuo aggiornamento sugli scaffali dalla biblioteca Zigaina e l&#8217;appuntamento con le \u201c<strong>Vetrine coraggiose<\/strong>\u201d degli esercizi commerciali della citt\u00e0 (in collaborazione con VARI ed Eventuali). I commercianti che hanno aderito ospiteranno le gigantografie degli ospiti delle passate edizioni del Festival e riserveranno una parte della vetrina ai lavori dei bambini delle scuole primarie della citt\u00e0, tutti dedicati al coraggio. Inoltre proporranno eventi originali, con date e orari disponibili online.<\/p>\n<p> \tTorneranno pure gli studenti del progetto PCTO delle Scuole secondarie di secondo grado dell\u2019ISIS Bassa Friulana. Come da tradizione saranno al fianco del Festival con l\u2019inconfondibile maglietta arancione, presenti in tutte le sedi e a tutti gli incontri, pronti a fornire informazioni, accogliere, collaborare nell\u2019organizzazione, presentare, documentare e raccontare.<\/p>\n<p> \t\u00ab<em>Per noi Cervignano del Friuli \u2013 <\/em>ha affermato l\u2019assessore regionale alle Finanze,<strong> Barbara Zilli<\/strong><em> \u2013 diventa laboratorio della riflessione e della comunicazione, ormai stabile. Ne siamo contenti perch\u00e9 davanti a una societ\u00e0 in cui la comunicazione \u00e8 molto spesso troppo istantanea e porta al giudizio facile, momenti di riflessione e approfondimento con ospiti cos\u00ec importanti come quelli che troviamo nel programma del Festival del Coraggio, permettono di creare una cultura, soprattutto per i nostri giovani, pi\u00f9 piena e consapevole. Per noi il compendio dei valori e che \u00e8 possibile trasmettere come comunit\u00e0 \u00e8 un elemento che va valorizzato ulteriormente, pertanto siamo felici di aver finanziato questo festival<\/em>\u00bb.<\/p>\n<p> \t\u00ab<em>Siamo orgogliosi <\/em>\u2013 ha dichiarato <strong>Giuseppe Morandini<\/strong>, presidente della Fondazione Friuli \u2013 <em>di essere anche quest\u2019anno a fianco del Festival del Coraggio, che sosteniamo fin dalla prima edizione per la sua originalit\u00e0 e la sua capacit\u00e0 di rinsaldare un forte senso di comunit\u00e0 attraverso il coinvolgimento degli studenti e delle realt\u00e0 associative e produttive del territorio<\/em>.<em> La kermesse abbraccia una visione ampia e sollecita la riflessione sui grandi temi di questo nostro tempo, diventando attrattiva per un pubblico eterogeneo per interessi ed et\u00e0 e determinando ricadute positive in termini non solo economici e di offerta culturale, ma anche di rafforzamento dell\u2019inclusione e della solidariet\u00e0<\/em>\u00bb.<\/p>\n<p> \t\u00ab<em>L\u2019edizione di quest\u2019anno \u2013 <\/em>ha sottolineato l\u2019assessore alla Cultura del Comune di Cervignano del Friuli,<strong> Cristian Zanfabro<\/strong><em> \u2013 vedr\u00e0 particolarmente coinvolte le scuole cervignanesi e i nostri ragazzi. Abbiamo voluto riservare grande attenzione alle nostre associazioni e alle realt\u00e0 locali, con il preciso scopo di far diventare l\u2019evento elemento integrante, come non mai, della nostra comunit\u00e0<\/em>\u00bb.<\/p>\n<p> \t\u00ab<em>La sesta edizione del Festival del Coraggio <\/em>\u2013 ha precisato <strong>Mauro Daltin<\/strong>, direttore artistico del Festival \u2013<em> vuole entrare ancora una volta dentro i luoghi pi\u00f9 fragili del nostro tempo, dall\u2019Iran all\u2019Ucraina, da Scampia a Sarajevo, affrontare tematiche necessarie come i cambiamenti climatici, la guerra, la scuola, le migrazioni e raccontare testimoni che con la propria arte, come Andrea Pazienza o Giorgio Gaber, hanno saputo rappresentare un\u2019epoca<\/em>.<em> \u00c8 un\u2019edizione che vuole proseguire la riflessione di un concetto che, giorno dopo giorno, ci appare sempre pi\u00f9 attuale, sempre caratterizzato da nuove sfaccettature, mai immutabile, ma sempre da aggiornare, da guardare sotto altri punti di vista, con occhi nuovi<\/em>\u00bb.<\/p>\n<p> \t\u00ab<em>Dall\u201911 al 15 ottobre Cervignano del Friuli torner\u00e0 a ospitare una manifestazione che \u00e8 diventata in questi anni appuntamento fondamentale per un\u2019intera comunit\u00e0. Un sentito grazie come sempre per la collaborazione attiva alle moltissime associazioni e scuole del territorio, e per la vicinanza e il sostegno immancabile ai numerosi sponsor coraggiosi<\/em>\u00bb, ha concluso <strong>Simone Ciprian<\/strong>, presidente dell\u2019associazione culturale Bottega Errante.<\/p>\n<p> \t\u00a0<\/p>\n","protected":false},"excerpt":{"rendered":"<p>Iran e Ucraina, Scampia e Sarajevo: la sesta edizione torna dentro i luoghi pi\u00f9 fragili del nostro tempo. Coinvolte scuole e associazioni del territorio. Ecco il programma<\/p>\n","protected":false},"author":28,"featured_media":50004,"comment_status":"closed","ping_status":"closed","sticky":false,"template":"","format":"standard","meta":{"dwc-title":[],"dwc-content":[],"footnotes":""},"categories":[37],"tags":[],"class_list":["post-50003","post","type-post","status-publish","format-standard","has-post-thumbnail","hentry","category-cultura-e-spettacolo"],"rttpg_featured_image_url":{"full":["https:\/\/imagazine.it\/wp-content\/uploads\/2024\/02\/54431-1.webp",1616,1080,false],"landscape":["https:\/\/imagazine.it\/wp-content\/uploads\/2024\/02\/54431-1.webp",1616,1080,false],"portraits":["https:\/\/imagazine.it\/wp-content\/uploads\/2024\/02\/54431-1.webp",1616,1080,false],"thumbnail":["https:\/\/imagazine.it\/wp-content\/uploads\/2024\/02\/54431-1-150x150.webp",150,150,true],"medium":["https:\/\/imagazine.it\/wp-content\/uploads\/2024\/02\/54431-1-300x200.webp",300,200,true],"large":["https:\/\/imagazine.it\/wp-content\/uploads\/2024\/02\/54431-1-1024x684.webp",640,428,true],"thumblist":["https:\/\/imagazine.it\/wp-content\/uploads\/2024\/02\/54431-1-300x300.webp",300,300,true],"thumbrelated":["https:\/\/imagazine.it\/wp-content\/uploads\/2024\/02\/54431-1-500x500.webp",500,500,true],"meccarouselthumb":["https:\/\/imagazine.it\/wp-content\/uploads\/2024\/02\/54431-1-474x324.webp",474,324,true],"gridsquare":["https:\/\/imagazine.it\/wp-content\/uploads\/2024\/02\/54431-1-391x260.webp",391,260,true],"tileview":["https:\/\/imagazine.it\/wp-content\/uploads\/2024\/02\/54431-1-300x400.webp",300,400,true],"1536x1536":["https:\/\/imagazine.it\/wp-content\/uploads\/2024\/02\/54431-1-1536x1027.webp",1536,1027,true],"2048x2048":["https:\/\/imagazine.it\/wp-content\/uploads\/2024\/02\/54431-1.webp",1616,1080,false],"newsup-slider-full":["https:\/\/imagazine.it\/wp-content\/uploads\/2024\/02\/54431-1-1280x720.webp",1280,720,true],"newsup-featured":["https:\/\/imagazine.it\/wp-content\/uploads\/2024\/02\/54431-1-1024x684.webp",1024,684,true],"newsup-medium":["https:\/\/imagazine.it\/wp-content\/uploads\/2024\/02\/54431-1-720x380.webp",720,380,true],"tptn_thumbnail":["https:\/\/imagazine.it\/wp-content\/uploads\/2024\/02\/54431-1.webp",250,167,false],"sow-carousel-default":["https:\/\/imagazine.it\/wp-content\/uploads\/2024\/02\/54431-1.webp",272,182,false]},"rttpg_author":{"display_name":"redazione","author_link":"https:\/\/imagazine.it\/home_desk\/author\/redazione\/"},"rttpg_comment":0,"rttpg_category":"<a href=\"https:\/\/imagazine.it\/home_desk\/category\/cultura-e-spettacolo\/\" rel=\"category tag\">CULTURA&amp;SPETTACOLO<\/a>","rttpg_excerpt":"Iran e Ucraina, Scampia e Sarajevo: la sesta edizione torna dentro i luoghi pi\u00f9 fragili del nostro tempo. Coinvolte scuole e associazioni del territorio. Ecco il programma","_links":{"self":[{"href":"https:\/\/imagazine.it\/home_desk\/wp-json\/wp\/v2\/posts\/50003","targetHints":{"allow":["GET"]}}],"collection":[{"href":"https:\/\/imagazine.it\/home_desk\/wp-json\/wp\/v2\/posts"}],"about":[{"href":"https:\/\/imagazine.it\/home_desk\/wp-json\/wp\/v2\/types\/post"}],"author":[{"embeddable":true,"href":"https:\/\/imagazine.it\/home_desk\/wp-json\/wp\/v2\/users\/28"}],"replies":[{"embeddable":true,"href":"https:\/\/imagazine.it\/home_desk\/wp-json\/wp\/v2\/comments?post=50003"}],"version-history":[{"count":0,"href":"https:\/\/imagazine.it\/home_desk\/wp-json\/wp\/v2\/posts\/50003\/revisions"}],"wp:featuredmedia":[{"embeddable":true,"href":"https:\/\/imagazine.it\/home_desk\/wp-json\/wp\/v2\/media\/50004"}],"wp:attachment":[{"href":"https:\/\/imagazine.it\/home_desk\/wp-json\/wp\/v2\/media?parent=50003"}],"wp:term":[{"taxonomy":"category","embeddable":true,"href":"https:\/\/imagazine.it\/home_desk\/wp-json\/wp\/v2\/categories?post=50003"},{"taxonomy":"post_tag","embeddable":true,"href":"https:\/\/imagazine.it\/home_desk\/wp-json\/wp\/v2\/tags?post=50003"}],"curies":[{"name":"wp","href":"https:\/\/api.w.org\/{rel}","templated":true}]}}