{"id":49991,"date":"2023-09-17T00:00:00","date_gmt":"2023-09-16T22:00:00","guid":{"rendered":"https:\/\/imagazine.it\/cervignano-ampliati-gli-orari-alla-scuola-dellinfanzia-parrocchiale\/"},"modified":"2023-09-17T00:00:00","modified_gmt":"2023-09-16T22:00:00","slug":"cervignano-ampliati-gli-orari-alla-scuola-dellinfanzia-parrocchiale","status":"publish","type":"post","link":"https:\/\/imagazine.it\/home_desk\/cervignano-ampliati-gli-orari-alla-scuola-dellinfanzia-parrocchiale\/","title":{"rendered":"Cervignano, ampliati gli orari alla scuola dell&#8217;infanzia parrocchiale"},"content":{"rendered":"<p> \tCERVIGNANO DEL FRIULI \u2013 \u00c8 suonata la campanella del primo giorno di scuola e ci sono grandi novit\u00e0 per l\u2019anno scolastico 2023-2024 alla Scuola parrocchiale paritaria per l\u2019infanzia \u201cMaria Immacolata\u201d.<\/p>\n<p> \tPer andare incontro alle esigenze delle famiglie l\u2019attivit\u00e0 verr\u00e0 ulteriormente prolungata dopo le ore 16. Per chi ne avesse necessit\u00e0, infatti, i bambini e le bambine frequentanti l\u2019istituto <strong>potranno rimanere a scuola fino alle 17.30<\/strong>, sempre affiancati da personale scolastico qualificato, mentre l&#8217;accoglienza alla mattina \u00e8 rimasta invariata alle 7.30.\u00a0<\/p>\n<p> \tSono sei le classi che accoglieranno bambini e bambine delle sezioni Primavera, Piccoli, Medi e Grandi, per un totale di <strong>108 alunni affiancati da 9 insegnanti<\/strong>.<\/p>\n<p> \tIn questi giorni c\u2019\u00e8 il periodo di accoglienza, in cui il bambino e le famiglie si inseriscono nel nuovo contesto per stare bene e apprezzare la piccola comunit\u00e0 educante della scuola.<\/p>\n<p> \tLa scuola amplia l\u2019offerta formativa con l\u2019attivit\u00e0 motoria, l\u2019approccio alla lingua inglese, l\u2019attivit\u00e0 nell\u2019educazione musicale.<\/p>\n<p> \tIl corpo docenti, con la coordinatrice <strong>Rosi Venneri<\/strong>, assieme al parroco <strong>don Sinuhe Marotta<\/strong>, ha gi\u00e0 individuato dei momenti da condividere con le famiglie quali la prima domenica d\u2019Avvento il 3 dicembre, con un primo avvicinamento al Natale e l\u2019incontro per la festa natalizia presso la Sala Aurora nel Ricreatorio San Michele.<\/p>\n<p> \tLa scuola offre anche un servizio di mensa interna, con cibi preparati in maniera professionale sul posto, con una dieta particolare per i bambini con necessit\u00e0 specifiche ed educazione alimentare per tutti.<\/p>\n<p> \t\u00a0<\/p>\n","protected":false},"excerpt":{"rendered":"<p>Sono 108 gli allievi che hanno iniziato il nuovo anno scolastico seguiti da 9 insegnanti<\/p>\n","protected":false},"author":22,"featured_media":49992,"comment_status":"closed","ping_status":"closed","sticky":false,"template":"","format":"standard","meta":{"dwc-title":[],"dwc-content":[],"footnotes":""},"categories":[5],"tags":[],"class_list":["post-49991","post","type-post","status-publish","format-standard","has-post-thumbnail","hentry","category-attualita"],"rttpg_featured_image_url":{"full":["https:\/\/imagazine.it\/wp-content\/uploads\/2024\/02\/54416-1.webp",1000,751,false],"landscape":["https:\/\/imagazine.it\/wp-content\/uploads\/2024\/02\/54416-1.webp",1000,751,false],"portraits":["https:\/\/imagazine.it\/wp-content\/uploads\/2024\/02\/54416-1.webp",1000,751,false],"thumbnail":["https:\/\/imagazine.it\/wp-content\/uploads\/2024\/02\/54416-1-150x150.webp",150,150,true],"medium":["https:\/\/imagazine.it\/wp-content\/uploads\/2024\/02\/54416-1-300x225.webp",300,225,true],"large":["https:\/\/imagazine.it\/wp-content\/uploads\/2024\/02\/54416-1.webp",640,481,false],"thumblist":["https:\/\/imagazine.it\/wp-content\/uploads\/2024\/02\/54416-1-300x300.webp",300,300,true],"thumbrelated":["https:\/\/imagazine.it\/wp-content\/uploads\/2024\/02\/54416-1-500x500.webp",500,500,true],"meccarouselthumb":["https:\/\/imagazine.it\/wp-content\/uploads\/2024\/02\/54416-1-474x324.webp",474,324,true],"gridsquare":["https:\/\/imagazine.it\/wp-content\/uploads\/2024\/02\/54416-1-391x260.webp",391,260,true],"tileview":["https:\/\/imagazine.it\/wp-content\/uploads\/2024\/02\/54416-1-300x400.webp",300,400,true],"1536x1536":["https:\/\/imagazine.it\/wp-content\/uploads\/2024\/02\/54416-1.webp",1000,751,false],"2048x2048":["https:\/\/imagazine.it\/wp-content\/uploads\/2024\/02\/54416-1.webp",1000,751,false],"newsup-slider-full":["https:\/\/imagazine.it\/wp-content\/uploads\/2024\/02\/54416-1-1000x720.webp",1000,720,true],"newsup-featured":["https:\/\/imagazine.it\/wp-content\/uploads\/2024\/02\/54416-1.webp",1000,751,false],"newsup-medium":["https:\/\/imagazine.it\/wp-content\/uploads\/2024\/02\/54416-1-720x380.webp",720,380,true],"tptn_thumbnail":["https:\/\/imagazine.it\/wp-content\/uploads\/2024\/02\/54416-1.webp",250,188,false],"sow-carousel-default":["https:\/\/imagazine.it\/wp-content\/uploads\/2024\/02\/54416-1.webp",242,182,false]},"rttpg_author":{"display_name":"Livio Nonis","author_link":"https:\/\/imagazine.it\/home_desk\/author\/nonis\/"},"rttpg_comment":0,"rttpg_category":"<a href=\"https:\/\/imagazine.it\/home_desk\/category\/attualita\/\" rel=\"category tag\">ATTUALIT\u00c0<\/a>","rttpg_excerpt":"Sono 108 gli allievi che hanno iniziato il nuovo anno scolastico seguiti da 9 insegnanti","_links":{"self":[{"href":"https:\/\/imagazine.it\/home_desk\/wp-json\/wp\/v2\/posts\/49991","targetHints":{"allow":["GET"]}}],"collection":[{"href":"https:\/\/imagazine.it\/home_desk\/wp-json\/wp\/v2\/posts"}],"about":[{"href":"https:\/\/imagazine.it\/home_desk\/wp-json\/wp\/v2\/types\/post"}],"author":[{"embeddable":true,"href":"https:\/\/imagazine.it\/home_desk\/wp-json\/wp\/v2\/users\/22"}],"replies":[{"embeddable":true,"href":"https:\/\/imagazine.it\/home_desk\/wp-json\/wp\/v2\/comments?post=49991"}],"version-history":[{"count":0,"href":"https:\/\/imagazine.it\/home_desk\/wp-json\/wp\/v2\/posts\/49991\/revisions"}],"wp:featuredmedia":[{"embeddable":true,"href":"https:\/\/imagazine.it\/home_desk\/wp-json\/wp\/v2\/media\/49992"}],"wp:attachment":[{"href":"https:\/\/imagazine.it\/home_desk\/wp-json\/wp\/v2\/media?parent=49991"}],"wp:term":[{"taxonomy":"category","embeddable":true,"href":"https:\/\/imagazine.it\/home_desk\/wp-json\/wp\/v2\/categories?post=49991"},{"taxonomy":"post_tag","embeddable":true,"href":"https:\/\/imagazine.it\/home_desk\/wp-json\/wp\/v2\/tags?post=49991"}],"curies":[{"name":"wp","href":"https:\/\/api.w.org\/{rel}","templated":true}]}}