{"id":49981,"date":"2023-09-18T00:00:00","date_gmt":"2023-09-17T22:00:00","guid":{"rendered":"https:\/\/imagazine.it\/staranzano-ulteriori-risorse-per-la-nuova-scuola-primaria\/"},"modified":"2023-09-18T00:00:00","modified_gmt":"2023-09-17T22:00:00","slug":"staranzano-ulteriori-risorse-per-la-nuova-scuola-primaria","status":"publish","type":"post","link":"https:\/\/imagazine.it\/home_desk\/staranzano-ulteriori-risorse-per-la-nuova-scuola-primaria\/","title":{"rendered":"Staranzano, ulteriori risorse per la nuova scuola primaria"},"content":{"rendered":"<p> \tSTARANZANO \u2013 \u00c8 giunto in questi giorni all&#8217;Amministrazione comunale il <strong>decreto di impegno di 2.840.000 euro<\/strong> a valere sul progetto P.N.R.R. per la <u><a href=\"https:\/\/www.imagazine.it\/notizie-trieste-gorizia-udine-friuli\/12019\" target=\"_blank\" rel=\"noopener\"><span style=\"color:#0000cd;\"><strong>demolizione e ricostruzione della scuola primaria Edmondo De Amicis<\/strong><\/span><\/a><\/u>, da completarsi entro il 2026 secondo le direttive europee.<\/p>\n<p> \tIl cofinanziamento della Regione si aggiunge ai fondi P.N.R.R. pari a circa 5.200.000 euro per realizzare la nuova scuola primaria secondo le direttive europee per edifici NZEB, ovvero a elevata efficienza energetica.<\/p>\n<p> \tIl contributo andr\u00e0 a coprire i notevoli aumenti sui costi per la demolizione e ricostruzione della primaria, evitando cos\u00ec di dover ricorrere all\u2019utilizzo dell&#8217;intero avanzo di amministrazione 2022 e di dover contrarre nuovi mutui, aumentando il debito.<\/p>\n<p> \t\u201cQuesta importante novit\u00e0, frutto di una domanda fatta ad agosto su uno specifico canale contributivo e in tempi brevissimi accolta e finanziata dalla Regione \u2013 commenta l\u2019assessore al bilancio, <strong>Flavio Pizzolato<\/strong> \u2013 viene a pochissima distanza di tempo dal proficuo incontro avuto con l&#8217;assessore regionale Cristina Amirante, che ringraziamo per la disponibilit\u00e0 e l&#8217;ascolto\u201d.<\/p>\n<p> \t\u201cLa nuova scuola infatti \u2013 specifica <strong>Manuela Tomadin<\/strong>, assessore ai lavori pubblici \u2013 verr\u00e0 realizzata su un sedime adiacente all\u2019attuale, si svilupper\u00e0 su due livelli e la sua parte centrale sar\u00e0 destinata ad attivit\u00e0 multidisciplinari con spazi giochi per attivit\u00e0 motorie, aree studio e di lettura, sala mensa, servizi e laboratori musicali e artistici\u201d. L\u2019edificio si svilupper\u00e0 su una superficie totale di 2.460 mq, con maggiori spazi quindi rispetto all\u2019attuale, che copre una superficie pari a 1.600 mq. Non andr\u00e0 tuttavia a occupare maggiori aree poich\u00e9 si distribuir\u00e0 su due livelli.<\/p>\n<p> \tUn doppio ingresso al piano terra consentir\u00e0 di utilizzare gli spazi laboratoriali e sportivi anche dalle varie associazioni del territorio che potranno fruire di tali strutture senza interferire con gli spazi e orari didattici.<\/p>\n<p> \tA breve la giunta comunale porter\u00e0 in approvazione il progetto definitivo-esecutivo della nuova scuola primaria, e quindi si potr\u00e0 procedere con le fasi di gara per l\u2019appalto lavori e l\u2019apertura del cantiere.<\/p>\n<p> \t\u00a0<\/p>\n","protected":false},"excerpt":{"rendered":"<p>I fondi assegnati dalla Regione consentiranno di far fronte all&#8217;aumento dei costi dei materiali. Attesa per l&#8217;approvazione del progetto definitivo-esecutivo<\/p>\n","protected":false},"author":22,"featured_media":49982,"comment_status":"closed","ping_status":"closed","sticky":false,"template":"","format":"standard","meta":{"dwc-title":[],"dwc-content":[],"footnotes":""},"categories":[5],"tags":[],"class_list":["post-49981","post","type-post","status-publish","format-standard","has-post-thumbnail","hentry","category-attualita"],"rttpg_featured_image_url":{"full":["https:\/\/imagazine.it\/wp-content\/uploads\/2024\/02\/54401-1.webp",1000,551,false],"landscape":["https:\/\/imagazine.it\/wp-content\/uploads\/2024\/02\/54401-1.webp",1000,551,false],"portraits":["https:\/\/imagazine.it\/wp-content\/uploads\/2024\/02\/54401-1.webp",1000,551,false],"thumbnail":["https:\/\/imagazine.it\/wp-content\/uploads\/2024\/02\/54401-1-150x150.webp",150,150,true],"medium":["https:\/\/imagazine.it\/wp-content\/uploads\/2024\/02\/54401-1-300x165.webp",300,165,true],"large":["https:\/\/imagazine.it\/wp-content\/uploads\/2024\/02\/54401-1.webp",640,353,false],"thumblist":["https:\/\/imagazine.it\/wp-content\/uploads\/2024\/02\/54401-1-300x300.webp",300,300,true],"thumbrelated":["https:\/\/imagazine.it\/wp-content\/uploads\/2024\/02\/54401-1-500x500.webp",500,500,true],"meccarouselthumb":["https:\/\/imagazine.it\/wp-content\/uploads\/2024\/02\/54401-1-474x324.webp",474,324,true],"gridsquare":["https:\/\/imagazine.it\/wp-content\/uploads\/2024\/02\/54401-1-391x260.webp",391,260,true],"tileview":["https:\/\/imagazine.it\/wp-content\/uploads\/2024\/02\/54401-1-300x400.webp",300,400,true],"1536x1536":["https:\/\/imagazine.it\/wp-content\/uploads\/2024\/02\/54401-1.webp",1000,551,false],"2048x2048":["https:\/\/imagazine.it\/wp-content\/uploads\/2024\/02\/54401-1.webp",1000,551,false],"newsup-slider-full":["https:\/\/imagazine.it\/wp-content\/uploads\/2024\/02\/54401-1.webp",1000,551,false],"newsup-featured":["https:\/\/imagazine.it\/wp-content\/uploads\/2024\/02\/54401-1.webp",1000,551,false],"newsup-medium":["https:\/\/imagazine.it\/wp-content\/uploads\/2024\/02\/54401-1-720x380.webp",720,380,true],"tptn_thumbnail":["https:\/\/imagazine.it\/wp-content\/uploads\/2024\/02\/54401-1.webp",250,138,false],"sow-carousel-default":["https:\/\/imagazine.it\/wp-content\/uploads\/2024\/02\/54401-1.webp",272,150,false]},"rttpg_author":{"display_name":"Livio Nonis","author_link":"https:\/\/imagazine.it\/home_desk\/author\/nonis\/"},"rttpg_comment":0,"rttpg_category":"<a href=\"https:\/\/imagazine.it\/home_desk\/category\/attualita\/\" rel=\"category tag\">ATTUALIT\u00c0<\/a>","rttpg_excerpt":"I fondi assegnati dalla Regione consentiranno di far fronte all'aumento dei costi dei materiali. Attesa per l'approvazione del progetto definitivo-esecutivo","_links":{"self":[{"href":"https:\/\/imagazine.it\/home_desk\/wp-json\/wp\/v2\/posts\/49981","targetHints":{"allow":["GET"]}}],"collection":[{"href":"https:\/\/imagazine.it\/home_desk\/wp-json\/wp\/v2\/posts"}],"about":[{"href":"https:\/\/imagazine.it\/home_desk\/wp-json\/wp\/v2\/types\/post"}],"author":[{"embeddable":true,"href":"https:\/\/imagazine.it\/home_desk\/wp-json\/wp\/v2\/users\/22"}],"replies":[{"embeddable":true,"href":"https:\/\/imagazine.it\/home_desk\/wp-json\/wp\/v2\/comments?post=49981"}],"version-history":[{"count":0,"href":"https:\/\/imagazine.it\/home_desk\/wp-json\/wp\/v2\/posts\/49981\/revisions"}],"wp:featuredmedia":[{"embeddable":true,"href":"https:\/\/imagazine.it\/home_desk\/wp-json\/wp\/v2\/media\/49982"}],"wp:attachment":[{"href":"https:\/\/imagazine.it\/home_desk\/wp-json\/wp\/v2\/media?parent=49981"}],"wp:term":[{"taxonomy":"category","embeddable":true,"href":"https:\/\/imagazine.it\/home_desk\/wp-json\/wp\/v2\/categories?post=49981"},{"taxonomy":"post_tag","embeddable":true,"href":"https:\/\/imagazine.it\/home_desk\/wp-json\/wp\/v2\/tags?post=49981"}],"curies":[{"name":"wp","href":"https:\/\/api.w.org\/{rel}","templated":true}]}}