{"id":49965,"date":"2023-09-14T00:00:00","date_gmt":"2023-09-13T22:00:00","guid":{"rendered":"https:\/\/imagazine.it\/karate-marco-pozzato-al-campionato-europeo-egkf-goju-ryu\/"},"modified":"2023-09-14T00:00:00","modified_gmt":"2023-09-13T22:00:00","slug":"karate-marco-pozzato-al-campionato-europeo-egkf-goju-ryu","status":"publish","type":"post","link":"https:\/\/imagazine.it\/home_desk\/karate-marco-pozzato-al-campionato-europeo-egkf-goju-ryu\/","title":{"rendered":"Karate, Marco Pozzato al Campionato Europeo EGKF Goju-Ryu"},"content":{"rendered":"<p> \tLIEGI (Belgio) \u2013 Dopo gli ottimi risultati al campionato del mondo IKU (International Karate Union), un&#8217;altra sfida attende gli atleti di Cervignano del Friuli al <strong>Campionato Europeo EGKF Goju-Ryu Karate<\/strong>.<\/p>\n<p> \tDa venerd\u00ec a domenica il &#8220;Di Meglio Karate Team&#8221; dello <strong>Sport Planet Cervignano<\/strong>, sar\u00e0 impegnato con la Nazionale italiana che rappresenter\u00e0 il tricolore a questo evento internazionale al quale parteciperanno oltre 700 atleti provenienti da 18 nazioni europee.<\/p>\n<p> \tAl fianco del Maestro <strong>Giovanni Di Meglio<\/strong>, i tecnici <strong>Diego Gruer<\/strong> e <strong>Andrea Pozzato<\/strong> che seguiranno in tutte le fasi di gara l\u2019atleta <strong>Marco Pozzato<\/strong>, gi\u00e0 campione del mondo e pluricampione nazionale.<\/p>\n<p> \t<strong>Martina Namoini<\/strong>, capitano del team cervignanese, nonch\u00e9 vicecampionessa del mondo, in questa occasione sportiva non sar\u00e0 presente poich\u00e9 in preparazione agli europei IKU che si svolgeranno a Novo Mesto (Slovenia) dal 26 al 29 ottobre.<\/p>\n<p> \t\u00a0<\/p>\n","protected":false},"excerpt":{"rendered":"<p>L&#8217;atleta dello Sport Planet Cervignano rappresenter\u00e0 l&#8217;Italia nell&#8217;evento internazionale in cui si confronteranno oltre 700 combattenti<\/p>\n","protected":false},"author":22,"featured_media":49966,"comment_status":"closed","ping_status":"closed","sticky":false,"template":"","format":"standard","meta":{"dwc-title":[],"dwc-content":[],"footnotes":""},"categories":[38],"tags":[],"class_list":["post-49965","post","type-post","status-publish","format-standard","has-post-thumbnail","hentry","category-sport"],"rttpg_featured_image_url":{"full":["https:\/\/imagazine.it\/wp-content\/uploads\/2024\/02\/54384-1.webp",1000,672,false],"landscape":["https:\/\/imagazine.it\/wp-content\/uploads\/2024\/02\/54384-1.webp",1000,672,false],"portraits":["https:\/\/imagazine.it\/wp-content\/uploads\/2024\/02\/54384-1.webp",1000,672,false],"thumbnail":["https:\/\/imagazine.it\/wp-content\/uploads\/2024\/02\/54384-1-150x150.webp",150,150,true],"medium":["https:\/\/imagazine.it\/wp-content\/uploads\/2024\/02\/54384-1-300x202.webp",300,202,true],"large":["https:\/\/imagazine.it\/wp-content\/uploads\/2024\/02\/54384-1.webp",640,430,false],"thumblist":["https:\/\/imagazine.it\/wp-content\/uploads\/2024\/02\/54384-1-300x300.webp",300,300,true],"thumbrelated":["https:\/\/imagazine.it\/wp-content\/uploads\/2024\/02\/54384-1-500x500.webp",500,500,true],"meccarouselthumb":["https:\/\/imagazine.it\/wp-content\/uploads\/2024\/02\/54384-1-474x324.webp",474,324,true],"gridsquare":["https:\/\/imagazine.it\/wp-content\/uploads\/2024\/02\/54384-1-391x260.webp",391,260,true],"tileview":["https:\/\/imagazine.it\/wp-content\/uploads\/2024\/02\/54384-1-300x400.webp",300,400,true],"1536x1536":["https:\/\/imagazine.it\/wp-content\/uploads\/2024\/02\/54384-1.webp",1000,672,false],"2048x2048":["https:\/\/imagazine.it\/wp-content\/uploads\/2024\/02\/54384-1.webp",1000,672,false],"newsup-slider-full":["https:\/\/imagazine.it\/wp-content\/uploads\/2024\/02\/54384-1.webp",1000,672,false],"newsup-featured":["https:\/\/imagazine.it\/wp-content\/uploads\/2024\/02\/54384-1.webp",1000,672,false],"newsup-medium":["https:\/\/imagazine.it\/wp-content\/uploads\/2024\/02\/54384-1-720x380.webp",720,380,true],"tptn_thumbnail":["https:\/\/imagazine.it\/wp-content\/uploads\/2024\/02\/54384-1.webp",250,168,false],"sow-carousel-default":["https:\/\/imagazine.it\/wp-content\/uploads\/2024\/02\/54384-1.webp",272,182,false]},"rttpg_author":{"display_name":"Livio Nonis","author_link":"https:\/\/imagazine.it\/home_desk\/author\/nonis\/"},"rttpg_comment":0,"rttpg_category":"<a href=\"https:\/\/imagazine.it\/home_desk\/category\/sport\/\" rel=\"category tag\">SPORT<\/a>","rttpg_excerpt":"L'atleta dello Sport Planet Cervignano rappresenter\u00e0 l'Italia nell'evento internazionale in cui si confronteranno oltre 700 combattenti","_links":{"self":[{"href":"https:\/\/imagazine.it\/home_desk\/wp-json\/wp\/v2\/posts\/49965","targetHints":{"allow":["GET"]}}],"collection":[{"href":"https:\/\/imagazine.it\/home_desk\/wp-json\/wp\/v2\/posts"}],"about":[{"href":"https:\/\/imagazine.it\/home_desk\/wp-json\/wp\/v2\/types\/post"}],"author":[{"embeddable":true,"href":"https:\/\/imagazine.it\/home_desk\/wp-json\/wp\/v2\/users\/22"}],"replies":[{"embeddable":true,"href":"https:\/\/imagazine.it\/home_desk\/wp-json\/wp\/v2\/comments?post=49965"}],"version-history":[{"count":0,"href":"https:\/\/imagazine.it\/home_desk\/wp-json\/wp\/v2\/posts\/49965\/revisions"}],"wp:featuredmedia":[{"embeddable":true,"href":"https:\/\/imagazine.it\/home_desk\/wp-json\/wp\/v2\/media\/49966"}],"wp:attachment":[{"href":"https:\/\/imagazine.it\/home_desk\/wp-json\/wp\/v2\/media?parent=49965"}],"wp:term":[{"taxonomy":"category","embeddable":true,"href":"https:\/\/imagazine.it\/home_desk\/wp-json\/wp\/v2\/categories?post=49965"},{"taxonomy":"post_tag","embeddable":true,"href":"https:\/\/imagazine.it\/home_desk\/wp-json\/wp\/v2\/tags?post=49965"}],"curies":[{"name":"wp","href":"https:\/\/api.w.org\/{rel}","templated":true}]}}