{"id":49963,"date":"2023-09-13T00:00:00","date_gmt":"2023-09-12T22:00:00","guid":{"rendered":"https:\/\/imagazine.it\/canoa-giovani-trionfo-sangiorgino\/"},"modified":"2023-09-13T00:00:00","modified_gmt":"2023-09-12T22:00:00","slug":"canoa-giovani-trionfo-sangiorgino","status":"publish","type":"post","link":"https:\/\/imagazine.it\/home_desk\/canoa-giovani-trionfo-sangiorgino\/","title":{"rendered":"Canoa Giovani, trionfo sangiorgino"},"content":{"rendered":"<p> \tSAN GIORGIO DI NOGARO \u2013 Continua la marcia trionfale del <strong>Canoa San Giorgio<\/strong> che vince la <strong>competizione nazionale Canoa Giovani<\/strong> per la decima volta negli ultimi undici anni.<\/p>\n<p> \t1.064 giovani canoisti da tutta Italia sono convenuti sul <strong>lago trentino di Caldonazzo<\/strong> e hanno gareggiato dal sabato fino al pomeriggio della domenica nella <em>manche<\/em> decisiva per l\u2019assegnazione del trofeo.<\/p>\n<p> \tI canoisti suddivisi in tre categorie, in base all\u2019et\u00e0, hanno potuto confrontarsi in condizioni meteo ottimali sulle distanze dei 2000 e dei 200 metri su imbarcazioni singole e multiple.<\/p>\n<p> \tIl San Giorgio, sotto la guida tecnica di <strong>Paolo Scrazzolo<\/strong>, aiutato da <strong>Alessio Soardo<\/strong> e <strong>Matteo Venturelli<\/strong>, ha schierato equipaggi nelle specialit\u00e0 kayak e canadese e in virt\u00f9 di questa partecipazione e del gran numero di atleti che ha portato a Caldonazzo \u00e8 riuscito ad accumulare i punti che lo hanno collocato al primo posto della classifica a quota 3.347, davanti alle altre 91societ\u00e0 che vi hanno preso parte.<\/p>\n<p> \tAl secondo posto si \u00e8 classificata la laziale Fiamme Gialle con 1.753 punti e terza la siciliana Naxos con 1.351.<\/p>\n<p> \tOltre alla classifica generale il San Giorgio ha pure vinto quelle del <strong>kayak maschile, kayak femminile e canoa canadese<\/strong>. Grazie a queste vittorie si \u00e8 portato casa la maggior parte dei premi, messi in palio dalla Federcanoa, consistenti in canoe e pagaie che vanno ad icrementare il parco barche della societ\u00e0 della Bassa friulana.<\/p>\n<p> \tPer i giovani canoisti, alcuni alla loro prima trasferta, con due notti a dormire in tenda, \u00e8 stata una bella esperienza prima di fare ritorno nelle aule scolastiche. Ad accompagnare la squadra del San Giorgio oltre al presidente <strong>Luca Scaini<\/strong> c\u2019erano anche <strong>Clara Smilzotti<\/strong>, responsabile del settore U14, <strong>Luigi Scarantino<\/strong>, <strong>Michele Taverna Turisan<\/strong>, responsabile logistico, aiutato da <strong>Marida Del Piccolo<\/strong> nel tenere a bada i pi\u00f9 vivaci e poi i moltissimi genitori che con grande entusiasmo hanno potuto festeggiare assieme ai figli l\u2019ennesima vittoria della canoa sangiorgina.<\/p>\n<p> \t\u00a0<\/p>\n","protected":false},"excerpt":{"rendered":"<p>Gli atleti della compagine friulana sbaragliano la concorrenza nella competizione nazionale U14 per societ\u00e0<\/p>\n","protected":false},"author":22,"featured_media":49964,"comment_status":"closed","ping_status":"closed","sticky":false,"template":"","format":"standard","meta":{"dwc-title":[],"dwc-content":[],"footnotes":""},"categories":[38],"tags":[],"class_list":["post-49963","post","type-post","status-publish","format-standard","has-post-thumbnail","hentry","category-sport"],"rttpg_featured_image_url":{"full":["https:\/\/imagazine.it\/wp-content\/uploads\/2024\/02\/54378-1.webp",1000,547,false],"landscape":["https:\/\/imagazine.it\/wp-content\/uploads\/2024\/02\/54378-1.webp",1000,547,false],"portraits":["https:\/\/imagazine.it\/wp-content\/uploads\/2024\/02\/54378-1.webp",1000,547,false],"thumbnail":["https:\/\/imagazine.it\/wp-content\/uploads\/2024\/02\/54378-1-150x150.webp",150,150,true],"medium":["https:\/\/imagazine.it\/wp-content\/uploads\/2024\/02\/54378-1-300x164.webp",300,164,true],"large":["https:\/\/imagazine.it\/wp-content\/uploads\/2024\/02\/54378-1.webp",640,350,false],"thumblist":["https:\/\/imagazine.it\/wp-content\/uploads\/2024\/02\/54378-1-300x300.webp",300,300,true],"thumbrelated":["https:\/\/imagazine.it\/wp-content\/uploads\/2024\/02\/54378-1-500x500.webp",500,500,true],"meccarouselthumb":["https:\/\/imagazine.it\/wp-content\/uploads\/2024\/02\/54378-1-474x324.webp",474,324,true],"gridsquare":["https:\/\/imagazine.it\/wp-content\/uploads\/2024\/02\/54378-1-391x260.webp",391,260,true],"tileview":["https:\/\/imagazine.it\/wp-content\/uploads\/2024\/02\/54378-1-300x400.webp",300,400,true],"1536x1536":["https:\/\/imagazine.it\/wp-content\/uploads\/2024\/02\/54378-1.webp",1000,547,false],"2048x2048":["https:\/\/imagazine.it\/wp-content\/uploads\/2024\/02\/54378-1.webp",1000,547,false],"newsup-slider-full":["https:\/\/imagazine.it\/wp-content\/uploads\/2024\/02\/54378-1.webp",1000,547,false],"newsup-featured":["https:\/\/imagazine.it\/wp-content\/uploads\/2024\/02\/54378-1.webp",1000,547,false],"newsup-medium":["https:\/\/imagazine.it\/wp-content\/uploads\/2024\/02\/54378-1-720x380.webp",720,380,true],"tptn_thumbnail":["https:\/\/imagazine.it\/wp-content\/uploads\/2024\/02\/54378-1.webp",250,137,false],"sow-carousel-default":["https:\/\/imagazine.it\/wp-content\/uploads\/2024\/02\/54378-1.webp",272,149,false]},"rttpg_author":{"display_name":"Livio Nonis","author_link":"https:\/\/imagazine.it\/home_desk\/author\/nonis\/"},"rttpg_comment":0,"rttpg_category":"<a href=\"https:\/\/imagazine.it\/home_desk\/category\/sport\/\" rel=\"category tag\">SPORT<\/a>","rttpg_excerpt":"Gli atleti della compagine friulana sbaragliano la concorrenza nella competizione nazionale U14 per societ\u00e0","_links":{"self":[{"href":"https:\/\/imagazine.it\/home_desk\/wp-json\/wp\/v2\/posts\/49963","targetHints":{"allow":["GET"]}}],"collection":[{"href":"https:\/\/imagazine.it\/home_desk\/wp-json\/wp\/v2\/posts"}],"about":[{"href":"https:\/\/imagazine.it\/home_desk\/wp-json\/wp\/v2\/types\/post"}],"author":[{"embeddable":true,"href":"https:\/\/imagazine.it\/home_desk\/wp-json\/wp\/v2\/users\/22"}],"replies":[{"embeddable":true,"href":"https:\/\/imagazine.it\/home_desk\/wp-json\/wp\/v2\/comments?post=49963"}],"version-history":[{"count":0,"href":"https:\/\/imagazine.it\/home_desk\/wp-json\/wp\/v2\/posts\/49963\/revisions"}],"wp:featuredmedia":[{"embeddable":true,"href":"https:\/\/imagazine.it\/home_desk\/wp-json\/wp\/v2\/media\/49964"}],"wp:attachment":[{"href":"https:\/\/imagazine.it\/home_desk\/wp-json\/wp\/v2\/media?parent=49963"}],"wp:term":[{"taxonomy":"category","embeddable":true,"href":"https:\/\/imagazine.it\/home_desk\/wp-json\/wp\/v2\/categories?post=49963"},{"taxonomy":"post_tag","embeddable":true,"href":"https:\/\/imagazine.it\/home_desk\/wp-json\/wp\/v2\/tags?post=49963"}],"curies":[{"name":"wp","href":"https:\/\/api.w.org\/{rel}","templated":true}]}}