{"id":49961,"date":"2023-09-13T00:00:00","date_gmt":"2023-09-12T22:00:00","guid":{"rendered":"https:\/\/imagazine.it\/rugby-trieste-punta-sullalleanza-friulana\/"},"modified":"2023-09-13T00:00:00","modified_gmt":"2023-09-12T22:00:00","slug":"rugby-trieste-punta-sullalleanza-friulana","status":"publish","type":"post","link":"https:\/\/imagazine.it\/home_desk\/rugby-trieste-punta-sullalleanza-friulana\/","title":{"rendered":"Rugby, Trieste punta sull&#8217;alleanza friulana"},"content":{"rendered":"<p> \tTRIESTE \u2013 Presentati gli <strong>atleti del Venjulia Rugby Trieste <\/strong>che, nelle diverse categorie, affronteranno la stagione agonistica 2023\/24.<\/p>\n<p> \tDalla categoria <strong>Under 6<\/strong> fino a giungere alla <strong>prima squadra<\/strong>, che quest\u2019anno sar\u00e0 impegnata nel <strong>Campionato di serie C Triveneto<\/strong>, passando per l\u2019intero <strong>settore giovanile<\/strong> fino ad arrivare agli <strong>Old-Veterani Over 35<\/strong>, gli atleti del sodalizio presieduto da <strong>Maurizio Boz<\/strong> sono stati presentati nella <strong>\u201cSala Imperatore\u201d dell\u2019Hotel Savoia Excelsior <\/strong>da <strong>Leonardo Zannier<\/strong>, cantante, attore e regista che non ha mai smesso di praticare il rugby.<\/p>\n<p> \tL\u2019occasione \u00e8 servita anche per <strong>presentare il nuovo direttivo<\/strong> <strong>del Venjulia<\/strong> e soprattutto per illustrare le attivit\u00e0 agonistiche della stagione che \u00e8 alle porte.<\/p>\n<p> \tIl <strong>campo \u201cErvatti\u201d di Borgo Grotta Gigante<\/strong> ha infatti accolto, dopo la pausa estiva, i circa <strong>200 tesserati, maschi e femmine<\/strong>, che hanno scelto di misurarsi nel gioco della palla ovale, assieme a un gruppo di tecnici che li stanno allenando a uno sport dalla forte valenza educativa.<\/p>\n<p> \tLa stagione che sta per iniziare presenta gi\u00e0 una importante novit\u00e0, dal momento che la societ\u00e0 del presidente Boz, giunto al suo secondo mandato, ha stretto una <strong>sinergia con il Juvenilia Rugby di Bagnaria Arsa<\/strong>, sodalizio con il quale i biancorossi collaboreranno per il settore giovanile.<\/p>\n<p> \tGli allenatori e i dirigenti hanno infine rilanciato l\u2019appuntamento di <strong>domenica 24 settembre: a partire dalle 10.30, presso il campo \u201cErvatti, il consueto \u201cOpen day\u201d<\/strong> permetter\u00e0 a tutti i bambini e le bambine, dai 4 anni in su, di avvicinarsi a questo sport, anche solo per correre dietro a una palla ovale e per vedere l\u2019effetto che fa.<\/p>\n<p> \t\u00a0<\/p>\n","protected":false},"excerpt":{"rendered":"<p>Accordo con il Juvenilia Bagnaria Arsa per la valorizzazione del settore giovanile. La prima squadra sar\u00e0 impegnata invece nel campionato di serie C Triveneto<\/p>\n","protected":false},"author":28,"featured_media":49962,"comment_status":"closed","ping_status":"closed","sticky":false,"template":"","format":"standard","meta":{"dwc-title":[],"dwc-content":[],"footnotes":""},"categories":[38],"tags":[],"class_list":["post-49961","post","type-post","status-publish","format-standard","has-post-thumbnail","hentry","category-sport"],"rttpg_featured_image_url":{"full":["https:\/\/imagazine.it\/wp-content\/uploads\/2024\/02\/54376-1.webp",1000,412,false],"landscape":["https:\/\/imagazine.it\/wp-content\/uploads\/2024\/02\/54376-1.webp",1000,412,false],"portraits":["https:\/\/imagazine.it\/wp-content\/uploads\/2024\/02\/54376-1.webp",1000,412,false],"thumbnail":["https:\/\/imagazine.it\/wp-content\/uploads\/2024\/02\/54376-1-150x150.webp",150,150,true],"medium":["https:\/\/imagazine.it\/wp-content\/uploads\/2024\/02\/54376-1-300x124.webp",300,124,true],"large":["https:\/\/imagazine.it\/wp-content\/uploads\/2024\/02\/54376-1.webp",640,264,false],"thumblist":["https:\/\/imagazine.it\/wp-content\/uploads\/2024\/02\/54376-1-300x300.webp",300,300,true],"thumbrelated":["https:\/\/imagazine.it\/wp-content\/uploads\/2024\/02\/54376-1-500x412.webp",500,412,true],"meccarouselthumb":["https:\/\/imagazine.it\/wp-content\/uploads\/2024\/02\/54376-1-474x324.webp",474,324,true],"gridsquare":["https:\/\/imagazine.it\/wp-content\/uploads\/2024\/02\/54376-1-391x260.webp",391,260,true],"tileview":["https:\/\/imagazine.it\/wp-content\/uploads\/2024\/02\/54376-1-300x400.webp",300,400,true],"1536x1536":["https:\/\/imagazine.it\/wp-content\/uploads\/2024\/02\/54376-1.webp",1000,412,false],"2048x2048":["https:\/\/imagazine.it\/wp-content\/uploads\/2024\/02\/54376-1.webp",1000,412,false],"newsup-slider-full":["https:\/\/imagazine.it\/wp-content\/uploads\/2024\/02\/54376-1.webp",1000,412,false],"newsup-featured":["https:\/\/imagazine.it\/wp-content\/uploads\/2024\/02\/54376-1.webp",1000,412,false],"newsup-medium":["https:\/\/imagazine.it\/wp-content\/uploads\/2024\/02\/54376-1-720x380.webp",720,380,true],"tptn_thumbnail":["https:\/\/imagazine.it\/wp-content\/uploads\/2024\/02\/54376-1.webp",250,103,false],"sow-carousel-default":["https:\/\/imagazine.it\/wp-content\/uploads\/2024\/02\/54376-1.webp",272,112,false]},"rttpg_author":{"display_name":"redazione","author_link":"https:\/\/imagazine.it\/home_desk\/author\/redazione\/"},"rttpg_comment":0,"rttpg_category":"<a href=\"https:\/\/imagazine.it\/home_desk\/category\/sport\/\" rel=\"category tag\">SPORT<\/a>","rttpg_excerpt":"Accordo con il Juvenilia Bagnaria Arsa per la valorizzazione del settore giovanile. La prima squadra sar\u00e0 impegnata invece nel campionato di serie C Triveneto","_links":{"self":[{"href":"https:\/\/imagazine.it\/home_desk\/wp-json\/wp\/v2\/posts\/49961","targetHints":{"allow":["GET"]}}],"collection":[{"href":"https:\/\/imagazine.it\/home_desk\/wp-json\/wp\/v2\/posts"}],"about":[{"href":"https:\/\/imagazine.it\/home_desk\/wp-json\/wp\/v2\/types\/post"}],"author":[{"embeddable":true,"href":"https:\/\/imagazine.it\/home_desk\/wp-json\/wp\/v2\/users\/28"}],"replies":[{"embeddable":true,"href":"https:\/\/imagazine.it\/home_desk\/wp-json\/wp\/v2\/comments?post=49961"}],"version-history":[{"count":0,"href":"https:\/\/imagazine.it\/home_desk\/wp-json\/wp\/v2\/posts\/49961\/revisions"}],"wp:featuredmedia":[{"embeddable":true,"href":"https:\/\/imagazine.it\/home_desk\/wp-json\/wp\/v2\/media\/49962"}],"wp:attachment":[{"href":"https:\/\/imagazine.it\/home_desk\/wp-json\/wp\/v2\/media?parent=49961"}],"wp:term":[{"taxonomy":"category","embeddable":true,"href":"https:\/\/imagazine.it\/home_desk\/wp-json\/wp\/v2\/categories?post=49961"},{"taxonomy":"post_tag","embeddable":true,"href":"https:\/\/imagazine.it\/home_desk\/wp-json\/wp\/v2\/tags?post=49961"}],"curies":[{"name":"wp","href":"https:\/\/api.w.org\/{rel}","templated":true}]}}