{"id":49951,"date":"2023-09-09T00:00:00","date_gmt":"2023-09-08T22:00:00","guid":{"rendered":"https:\/\/imagazine.it\/cervignano-colletta-didattica-per-gli-studenti-bisognosi\/"},"modified":"2023-09-09T00:00:00","modified_gmt":"2023-09-08T22:00:00","slug":"cervignano-colletta-didattica-per-gli-studenti-bisognosi","status":"publish","type":"post","link":"https:\/\/imagazine.it\/home_desk\/cervignano-colletta-didattica-per-gli-studenti-bisognosi\/","title":{"rendered":"Cervignano, colletta didattica per gli studenti bisognosi"},"content":{"rendered":"<p> \tCERVIGNANO DEL FRIULI \u2013 Gi\u00e0 suonata la campanella del primo giorno di scuola, l\u2019universo scolastico ha intrapreso il suo cammino.<\/p>\n<p> \tNon tutti i ragazzi e le ragazze hanno per\u00f2 quello che serve per seguire in modo fattivo le lezioni o per svolgere i compiti assegnati.<\/p>\n<p> \tCome da molti anni accade, in prossimit\u00e0 dell\u2019inizio dell\u2019anno scolastico a Cervignano del Friuli la <strong>Coop Alleanza 3.0<\/strong> di via Ferrovia Vecchia, con la collaborazione attiva della <strong>Caritas parrocchiale<\/strong>, ha organizzo la \u201c<strong><em>Colletta Didattica<\/em><\/strong>\u201d. All\u2019entrata del supermercato, dalle 8.30 fino alla chiusura, i volontari della \u201cCaritas\u201d hanno consegnato ai clienti, dando le giuste indicazioni, delle buste nelle quali all\u2019uscita potevano donare quaderni, penne, gomme, colori e qualsiasi oggetto utile per la scuola.<\/p>\n<p> \tA fine della giornata sono stati scansionati 916 oggetti.<\/p>\n<p> \tIl tutto \u00e8 stato portato all\u2019\u201cEmporio della Solidariet\u00e0\u201d di via Trieste dove ci\u00f2 che \u00e8 stato donato sar\u00e0 distribuito tra le famiglie clienti dell\u2019emporio.<\/p>\n<p> \tIn questo periodo le famiglie che fanno richiesta sono aumentate, superando la settantina.<\/p>\n<p> \t\u00a0<\/p>\n","protected":false},"excerpt":{"rendered":"<p>Quanto donato \u00e8 stato consegnato all&#8217;Emporio della solidariet\u00e0 che lo far\u00e0 avere alle famiglie seguite<\/p>\n","protected":false},"author":22,"featured_media":49952,"comment_status":"closed","ping_status":"closed","sticky":false,"template":"","format":"standard","meta":{"dwc-title":[],"dwc-content":[],"footnotes":""},"categories":[5],"tags":[],"class_list":["post-49951","post","type-post","status-publish","format-standard","has-post-thumbnail","hentry","category-attualita"],"rttpg_featured_image_url":{"full":["https:\/\/imagazine.it\/wp-content\/uploads\/2024\/02\/54361-1.webp",1000,750,false],"landscape":["https:\/\/imagazine.it\/wp-content\/uploads\/2024\/02\/54361-1.webp",1000,750,false],"portraits":["https:\/\/imagazine.it\/wp-content\/uploads\/2024\/02\/54361-1.webp",1000,750,false],"thumbnail":["https:\/\/imagazine.it\/wp-content\/uploads\/2024\/02\/54361-1-150x150.webp",150,150,true],"medium":["https:\/\/imagazine.it\/wp-content\/uploads\/2024\/02\/54361-1-300x225.webp",300,225,true],"large":["https:\/\/imagazine.it\/wp-content\/uploads\/2024\/02\/54361-1.webp",640,480,false],"thumblist":["https:\/\/imagazine.it\/wp-content\/uploads\/2024\/02\/54361-1-300x300.webp",300,300,true],"thumbrelated":["https:\/\/imagazine.it\/wp-content\/uploads\/2024\/02\/54361-1-500x500.webp",500,500,true],"meccarouselthumb":["https:\/\/imagazine.it\/wp-content\/uploads\/2024\/02\/54361-1-474x324.webp",474,324,true],"gridsquare":["https:\/\/imagazine.it\/wp-content\/uploads\/2024\/02\/54361-1-391x260.webp",391,260,true],"tileview":["https:\/\/imagazine.it\/wp-content\/uploads\/2024\/02\/54361-1-300x400.webp",300,400,true],"1536x1536":["https:\/\/imagazine.it\/wp-content\/uploads\/2024\/02\/54361-1.webp",1000,750,false],"2048x2048":["https:\/\/imagazine.it\/wp-content\/uploads\/2024\/02\/54361-1.webp",1000,750,false],"newsup-slider-full":["https:\/\/imagazine.it\/wp-content\/uploads\/2024\/02\/54361-1-1000x720.webp",1000,720,true],"newsup-featured":["https:\/\/imagazine.it\/wp-content\/uploads\/2024\/02\/54361-1.webp",1000,750,false],"newsup-medium":["https:\/\/imagazine.it\/wp-content\/uploads\/2024\/02\/54361-1-720x380.webp",720,380,true],"tptn_thumbnail":["https:\/\/imagazine.it\/wp-content\/uploads\/2024\/02\/54361-1.webp",250,188,false],"sow-carousel-default":["https:\/\/imagazine.it\/wp-content\/uploads\/2024\/02\/54361-1.webp",243,182,false]},"rttpg_author":{"display_name":"Livio Nonis","author_link":"https:\/\/imagazine.it\/home_desk\/author\/nonis\/"},"rttpg_comment":0,"rttpg_category":"<a href=\"https:\/\/imagazine.it\/home_desk\/category\/attualita\/\" rel=\"category tag\">ATTUALIT\u00c0<\/a>","rttpg_excerpt":"Quanto donato \u00e8 stato consegnato all'Emporio della solidariet\u00e0 che lo far\u00e0 avere alle famiglie seguite","_links":{"self":[{"href":"https:\/\/imagazine.it\/home_desk\/wp-json\/wp\/v2\/posts\/49951","targetHints":{"allow":["GET"]}}],"collection":[{"href":"https:\/\/imagazine.it\/home_desk\/wp-json\/wp\/v2\/posts"}],"about":[{"href":"https:\/\/imagazine.it\/home_desk\/wp-json\/wp\/v2\/types\/post"}],"author":[{"embeddable":true,"href":"https:\/\/imagazine.it\/home_desk\/wp-json\/wp\/v2\/users\/22"}],"replies":[{"embeddable":true,"href":"https:\/\/imagazine.it\/home_desk\/wp-json\/wp\/v2\/comments?post=49951"}],"version-history":[{"count":0,"href":"https:\/\/imagazine.it\/home_desk\/wp-json\/wp\/v2\/posts\/49951\/revisions"}],"wp:featuredmedia":[{"embeddable":true,"href":"https:\/\/imagazine.it\/home_desk\/wp-json\/wp\/v2\/media\/49952"}],"wp:attachment":[{"href":"https:\/\/imagazine.it\/home_desk\/wp-json\/wp\/v2\/media?parent=49951"}],"wp:term":[{"taxonomy":"category","embeddable":true,"href":"https:\/\/imagazine.it\/home_desk\/wp-json\/wp\/v2\/categories?post=49951"},{"taxonomy":"post_tag","embeddable":true,"href":"https:\/\/imagazine.it\/home_desk\/wp-json\/wp\/v2\/tags?post=49951"}],"curies":[{"name":"wp","href":"https:\/\/api.w.org\/{rel}","templated":true}]}}