{"id":49947,"date":"2023-09-12T00:00:00","date_gmt":"2023-09-11T22:00:00","guid":{"rendered":"https:\/\/imagazine.it\/minoranze-europee-la-filologica-entra-nella-fuen\/"},"modified":"2023-09-12T00:00:00","modified_gmt":"2023-09-11T22:00:00","slug":"minoranze-europee-la-filologica-entra-nella-fuen","status":"publish","type":"post","link":"https:\/\/imagazine.it\/home_desk\/minoranze-europee-la-filologica-entra-nella-fuen\/","title":{"rendered":"Minoranze europee, la filologica entra nella FUEN"},"content":{"rendered":"<p> \tUDINE \u2013 La <strong>Societ\u00e0 Filologica Friulana<\/strong> \u00e8 entrata a far parte della <strong>Unione Federale delle Nazionalit\u00e0 Europee<\/strong> (FUEN), la federazione che opera per la salvaguardia e la promozione dell&#8217;identit\u00e0, della lingua, della cultura, dei diritti e delle tradizioni delle minoranze europee ed \u00e8 la voce delle minoranze nelle organizzazioni internazionali, nell&#8217;Unione Europea, nel Consiglio d&#8217;Europa, nelle Nazioni Unite e nell&#8217;OSCE.<\/p>\n<p> \tLa FUEN raccoglie oltre 100 organizzazioni di 26 paesi europei in rappresentanza delle minoranze nazionali, nazionalit\u00e0 e gruppi linguistici autoctoni d\u2019Europa.<\/p>\n<p> \tL\u2019ammissione della Societ\u00e0 Filologica Friulana \u00e8 stata votata all\u2019unanimit\u00e0 dall\u2019Assemblea dei delegati di sabato scorso, nel <strong>Congresso annuale della FUEN che si \u00e8 tenuto a P\u00e9cs in Ungheria<\/strong>.<\/p>\n<p> \tA rappresentare la Filologica al Congresso \u00e8 stato il direttore della Societ\u00e0, <strong>Feliciano Medeot<\/strong>, che ha illustrato ai partecipanti la storia e le principali attivit\u00e0 dello storico sodalizio: organizzazione di eventi e iniziative, attivit\u00e0 editoriale, gestione della biblioteca di riferimento per la comunit\u00e0 linguistica friulana e del Centro regionale di documentazione, ricerca e sperimentazione didattica per la scuola friulana (DocuScuele).<\/p>\n<p> \tLe ragioni che hanno spinto la Societ\u00e0 a chiedere l\u2019ammissione alla FUEN sono molteplici. Come ricordato da Medeot nel corso del suo intervento \u201cinnanzitutto per rappresentare la comunit\u00e0 friulana, seconda comunit\u00e0 linguistica italiana come numero di parlanti\u201d e, non di meno, la considerazione che \u201cla tutela dei diritti della comunit\u00e0 linguistica friulana potr\u00e0 essere facilitata dalla collaborazione e dal confronto con altre realt\u00e0 europee\u201d.<\/p>\n<p> \tDella FUEN fanno parte anche diverse organizzazioni in rappresentanza di minoranze presenti sul territorio italiano. Tra queste si segnalano la S\u00fcdtiroler Volkspartei (SVP), l\u2019Unione Slovena, la Confederazione delle organizzazioni slovene in Italia (SSO), l\u2019Unione degli sloveni in Italia (SKGZ), la Union Generela dei Ladins dla Dolomites.<\/p>\n<p> \t\u00a0<\/p>\n","protected":false},"excerpt":{"rendered":"<p>La federazione raccoglie oltre 100 organizzazioni di 26 paesi europei in rappresentanza delle minoranze nazionali, nazionalit\u00e0 e gruppi linguistici autoctoni d\u2019Europa<\/p>\n","protected":false},"author":28,"featured_media":49948,"comment_status":"closed","ping_status":"closed","sticky":false,"template":"","format":"standard","meta":{"dwc-title":[],"dwc-content":[],"footnotes":""},"categories":[5],"tags":[],"class_list":["post-49947","post","type-post","status-publish","format-standard","has-post-thumbnail","hentry","category-attualita"],"rttpg_featured_image_url":{"full":["https:\/\/imagazine.it\/wp-content\/uploads\/2024\/02\/54355-1.webp",1000,750,false],"landscape":["https:\/\/imagazine.it\/wp-content\/uploads\/2024\/02\/54355-1.webp",1000,750,false],"portraits":["https:\/\/imagazine.it\/wp-content\/uploads\/2024\/02\/54355-1.webp",1000,750,false],"thumbnail":["https:\/\/imagazine.it\/wp-content\/uploads\/2024\/02\/54355-1-150x150.webp",150,150,true],"medium":["https:\/\/imagazine.it\/wp-content\/uploads\/2024\/02\/54355-1-300x225.webp",300,225,true],"large":["https:\/\/imagazine.it\/wp-content\/uploads\/2024\/02\/54355-1.webp",640,480,false],"thumblist":["https:\/\/imagazine.it\/wp-content\/uploads\/2024\/02\/54355-1-300x300.webp",300,300,true],"thumbrelated":["https:\/\/imagazine.it\/wp-content\/uploads\/2024\/02\/54355-1-500x500.webp",500,500,true],"meccarouselthumb":["https:\/\/imagazine.it\/wp-content\/uploads\/2024\/02\/54355-1-474x324.webp",474,324,true],"gridsquare":["https:\/\/imagazine.it\/wp-content\/uploads\/2024\/02\/54355-1-391x260.webp",391,260,true],"tileview":["https:\/\/imagazine.it\/wp-content\/uploads\/2024\/02\/54355-1-300x400.webp",300,400,true],"1536x1536":["https:\/\/imagazine.it\/wp-content\/uploads\/2024\/02\/54355-1.webp",1000,750,false],"2048x2048":["https:\/\/imagazine.it\/wp-content\/uploads\/2024\/02\/54355-1.webp",1000,750,false],"newsup-slider-full":["https:\/\/imagazine.it\/wp-content\/uploads\/2024\/02\/54355-1-1000x720.webp",1000,720,true],"newsup-featured":["https:\/\/imagazine.it\/wp-content\/uploads\/2024\/02\/54355-1.webp",1000,750,false],"newsup-medium":["https:\/\/imagazine.it\/wp-content\/uploads\/2024\/02\/54355-1-720x380.webp",720,380,true],"tptn_thumbnail":["https:\/\/imagazine.it\/wp-content\/uploads\/2024\/02\/54355-1.webp",250,188,false],"sow-carousel-default":["https:\/\/imagazine.it\/wp-content\/uploads\/2024\/02\/54355-1.webp",243,182,false]},"rttpg_author":{"display_name":"redazione","author_link":"https:\/\/imagazine.it\/home_desk\/author\/redazione\/"},"rttpg_comment":0,"rttpg_category":"<a href=\"https:\/\/imagazine.it\/home_desk\/category\/attualita\/\" rel=\"category tag\">ATTUALIT\u00c0<\/a>","rttpg_excerpt":"La federazione raccoglie oltre 100 organizzazioni di 26 paesi europei in rappresentanza delle minoranze nazionali, nazionalit\u00e0 e gruppi linguistici autoctoni d\u2019Europa","_links":{"self":[{"href":"https:\/\/imagazine.it\/home_desk\/wp-json\/wp\/v2\/posts\/49947","targetHints":{"allow":["GET"]}}],"collection":[{"href":"https:\/\/imagazine.it\/home_desk\/wp-json\/wp\/v2\/posts"}],"about":[{"href":"https:\/\/imagazine.it\/home_desk\/wp-json\/wp\/v2\/types\/post"}],"author":[{"embeddable":true,"href":"https:\/\/imagazine.it\/home_desk\/wp-json\/wp\/v2\/users\/28"}],"replies":[{"embeddable":true,"href":"https:\/\/imagazine.it\/home_desk\/wp-json\/wp\/v2\/comments?post=49947"}],"version-history":[{"count":0,"href":"https:\/\/imagazine.it\/home_desk\/wp-json\/wp\/v2\/posts\/49947\/revisions"}],"wp:featuredmedia":[{"embeddable":true,"href":"https:\/\/imagazine.it\/home_desk\/wp-json\/wp\/v2\/media\/49948"}],"wp:attachment":[{"href":"https:\/\/imagazine.it\/home_desk\/wp-json\/wp\/v2\/media?parent=49947"}],"wp:term":[{"taxonomy":"category","embeddable":true,"href":"https:\/\/imagazine.it\/home_desk\/wp-json\/wp\/v2\/categories?post=49947"},{"taxonomy":"post_tag","embeddable":true,"href":"https:\/\/imagazine.it\/home_desk\/wp-json\/wp\/v2\/tags?post=49947"}],"curies":[{"name":"wp","href":"https:\/\/api.w.org\/{rel}","templated":true}]}}