{"id":49945,"date":"2023-09-12T00:00:00","date_gmt":"2023-09-11T22:00:00","guid":{"rendered":"https:\/\/imagazine.it\/da-duino-aurisina-a-gorizia-multimedialita-nei-parchi\/"},"modified":"2023-09-12T00:00:00","modified_gmt":"2023-09-11T22:00:00","slug":"da-duino-aurisina-a-gorizia-multimedialita-nei-parchi","status":"publish","type":"post","link":"https:\/\/imagazine.it\/home_desk\/da-duino-aurisina-a-gorizia-multimedialita-nei-parchi\/","title":{"rendered":"Da Duino Aurisina a Gorizia, multimedialit\u00e0 nei parchi"},"content":{"rendered":"<p> \tDUINO AURISINA \/ GORIZIA \u2013 Nell\u2019ambito della 9\u00aa edizione de \u2018<em>L\u2019Energia dei Luoghi \u2013 Festival del vento e della pietra<\/em>\u2019 si apre <strong>all\u2019Adventure Park Trieste a Ceroglie<\/strong> (Duino Aurisina), <strong>sabato 16 settembre<\/strong>, il progetto multimediale \u201c<strong>Fine del confine<\/strong>\u201d, ideato da <strong>Manolo Cocho, Guillermo Giampietro, Maria Campitelli e Fabiola Faidiga<\/strong>, promosso dall\u2019Associazione CASA C.A.V.E. Contemporary Art Visogliano Vi\u017eovlje Europe in sinergia con l\u2019Associazione Prologo di Gorizia e il Gori\u0161ki muzej Kromberk &#8211; Nova Gorica in proiezione GO!25.<\/p>\n<p> \tLa rassegna comprende Land Art, mostre d\u2019arte visiva, incontri culturali, performance, laboratori presso i tre parchi, con la presenza di artisti locali e internazionali e appuntamenti, oltre che all\u2019Adventure Park Trieste \/ Ceroglie anche al <strong>Parco Basaglia a Gorizia<\/strong> e al <strong>Parco Castello di Kromberk a Nova Gorica<\/strong>, in Slovenia.<\/p>\n<p> \tPrimo evento, con inizio alle ore <strong>9.30<\/strong>, la <strong>visita guidata alle installazioni di Land Art<\/strong>, \u201cMeraviglie del parco &#8211; Animali fantastici\u201d, segnali creativi che scorrono nell\u2019armonia universale del sistema natura: un\u2019occasione per scoprire le opere degli artisti <strong>Devid Strussiat, Laura Malacart, Manolo Cocho, Majda Gregoric, Maja Pogacnik, Paola Pisani, Pierpaolo Ciana, Marco Bogar, Cecilia Donaggio Luzzato Fegiz, Rodolfo Liprandi, Cristina Lombardo, Simone Paulin, Aleksander Veliscek<\/strong>. Organizzata in collaborazione con Trieste Adventure Park, Restate Agganciati, Gravit\u00e0 Zero, Aeson, Gruppo78.<\/p>\n<p> \tSegue, alle 10.30, il <strong>laboratorio \u201c<em>La rinascita dei muretti a secco<\/em>\u201d<\/strong> a cura dell\u2019architetto <strong>Danilo Antoni<\/strong>, in collaborazione con Partnerstvo za Ohranitev in Popularizacijo Kra\u0161ke Suhozidne Gradnje \/ Partenariato per la Conservazione e Divulgazione dell\u2019Edilizia Carsica in Pietra a Secco. L\u2019incontro, aperto a tutti, introduce al sistema ricostruttivo e tramanda l\u2019esperienza alle nuove generazioni della costruzione in pietra a secco, patrimonio immateriale dell\u2019Unesco, parte dell\u2019identit\u00e0 degli abitanti del Carso. Organizzato in collaborazione con Agriturismo Juna.Per info e iscrizioni: \u2028<a href=\"mailto:antoni.danilo.55@gmail.com\">antoni.danilo.55@gmail.com<\/a> \/ cell. 335 8388373<\/p>\n<p> \tSi prosegue nel pomeriggio a <strong>Gorizia, con appuntamento alle 15 al Parco Basaglia<\/strong>, in via Vittorio Veneto 171, per un <strong>dibattito su \u201c<em>Idee e progetti artistico\/culturali per il Parco Basaglia, verso e oltre GO!25<\/em>\u201d<\/strong>, al quale parteciperanno personalit\u00e0 del mondo dell\u2019arte, della cultura e delle istituzioni, in sinergia con Il Lunatico Festival.<br \/> \tSegue <strong>alle 17 il progetto \u201c<em>Qui ma altrove. L\u2019essenza dell\u2019assenza &#8211; Frammenti di un incontro condiviso<\/em>\u201d,<\/strong> organizzato dall\u2019Associazione Prologo, con l\u2019apertura di una mostra che, attraverso la partecipazione di numerosi artisti visivi, affronta tematiche di grande attualit\u00e0. \u201cL\u2019assenza e l\u2019altrove\u201d, nel pi\u00f9 ampio ventaglio di possibili interpretazioni e dimensioni in questo periodo di grandi tensioni internazionali che pervadono la vita dei singoli e delle comunit\u00e0.<\/p>\n<p> \tIl progetto, a cura di Livio Caruso DDS, trova il suo perno essenziale nella figura di Franco Basaglia e nel Parco omonimo goriziano. Artisti partecipanti: <strong>Daniele Bredeon, Alberto Caruso, \u2028Livio Caruso_DDS, Laura Grusovin, Francesco Imbimbo, Cristina Suligoi, Fernanda Veron, Guillermo Giampietro, Pranvera Gilaj, Fabio Grassi, Pierina Malatesta, Agnese Melchiorri, Alessandro Melchiorri, Lin Delija, Maurizio Gerini, Flavio Riz, Umbro Battaglini, Roman Romanyshyn<\/strong>.<\/p>\n<p> \tLa rassegna si conclude <strong>domenica 17 settembre, alle 17.30<\/strong>, al <strong>Parco Castello di Kromberk \/ Grajska cesta 1, Nova Gorica<\/strong> (Slo) con l\u2019inaugurazione delle installazioni di Land Art e performance, in collaborazione con Gori\u0161ki muzej Kromberk &#8211; Nova Gorica (Slo), a cura di <strong>Katarina Bre\u0161an<\/strong>, opere degli artisti: <strong>Vanja Mervi\u010d, Nika \u0160imac, Luka \u0160iroc<\/strong>.<strong> <\/strong><\/p>\n<p> \t<strong>Alle 20.30 la performance \u201cZoologia fantastica\u201d<\/strong> di Guillermo Giampietro, con Laura Baracetti e\u00a0 Pavel Berdon: azione artistica in italiano e sloveno con proiezione fantastica tratta dal manuale di Jorge Luis Borges.<\/p>\n<p> \t\u00a0<\/p>\n","protected":false},"excerpt":{"rendered":"<p>Coinvolto anche il Castello di Kromberk in Slovenia: un week end di laboratori artistici ed eventi culturali<\/p>\n","protected":false},"author":28,"featured_media":49946,"comment_status":"closed","ping_status":"closed","sticky":false,"template":"","format":"standard","meta":{"dwc-title":[],"dwc-content":[],"footnotes":""},"categories":[37],"tags":[],"class_list":["post-49945","post","type-post","status-publish","format-standard","has-post-thumbnail","hentry","category-cultura-e-spettacolo"],"rttpg_featured_image_url":{"full":["https:\/\/imagazine.it\/wp-content\/uploads\/2024\/02\/54354-1.webp",1000,750,false],"landscape":["https:\/\/imagazine.it\/wp-content\/uploads\/2024\/02\/54354-1.webp",1000,750,false],"portraits":["https:\/\/imagazine.it\/wp-content\/uploads\/2024\/02\/54354-1.webp",1000,750,false],"thumbnail":["https:\/\/imagazine.it\/wp-content\/uploads\/2024\/02\/54354-1-150x150.webp",150,150,true],"medium":["https:\/\/imagazine.it\/wp-content\/uploads\/2024\/02\/54354-1-300x225.webp",300,225,true],"large":["https:\/\/imagazine.it\/wp-content\/uploads\/2024\/02\/54354-1.webp",640,480,false],"thumblist":["https:\/\/imagazine.it\/wp-content\/uploads\/2024\/02\/54354-1-300x300.webp",300,300,true],"thumbrelated":["https:\/\/imagazine.it\/wp-content\/uploads\/2024\/02\/54354-1-500x500.webp",500,500,true],"meccarouselthumb":["https:\/\/imagazine.it\/wp-content\/uploads\/2024\/02\/54354-1-474x324.webp",474,324,true],"gridsquare":["https:\/\/imagazine.it\/wp-content\/uploads\/2024\/02\/54354-1-391x260.webp",391,260,true],"tileview":["https:\/\/imagazine.it\/wp-content\/uploads\/2024\/02\/54354-1-300x400.webp",300,400,true],"1536x1536":["https:\/\/imagazine.it\/wp-content\/uploads\/2024\/02\/54354-1.webp",1000,750,false],"2048x2048":["https:\/\/imagazine.it\/wp-content\/uploads\/2024\/02\/54354-1.webp",1000,750,false],"newsup-slider-full":["https:\/\/imagazine.it\/wp-content\/uploads\/2024\/02\/54354-1-1000x720.webp",1000,720,true],"newsup-featured":["https:\/\/imagazine.it\/wp-content\/uploads\/2024\/02\/54354-1.webp",1000,750,false],"newsup-medium":["https:\/\/imagazine.it\/wp-content\/uploads\/2024\/02\/54354-1-720x380.webp",720,380,true],"tptn_thumbnail":["https:\/\/imagazine.it\/wp-content\/uploads\/2024\/02\/54354-1.webp",250,188,false],"sow-carousel-default":["https:\/\/imagazine.it\/wp-content\/uploads\/2024\/02\/54354-1.webp",243,182,false]},"rttpg_author":{"display_name":"redazione","author_link":"https:\/\/imagazine.it\/home_desk\/author\/redazione\/"},"rttpg_comment":0,"rttpg_category":"<a href=\"https:\/\/imagazine.it\/home_desk\/category\/cultura-e-spettacolo\/\" rel=\"category tag\">CULTURA&amp;SPETTACOLO<\/a>","rttpg_excerpt":"Coinvolto anche il Castello di Kromberk in Slovenia: un week end di laboratori artistici ed eventi culturali","_links":{"self":[{"href":"https:\/\/imagazine.it\/home_desk\/wp-json\/wp\/v2\/posts\/49945","targetHints":{"allow":["GET"]}}],"collection":[{"href":"https:\/\/imagazine.it\/home_desk\/wp-json\/wp\/v2\/posts"}],"about":[{"href":"https:\/\/imagazine.it\/home_desk\/wp-json\/wp\/v2\/types\/post"}],"author":[{"embeddable":true,"href":"https:\/\/imagazine.it\/home_desk\/wp-json\/wp\/v2\/users\/28"}],"replies":[{"embeddable":true,"href":"https:\/\/imagazine.it\/home_desk\/wp-json\/wp\/v2\/comments?post=49945"}],"version-history":[{"count":0,"href":"https:\/\/imagazine.it\/home_desk\/wp-json\/wp\/v2\/posts\/49945\/revisions"}],"wp:featuredmedia":[{"embeddable":true,"href":"https:\/\/imagazine.it\/home_desk\/wp-json\/wp\/v2\/media\/49946"}],"wp:attachment":[{"href":"https:\/\/imagazine.it\/home_desk\/wp-json\/wp\/v2\/media?parent=49945"}],"wp:term":[{"taxonomy":"category","embeddable":true,"href":"https:\/\/imagazine.it\/home_desk\/wp-json\/wp\/v2\/categories?post=49945"},{"taxonomy":"post_tag","embeddable":true,"href":"https:\/\/imagazine.it\/home_desk\/wp-json\/wp\/v2\/tags?post=49945"}],"curies":[{"name":"wp","href":"https:\/\/api.w.org\/{rel}","templated":true}]}}