{"id":49929,"date":"2023-09-01T00:00:00","date_gmt":"2023-08-31T22:00:00","guid":{"rendered":"https:\/\/imagazine.it\/pordenone-investe-sulla-mobilita-ciclistica-inclusiva\/"},"modified":"2023-09-01T00:00:00","modified_gmt":"2023-08-31T22:00:00","slug":"pordenone-investe-sulla-mobilita-ciclistica-inclusiva","status":"publish","type":"post","link":"https:\/\/imagazine.it\/home_desk\/pordenone-investe-sulla-mobilita-ciclistica-inclusiva\/","title":{"rendered":"Pordenone investe sulla mobilit\u00e0 ciclistica inclusiva"},"content":{"rendered":"<p> \tPORDENONE \u2013 Presentato il <strong>progetto inclusivo &#8220;<em>Io ci vado\u2026 Vieni anche tu!<\/em>&#8221; <\/strong>promosso dall&#8217;associazione &#8220;San Valentino&#8221;, in collaborazione con Anmil Pordenone, associazione &#8220;Santa Lucia Odv&#8221;, Fiab Pordenone, Aruotalibera e all&#8217;associazione di promozione sociale #iocivado.<\/p>\n<p> \tIl progetto \u00e8 di mobilit\u00e0 inclusiva accessibile e sostenibile e nasce per <strong>dare alle persone con disabilit\u00e0 l&#8217;opportunit\u00e0 di vivere la citt\u00e0 in bicicletta<\/strong>, su percorsi dedicati, con biciclette in grado di trasportare carrozzelle e persone con disabilit\u00e0, tutti mezzi presentati stamattina.<\/p>\n<p> \t&#8220;Non c&#8217;\u00e8 soltanto una bicicletta dietro a questo importante risultato, raggiunto anche grazie alle risorse che la Regione ha messo a disposizione: c&#8217;\u00e8 soprattutto un modello culturale, uno stile di vita che vuole affrontare uno dei fenomeni di questo tempo, superando marginalit\u00e0 e fragilit\u00e0&#8221;, ha affermato l&#8217;assessore alla Disabilit\u00e0 del Friuli Venezia Giulia, <strong>Riccardo Riccardi<\/strong>.<\/p>\n<p> \t&#8220;L&#8217;uso della bicicletta per le persone con disabilit\u00e0 \u2013 ha aggiunto Riccardi \u2013 offre opportunit\u00e0 fino a poco tempo fa inedite di partecipazione alla vita attiva e di realizzazione delle proprie passioni sportive &#8211; ha sottolineato Riccardi -. La mobilit\u00e0 in bicicletta \u00e8 adeguata e pu\u00f2 essere sfruttata per scoprire nuovi territori, favorire la socializzazione e forme nuove di aggregazione&#8221;.<\/p>\n<p> \t\u00a0<\/p>\n","protected":false},"excerpt":{"rendered":"<p>Per dare a tutti l&#8217;opportunit\u00e0 di vivere la citt\u00e0 in bicicletta, su percorsi dedicati, con biciclette in grado di trasportare carrozzelle e persone con disabilit\u00e0<\/p>\n","protected":false},"author":28,"featured_media":49930,"comment_status":"closed","ping_status":"closed","sticky":false,"template":"","format":"standard","meta":{"dwc-title":[],"dwc-content":[],"footnotes":""},"categories":[5],"tags":[],"class_list":["post-49929","post","type-post","status-publish","format-standard","has-post-thumbnail","hentry","category-attualita"],"rttpg_featured_image_url":{"full":["https:\/\/imagazine.it\/wp-content\/uploads\/2024\/02\/54321-1.webp",1000,623,false],"landscape":["https:\/\/imagazine.it\/wp-content\/uploads\/2024\/02\/54321-1.webp",1000,623,false],"portraits":["https:\/\/imagazine.it\/wp-content\/uploads\/2024\/02\/54321-1.webp",1000,623,false],"thumbnail":["https:\/\/imagazine.it\/wp-content\/uploads\/2024\/02\/54321-1-150x150.webp",150,150,true],"medium":["https:\/\/imagazine.it\/wp-content\/uploads\/2024\/02\/54321-1-300x187.webp",300,187,true],"large":["https:\/\/imagazine.it\/wp-content\/uploads\/2024\/02\/54321-1.webp",640,399,false],"thumblist":["https:\/\/imagazine.it\/wp-content\/uploads\/2024\/02\/54321-1-300x300.webp",300,300,true],"thumbrelated":["https:\/\/imagazine.it\/wp-content\/uploads\/2024\/02\/54321-1-500x500.webp",500,500,true],"meccarouselthumb":["https:\/\/imagazine.it\/wp-content\/uploads\/2024\/02\/54321-1-474x324.webp",474,324,true],"gridsquare":["https:\/\/imagazine.it\/wp-content\/uploads\/2024\/02\/54321-1-391x260.webp",391,260,true],"tileview":["https:\/\/imagazine.it\/wp-content\/uploads\/2024\/02\/54321-1-300x400.webp",300,400,true],"1536x1536":["https:\/\/imagazine.it\/wp-content\/uploads\/2024\/02\/54321-1.webp",1000,623,false],"2048x2048":["https:\/\/imagazine.it\/wp-content\/uploads\/2024\/02\/54321-1.webp",1000,623,false],"newsup-slider-full":["https:\/\/imagazine.it\/wp-content\/uploads\/2024\/02\/54321-1.webp",1000,623,false],"newsup-featured":["https:\/\/imagazine.it\/wp-content\/uploads\/2024\/02\/54321-1.webp",1000,623,false],"newsup-medium":["https:\/\/imagazine.it\/wp-content\/uploads\/2024\/02\/54321-1-720x380.webp",720,380,true],"tptn_thumbnail":["https:\/\/imagazine.it\/wp-content\/uploads\/2024\/02\/54321-1.webp",250,156,false],"sow-carousel-default":["https:\/\/imagazine.it\/wp-content\/uploads\/2024\/02\/54321-1.webp",272,169,false]},"rttpg_author":{"display_name":"redazione","author_link":"https:\/\/imagazine.it\/home_desk\/author\/redazione\/"},"rttpg_comment":0,"rttpg_category":"<a href=\"https:\/\/imagazine.it\/home_desk\/category\/attualita\/\" rel=\"category tag\">ATTUALIT\u00c0<\/a>","rttpg_excerpt":"Per dare a tutti l'opportunit\u00e0 di vivere la citt\u00e0 in bicicletta, su percorsi dedicati, con biciclette in grado di trasportare carrozzelle e persone con disabilit\u00e0","_links":{"self":[{"href":"https:\/\/imagazine.it\/home_desk\/wp-json\/wp\/v2\/posts\/49929","targetHints":{"allow":["GET"]}}],"collection":[{"href":"https:\/\/imagazine.it\/home_desk\/wp-json\/wp\/v2\/posts"}],"about":[{"href":"https:\/\/imagazine.it\/home_desk\/wp-json\/wp\/v2\/types\/post"}],"author":[{"embeddable":true,"href":"https:\/\/imagazine.it\/home_desk\/wp-json\/wp\/v2\/users\/28"}],"replies":[{"embeddable":true,"href":"https:\/\/imagazine.it\/home_desk\/wp-json\/wp\/v2\/comments?post=49929"}],"version-history":[{"count":0,"href":"https:\/\/imagazine.it\/home_desk\/wp-json\/wp\/v2\/posts\/49929\/revisions"}],"wp:featuredmedia":[{"embeddable":true,"href":"https:\/\/imagazine.it\/home_desk\/wp-json\/wp\/v2\/media\/49930"}],"wp:attachment":[{"href":"https:\/\/imagazine.it\/home_desk\/wp-json\/wp\/v2\/media?parent=49929"}],"wp:term":[{"taxonomy":"category","embeddable":true,"href":"https:\/\/imagazine.it\/home_desk\/wp-json\/wp\/v2\/categories?post=49929"},{"taxonomy":"post_tag","embeddable":true,"href":"https:\/\/imagazine.it\/home_desk\/wp-json\/wp\/v2\/tags?post=49929"}],"curies":[{"name":"wp","href":"https:\/\/api.w.org\/{rel}","templated":true}]}}