{"id":49923,"date":"2023-09-01T00:00:00","date_gmt":"2023-08-31T22:00:00","guid":{"rendered":"https:\/\/imagazine.it\/casello-di-palmanova-si-smantella-il-semaforo\/"},"modified":"2023-09-01T00:00:00","modified_gmt":"2023-08-31T22:00:00","slug":"casello-di-palmanova-si-smantella-il-semaforo","status":"publish","type":"post","link":"https:\/\/imagazine.it\/home_desk\/casello-di-palmanova-si-smantella-il-semaforo\/","title":{"rendered":"Casello di Palmanova, si smantella il semaforo"},"content":{"rendered":"<p> \tBAGNARIA ARSA \u2013 I lavori per la costruzione della <strong>nuova rotatoria<\/strong> all\u2019intersezione tra le <strong>strade regionali 352 e 126<\/strong> e il casello di\u00a0Palmanova\u00a0dell\u2019autostrada A4 proseguono secondo il cronoprogramma e sono a buon punto.<\/p>\n<p> \tA partire <strong>dalla notte<\/strong> <strong>tra domenica 3 settembre e luned\u00ec 4 <\/strong>il cantiere entrer\u00e0 nel vivo delle attivit\u00e0, con l\u2019atteso smantellamento dell\u2019incrocio semaforico.<\/p>\n<p> \tL\u2019intervento, che prevede allo stesso tempo la creazione dell\u2019anello che funger\u00e0 da rotonda, durer\u00e0 <strong>fino al 18 settembre<\/strong> (condizioni atmosferiche permettendo).<\/p>\n<p> \tDurante i giorni di cantiere saranno poste alcune modifiche alla circolazione del traffico, con il divieto di svolta a sinistra per tutte le manovre e di attraversamento dell\u2019incrocio tra il casello di Palmanova e la sr. UD 126 e viceversa.<\/p>\n<p> \tIn particolare: chi proviene dal casello di Palmanova ed \u00e8 diretto a Visco (sr. UD 126 via Mattei) o Palmanova (Porta Aquileia sr 352 viale Taglio), dovr\u00e0 svoltare a destra in prossimit\u00e0 dell\u2019incrocio, proseguire fino alla rotonda del Taj (sr 352 via Julia) e tornare indietro seguendo le indicazioni segnalate dalle frecce gialle di cantiere.<\/p>\n<p> \tChi proviene da Palmanova (Porta Aquileia sr 352 viale Taglio) ed \u00e8 diretto a Visco (sr UD 126 via Mattei) dovr\u00e0 proseguire dritto fino alla rotonda del Taj (sr 352 via Julia) e tornare indietro seguendo le indicazioni segnalate dalle frecce gialle di cantiere.<\/p>\n<p> \tChi proviene da Visco (sr. UD 126 via Mattei) ed \u00e8 diretto al casello di Palmanova o a Bagnaria Arsa\/Cervignano (sr 352 via Julia) dovr\u00e0 svoltare a destra in prossimit\u00e0 dell\u2019incrocio, proseguire alla rotonda di porta Aquileia (sr. 352 viale Taglio) e tornare indietro seguendo le indicazioni segnalate dalle frecce gialle di cantiere.<\/p>\n<p> \tChi proviene da Bagnaria Arsa\/Cervignano (sr. 352 via Julia) ed \u00e8 diretto al casello di Palmanova dovr\u00e0 proseguire dritto in prossimit\u00e0 dell\u2019incrocio, fino alla rotonda di Porta Aquileia (sr. 352 viale Taglio) e tornare indietro seguendo le indicazioni segnalate dalle frecce gialle di cantiere.<\/p>\n<p> \t<strong>Le lavorazioni, che potrebbero maggiormente impattare con i flussi di traffico, saranno eseguite in orario notturno. <\/strong><\/p>\n<p> \tLe attivit\u00e0 e le deviazioni sono state concertate a seguito di una riunione operativa che ha visto come attori principali Autostrade Alto Adriatico, le amministrazioni comunali di Palmanova e Bagnaria Arsa, Fvg Strade, l\u2019ente di decentramento regionale di Udine e la ditta di costruzione. Obiettivo comune \u00e8 quello di mettere in atto ogni sforzo possibile per ridurre al massimo le problematiche, purtroppo inevitabili per poter eseguire l\u2019opera.<\/p>\n<p> \tAl termine di questa fase di lavori, gli utenti potranno circolare lungo la rotatoria, in modalit\u00e0 provvisoria. Il <strong>termine dei lavori<\/strong> infatti \u00e8 previsto per <strong>fine ottobre<\/strong>.<\/p>\n<p> \t\u201cLa modifica dell\u2019intersezione \u2013 spiegano dalla Societ\u00e0 Autostrade Alto Adriatico \u2013 consentir\u00e0 di migliorare significativamente le condizioni di traffico legate attualmente al congestionamento di un nodo stradale che \u00e8 di rilevanza regionale in quanto non interessa solamente i comuni su cui insiste l\u2019opera, ovvero\u00a0Palmanova\u00a0e Bagnaria Arsa, ma un territorio pi\u00f9 esteso servito dalle strade\u00a0S.R.\u00a0352, e\u00a0S.R. UD\u00a0126 e dalle viabilit\u00e0 ad esse collegate\u201d.<\/p>\n<p> \tComplessivamente, i lavori prevedono, oltre all\u2019esecuzione della\u00a0<strong>rotatoria\u00a0a raso<\/strong>, la realizzazione di un <strong>nuovo impianto di illuminazione<\/strong>, la posa di nuovi <strong>pannelli a messaggio variabile<\/strong> al servizio dell\u2019autostrada,\u00a0l\u2019<strong>allungamento<\/strong>\u00a0<strong>dell\u2019attraversamento idraulico<\/strong> della\u00a0S.R. UD 126 da parte della\u00a0roggia Taglio, la <strong>rilocazione dei servizi pubblici interrati<\/strong> interferenti con i lavori e la realizzazione di una <strong>pista ciclabile lungo la S.R. 352<\/strong>.<\/p>\n<p> \t\u00a0<\/p>\n","protected":false},"excerpt":{"rendered":"<p>Entrano nel vivo i lavori per la realizzazione della nuova rotatoria. Viabilit\u00e0 modificata fino al 18 settembre (condizioni atmosferiche permettendo)<\/p>\n","protected":false},"author":28,"featured_media":49924,"comment_status":"closed","ping_status":"closed","sticky":false,"template":"","format":"standard","meta":{"dwc-title":[],"dwc-content":[],"footnotes":""},"categories":[5],"tags":[],"class_list":["post-49923","post","type-post","status-publish","format-standard","has-post-thumbnail","hentry","category-attualita"],"rttpg_featured_image_url":{"full":["https:\/\/imagazine.it\/wp-content\/uploads\/2024\/02\/54308-1.webp",1000,563,false],"landscape":["https:\/\/imagazine.it\/wp-content\/uploads\/2024\/02\/54308-1.webp",1000,563,false],"portraits":["https:\/\/imagazine.it\/wp-content\/uploads\/2024\/02\/54308-1.webp",1000,563,false],"thumbnail":["https:\/\/imagazine.it\/wp-content\/uploads\/2024\/02\/54308-1-150x150.webp",150,150,true],"medium":["https:\/\/imagazine.it\/wp-content\/uploads\/2024\/02\/54308-1-300x169.webp",300,169,true],"large":["https:\/\/imagazine.it\/wp-content\/uploads\/2024\/02\/54308-1.webp",640,360,false],"thumblist":["https:\/\/imagazine.it\/wp-content\/uploads\/2024\/02\/54308-1-300x300.webp",300,300,true],"thumbrelated":["https:\/\/imagazine.it\/wp-content\/uploads\/2024\/02\/54308-1-500x500.webp",500,500,true],"meccarouselthumb":["https:\/\/imagazine.it\/wp-content\/uploads\/2024\/02\/54308-1-474x324.webp",474,324,true],"gridsquare":["https:\/\/imagazine.it\/wp-content\/uploads\/2024\/02\/54308-1-391x260.webp",391,260,true],"tileview":["https:\/\/imagazine.it\/wp-content\/uploads\/2024\/02\/54308-1-300x400.webp",300,400,true],"1536x1536":["https:\/\/imagazine.it\/wp-content\/uploads\/2024\/02\/54308-1.webp",1000,563,false],"2048x2048":["https:\/\/imagazine.it\/wp-content\/uploads\/2024\/02\/54308-1.webp",1000,563,false],"newsup-slider-full":["https:\/\/imagazine.it\/wp-content\/uploads\/2024\/02\/54308-1.webp",1000,563,false],"newsup-featured":["https:\/\/imagazine.it\/wp-content\/uploads\/2024\/02\/54308-1.webp",1000,563,false],"newsup-medium":["https:\/\/imagazine.it\/wp-content\/uploads\/2024\/02\/54308-1-720x380.webp",720,380,true],"tptn_thumbnail":["https:\/\/imagazine.it\/wp-content\/uploads\/2024\/02\/54308-1.webp",250,141,false],"sow-carousel-default":["https:\/\/imagazine.it\/wp-content\/uploads\/2024\/02\/54308-1.webp",272,153,false]},"rttpg_author":{"display_name":"redazione","author_link":"https:\/\/imagazine.it\/home_desk\/author\/redazione\/"},"rttpg_comment":0,"rttpg_category":"<a href=\"https:\/\/imagazine.it\/home_desk\/category\/attualita\/\" rel=\"category tag\">ATTUALIT\u00c0<\/a>","rttpg_excerpt":"Entrano nel vivo i lavori per la realizzazione della nuova rotatoria. Viabilit\u00e0 modificata fino al 18 settembre (condizioni atmosferiche permettendo)","_links":{"self":[{"href":"https:\/\/imagazine.it\/home_desk\/wp-json\/wp\/v2\/posts\/49923","targetHints":{"allow":["GET"]}}],"collection":[{"href":"https:\/\/imagazine.it\/home_desk\/wp-json\/wp\/v2\/posts"}],"about":[{"href":"https:\/\/imagazine.it\/home_desk\/wp-json\/wp\/v2\/types\/post"}],"author":[{"embeddable":true,"href":"https:\/\/imagazine.it\/home_desk\/wp-json\/wp\/v2\/users\/28"}],"replies":[{"embeddable":true,"href":"https:\/\/imagazine.it\/home_desk\/wp-json\/wp\/v2\/comments?post=49923"}],"version-history":[{"count":0,"href":"https:\/\/imagazine.it\/home_desk\/wp-json\/wp\/v2\/posts\/49923\/revisions"}],"wp:featuredmedia":[{"embeddable":true,"href":"https:\/\/imagazine.it\/home_desk\/wp-json\/wp\/v2\/media\/49924"}],"wp:attachment":[{"href":"https:\/\/imagazine.it\/home_desk\/wp-json\/wp\/v2\/media?parent=49923"}],"wp:term":[{"taxonomy":"category","embeddable":true,"href":"https:\/\/imagazine.it\/home_desk\/wp-json\/wp\/v2\/categories?post=49923"},{"taxonomy":"post_tag","embeddable":true,"href":"https:\/\/imagazine.it\/home_desk\/wp-json\/wp\/v2\/tags?post=49923"}],"curies":[{"name":"wp","href":"https:\/\/api.w.org\/{rel}","templated":true}]}}