{"id":49911,"date":"2023-08-31T00:00:00","date_gmt":"2023-08-30T22:00:00","guid":{"rendered":"https:\/\/imagazine.it\/boom-di-visite-trieste-prolunga-lomaggio-a-miro\/"},"modified":"2023-08-31T00:00:00","modified_gmt":"2023-08-30T22:00:00","slug":"boom-di-visite-trieste-prolunga-lomaggio-a-miro","status":"publish","type":"post","link":"https:\/\/imagazine.it\/home_desk\/boom-di-visite-trieste-prolunga-lomaggio-a-miro\/","title":{"rendered":"Boom di visite, Trieste prolunga l&#8217;omaggio a Mir\u00f2"},"content":{"rendered":"<p> \tTRIESTE \u2013 Oltre 17.600 persone (17.625 al 31 agosto) hanno visitato <u><a href=\"https:\/\/www.imagazine.it\/eventi\/45636\" target=\"_blank\" rel=\"noopener\"><span style=\"color:#0000cd;\">la mostra \u201c<strong><em>Omaggio a Mir\u00f3<\/em><\/strong>\u201d<\/span><\/a><\/u> al Civico Museo Revoltella di Trieste, dedicata al grande maestro del Surrealismo e curata da <strong>Achille Bonito Oliva<\/strong>, <strong>Ma\u00efth\u00e9 Vall\u00e8s-Bled<\/strong> e <strong>Vincenzo Sanfo<\/strong>.<\/p>\n<p> \tProdotta da Navigare Srl con la co-produzione di Diffusione Cultura Srl e promossa dal Comune di Trieste \u2013 Assessorato alle Politiche della Cultura e del Turismo, con il supporto del Trieste Convention &#038; Visitors Bureau e PromoTurismoFVG, la mostra \u2013 apprezzata anche dalla critica e dalla stampa specializzata \u2013 sar\u00e0 <strong>prorogata fino al 1<\/strong><strong>5 ottobre<\/strong>, con orario di visita da luned\u00ec a venerd\u00ec dalle 9 alle 19, sabato, domenica e festivi dalle 9 alle 20 (chiusa il marted\u00ec).<\/p>\n<p> \t\u201c<strong>Omaggio a Mir\u00f3<\/strong>\u201d propone un percorso creato appositamente per Trieste e per lo spazio del Museo Revoltella, con circa 80 opere, tra dipinti, tempere, acquerelli, disegni, sculture e ceramiche provenienti da musei francesi e collezionisti privati. In particolare, si possono ammirare alcune opere provenienti da importanti gallerie parigine, come: \u201cFemme aux trois Cheveux\u201d, della serie Constellation (1975, olio su tela) propriet\u00e0 di Helene Bailly, \u201cSignes et Figurations\u201d (1935, acquarello, inchiostro e iscrizioni su carta) proveniente dalla Galerie de la Pr\u00e9sidence, \u201cPersonnage dans la Nuit III\u201d (1965, matita grassa, acquarello, guache e lavaggio su carta), \u201cDeux Personnages\u201d (1937, olio, guazzo e acquarello su carta) e un acquarello, carboncino e matita su carta, senza titolo, del 1949, tutti provenienti da collezioni private della Galerie Lelong.<\/p>\n","protected":false},"excerpt":{"rendered":"<p>Superati finora i 17.600 visitatori. La mostra al Civico Museo Revoltella \u00e8 impreziosita da alcune opere provenienti da importanti gallerie francesi<\/p>\n","protected":false},"author":28,"featured_media":49912,"comment_status":"closed","ping_status":"closed","sticky":false,"template":"","format":"standard","meta":{"dwc-title":[],"dwc-content":[],"footnotes":""},"categories":[37],"tags":[],"class_list":["post-49911","post","type-post","status-publish","format-standard","has-post-thumbnail","hentry","category-cultura-e-spettacolo"],"rttpg_featured_image_url":{"full":["https:\/\/imagazine.it\/wp-content\/uploads\/2024\/02\/54279-1.webp",1000,666,false],"landscape":["https:\/\/imagazine.it\/wp-content\/uploads\/2024\/02\/54279-1.webp",1000,666,false],"portraits":["https:\/\/imagazine.it\/wp-content\/uploads\/2024\/02\/54279-1.webp",1000,666,false],"thumbnail":["https:\/\/imagazine.it\/wp-content\/uploads\/2024\/02\/54279-1-150x150.webp",150,150,true],"medium":["https:\/\/imagazine.it\/wp-content\/uploads\/2024\/02\/54279-1-300x200.webp",300,200,true],"large":["https:\/\/imagazine.it\/wp-content\/uploads\/2024\/02\/54279-1.webp",640,426,false],"thumblist":["https:\/\/imagazine.it\/wp-content\/uploads\/2024\/02\/54279-1-300x300.webp",300,300,true],"thumbrelated":["https:\/\/imagazine.it\/wp-content\/uploads\/2024\/02\/54279-1-500x500.webp",500,500,true],"meccarouselthumb":["https:\/\/imagazine.it\/wp-content\/uploads\/2024\/02\/54279-1-474x324.webp",474,324,true],"gridsquare":["https:\/\/imagazine.it\/wp-content\/uploads\/2024\/02\/54279-1-391x260.webp",391,260,true],"tileview":["https:\/\/imagazine.it\/wp-content\/uploads\/2024\/02\/54279-1-300x400.webp",300,400,true],"1536x1536":["https:\/\/imagazine.it\/wp-content\/uploads\/2024\/02\/54279-1.webp",1000,666,false],"2048x2048":["https:\/\/imagazine.it\/wp-content\/uploads\/2024\/02\/54279-1.webp",1000,666,false],"newsup-slider-full":["https:\/\/imagazine.it\/wp-content\/uploads\/2024\/02\/54279-1.webp",1000,666,false],"newsup-featured":["https:\/\/imagazine.it\/wp-content\/uploads\/2024\/02\/54279-1.webp",1000,666,false],"newsup-medium":["https:\/\/imagazine.it\/wp-content\/uploads\/2024\/02\/54279-1-720x380.webp",720,380,true],"tptn_thumbnail":["https:\/\/imagazine.it\/wp-content\/uploads\/2024\/02\/54279-1.webp",250,167,false],"sow-carousel-default":["https:\/\/imagazine.it\/wp-content\/uploads\/2024\/02\/54279-1.webp",272,182,false]},"rttpg_author":{"display_name":"redazione","author_link":"https:\/\/imagazine.it\/home_desk\/author\/redazione\/"},"rttpg_comment":0,"rttpg_category":"<a href=\"https:\/\/imagazine.it\/home_desk\/category\/cultura-e-spettacolo\/\" rel=\"category tag\">CULTURA&amp;SPETTACOLO<\/a>","rttpg_excerpt":"Superati finora i 17.600 visitatori. La mostra al Civico Museo Revoltella \u00e8 impreziosita da alcune opere provenienti da importanti gallerie francesi","_links":{"self":[{"href":"https:\/\/imagazine.it\/home_desk\/wp-json\/wp\/v2\/posts\/49911","targetHints":{"allow":["GET"]}}],"collection":[{"href":"https:\/\/imagazine.it\/home_desk\/wp-json\/wp\/v2\/posts"}],"about":[{"href":"https:\/\/imagazine.it\/home_desk\/wp-json\/wp\/v2\/types\/post"}],"author":[{"embeddable":true,"href":"https:\/\/imagazine.it\/home_desk\/wp-json\/wp\/v2\/users\/28"}],"replies":[{"embeddable":true,"href":"https:\/\/imagazine.it\/home_desk\/wp-json\/wp\/v2\/comments?post=49911"}],"version-history":[{"count":0,"href":"https:\/\/imagazine.it\/home_desk\/wp-json\/wp\/v2\/posts\/49911\/revisions"}],"wp:featuredmedia":[{"embeddable":true,"href":"https:\/\/imagazine.it\/home_desk\/wp-json\/wp\/v2\/media\/49912"}],"wp:attachment":[{"href":"https:\/\/imagazine.it\/home_desk\/wp-json\/wp\/v2\/media?parent=49911"}],"wp:term":[{"taxonomy":"category","embeddable":true,"href":"https:\/\/imagazine.it\/home_desk\/wp-json\/wp\/v2\/categories?post=49911"},{"taxonomy":"post_tag","embeddable":true,"href":"https:\/\/imagazine.it\/home_desk\/wp-json\/wp\/v2\/tags?post=49911"}],"curies":[{"name":"wp","href":"https:\/\/api.w.org\/{rel}","templated":true}]}}