{"id":49901,"date":"2023-08-31T00:00:00","date_gmt":"2023-08-30T22:00:00","guid":{"rendered":"https:\/\/imagazine.it\/nuova-vita-per-lex-latteria-sociale-di-villotta-e-castello\/"},"modified":"2023-08-31T00:00:00","modified_gmt":"2023-08-30T22:00:00","slug":"nuova-vita-per-lex-latteria-sociale-di-villotta-e-castello","status":"publish","type":"post","link":"https:\/\/imagazine.it\/home_desk\/nuova-vita-per-lex-latteria-sociale-di-villotta-e-castello\/","title":{"rendered":"Nuova vita per l&#8217;ex latteria sociale di Villotta e Castello"},"content":{"rendered":"<p> \tAVIANO \u2013 Nuova vita per l&#8217;<strong>ex<\/strong> <strong>latteria sociale di Villotta e Castello di Aviano<\/strong>, edificio di via Montello che a un secolo dalla sua costruzione giace in uno stato di degrado: \u00e8 stato <strong>approvato il progetto esecutivo<\/strong> e sono stati assegnati i lavori per riqualificare l&#8217;edificio in una <strong>struttura residenziale con spazi di aggregazione aperti a tutta la comunit\u00e0<\/strong>.<\/p>\n<p> \tIl Comune di Aviano, proprietario dell&#8217;immobile che ha ricevuto uno specifico contributo regionale, ha affidato tramite convenzione la gestione tecnico-amministrativa dell\u2019intervento (progettazione, direzione lavori e gestione dell\u2019appalto) all&#8217;ATER Pordenone.\u00a0<\/p>\n<p> \tRispettando le indicazioni della Soprintendenza dei beni culturali del Friuli Venezia Giulia, vista la storicit\u00e0 dell&#8217;immobile costruito a met\u00e0 degli anni Venti del secolo scorso, saranno <strong>ricavati 3 alloggi<\/strong> da destinare (attraverso un progetto di <em>cohousing<\/em> comunale)\u00a0a <strong>giovani coppie non in grado di accedere alla locazione sul libero mercato<\/strong> perch\u00e9 in condizioni di debolezza sociale o economica, e uno spazio di aggregazione, dedicato alla socialit\u00e0, prevalentemente per i destinatari degli appartamenti ma accessibile pure alla comunit\u00e0 avianese.\u00a0<\/p>\n<p> \t&#8220;Una progettazione di ampio respiro e particolarmente strutturata \u2013 ha spiegato il direttore dell\u2019Ater di Pordenone, <strong>Lorenzo Puzzi<\/strong> \u2013 in quanto ha contemperato l\u2019esigenza di valorizzare e mantenere gli elementi storico-architettonici di pregio e quella di ottenere un fabbricato adeguato agli standard attuali sotto tutti i punti di vista, in primis quelli strutturali, impiantistici ed energetici. L\u2019impresa appaltatrice sar\u00e0 chiamata a un\u2019attenzione specifica nella cura di ogni particolare del progetto, che \u00e8 stato sottoposto alla valutazione della Soprintendenza Archeologia, Belle Arti e Paesaggio del Friuli Venezia Giulia. Un progetto che punta a ricucire il tessuto urbanistico favorendo anche il recupero di questo complesso architettonico di valore storico artistico, offrendo allo stesso tempo abitazioni di qualit\u00e0\u201d.\u00a0<\/p>\n<p> \tLa recente entrata in vigore del Decreto sui Criteri Ambientali Minimi comporter\u00e0 inoltre l\u2019utilizzo di accorgimenti impiantistici finalizzati al risparmio di risorse idriche ed energetiche e l\u2019utilizzo di materiali riciclati.<\/p>\n<p> \t&#8220;Siamo molto soddisfatti \u2013 ha commentato il sindaco di Aviano, <strong>Paolo Tassan Zanin<\/strong> \u2013 per la qualit\u00e0 del progetto e per la celerit\u00e0 della procedura: a poche settimane dalla approvazione dei progetti, l&#8217;ATER Pordenone ha gi\u00e0 affidato\u00a0i lavori. Le risorse economiche sono vincolate e\u00a0sono state messe a disposizione dalla Regione ormai\u00a0da molti anni: ora\u00a0\u00e8 fondamentale iniziare il cantiere il prima possibile&#8221;.<\/p>\n<p> \tL\u2019esito della gara ha visto aggiudicataria l\u2019impresa Del Mistro Giacobbe s.r.l. con sede a Maniago.\u00a0A breve sar\u00e0 stipulato il contratto e saranno avviati i lavori, i quali dureranno circa un anno e mezzo. Tra fondi della Regione Friuli Venezia Giulia e una compartecipazione del Comune di Aviano l&#8217;intero intervento prevede un quadro economico di <strong>2 milioni e 5mila euro<\/strong>.<\/p>\n<p> \t\u00a0<\/p>\n","protected":false},"excerpt":{"rendered":"<p>Saranno ricavati una spazio di aggregazione per tutta la comunit\u00e0 e tre alloggi per giovani coppie non in grado di accedere alla locazione sul libero mercato<\/p>\n","protected":false},"author":28,"featured_media":49902,"comment_status":"closed","ping_status":"closed","sticky":false,"template":"","format":"standard","meta":{"dwc-title":[],"dwc-content":[],"footnotes":""},"categories":[5],"tags":[],"class_list":["post-49901","post","type-post","status-publish","format-standard","has-post-thumbnail","hentry","category-attualita"],"rttpg_featured_image_url":{"full":["https:\/\/imagazine.it\/wp-content\/uploads\/2024\/02\/54270-1.webp",1000,511,false],"landscape":["https:\/\/imagazine.it\/wp-content\/uploads\/2024\/02\/54270-1.webp",1000,511,false],"portraits":["https:\/\/imagazine.it\/wp-content\/uploads\/2024\/02\/54270-1.webp",1000,511,false],"thumbnail":["https:\/\/imagazine.it\/wp-content\/uploads\/2024\/02\/54270-1-150x150.webp",150,150,true],"medium":["https:\/\/imagazine.it\/wp-content\/uploads\/2024\/02\/54270-1-300x153.webp",300,153,true],"large":["https:\/\/imagazine.it\/wp-content\/uploads\/2024\/02\/54270-1.webp",640,327,false],"thumblist":["https:\/\/imagazine.it\/wp-content\/uploads\/2024\/02\/54270-1-300x300.webp",300,300,true],"thumbrelated":["https:\/\/imagazine.it\/wp-content\/uploads\/2024\/02\/54270-1-500x500.webp",500,500,true],"meccarouselthumb":["https:\/\/imagazine.it\/wp-content\/uploads\/2024\/02\/54270-1-474x324.webp",474,324,true],"gridsquare":["https:\/\/imagazine.it\/wp-content\/uploads\/2024\/02\/54270-1-391x260.webp",391,260,true],"tileview":["https:\/\/imagazine.it\/wp-content\/uploads\/2024\/02\/54270-1-300x400.webp",300,400,true],"1536x1536":["https:\/\/imagazine.it\/wp-content\/uploads\/2024\/02\/54270-1.webp",1000,511,false],"2048x2048":["https:\/\/imagazine.it\/wp-content\/uploads\/2024\/02\/54270-1.webp",1000,511,false],"newsup-slider-full":["https:\/\/imagazine.it\/wp-content\/uploads\/2024\/02\/54270-1.webp",1000,511,false],"newsup-featured":["https:\/\/imagazine.it\/wp-content\/uploads\/2024\/02\/54270-1.webp",1000,511,false],"newsup-medium":["https:\/\/imagazine.it\/wp-content\/uploads\/2024\/02\/54270-1-720x380.webp",720,380,true],"tptn_thumbnail":["https:\/\/imagazine.it\/wp-content\/uploads\/2024\/02\/54270-1.webp",250,128,false],"sow-carousel-default":["https:\/\/imagazine.it\/wp-content\/uploads\/2024\/02\/54270-1.webp",272,139,false]},"rttpg_author":{"display_name":"redazione","author_link":"https:\/\/imagazine.it\/home_desk\/author\/redazione\/"},"rttpg_comment":0,"rttpg_category":"<a href=\"https:\/\/imagazine.it\/home_desk\/category\/attualita\/\" rel=\"category tag\">ATTUALIT\u00c0<\/a>","rttpg_excerpt":"Saranno ricavati una spazio di aggregazione per tutta la comunit\u00e0 e tre alloggi per giovani coppie non in grado di accedere alla locazione sul libero mercato","_links":{"self":[{"href":"https:\/\/imagazine.it\/home_desk\/wp-json\/wp\/v2\/posts\/49901","targetHints":{"allow":["GET"]}}],"collection":[{"href":"https:\/\/imagazine.it\/home_desk\/wp-json\/wp\/v2\/posts"}],"about":[{"href":"https:\/\/imagazine.it\/home_desk\/wp-json\/wp\/v2\/types\/post"}],"author":[{"embeddable":true,"href":"https:\/\/imagazine.it\/home_desk\/wp-json\/wp\/v2\/users\/28"}],"replies":[{"embeddable":true,"href":"https:\/\/imagazine.it\/home_desk\/wp-json\/wp\/v2\/comments?post=49901"}],"version-history":[{"count":0,"href":"https:\/\/imagazine.it\/home_desk\/wp-json\/wp\/v2\/posts\/49901\/revisions"}],"wp:featuredmedia":[{"embeddable":true,"href":"https:\/\/imagazine.it\/home_desk\/wp-json\/wp\/v2\/media\/49902"}],"wp:attachment":[{"href":"https:\/\/imagazine.it\/home_desk\/wp-json\/wp\/v2\/media?parent=49901"}],"wp:term":[{"taxonomy":"category","embeddable":true,"href":"https:\/\/imagazine.it\/home_desk\/wp-json\/wp\/v2\/categories?post=49901"},{"taxonomy":"post_tag","embeddable":true,"href":"https:\/\/imagazine.it\/home_desk\/wp-json\/wp\/v2\/tags?post=49901"}],"curies":[{"name":"wp","href":"https:\/\/api.w.org\/{rel}","templated":true}]}}