{"id":49891,"date":"2023-08-30T00:00:00","date_gmt":"2023-08-29T22:00:00","guid":{"rendered":"https:\/\/imagazine.it\/pordenone-grande-festa-per-i-150-anni-della-tombola\/"},"modified":"2023-08-30T00:00:00","modified_gmt":"2023-08-29T22:00:00","slug":"pordenone-grande-festa-per-i-150-anni-della-tombola","status":"publish","type":"post","link":"https:\/\/imagazine.it\/home_desk\/pordenone-grande-festa-per-i-150-anni-della-tombola\/","title":{"rendered":"Pordenone, grande festa per i 150 anni della Tombola"},"content":{"rendered":"<p> \tPORDENONE \u2013 Celebra nel 2023 i suoi 150 anni la festa popolare della Tombola di Pordenone, organizzata dalla\u00a0<strong>Storica Societ\u00e0 Operaia di Mutuo Soccorso ed Istruzione<\/strong>\u00a0insieme al\u00a0<strong>Comune di Pordenone<\/strong>.<\/p>\n<p> \tRisale infatti al 1873 la\u00a0<strong>locandina ritrovata nell\u2019Archivio storico dell\u2019Operaia<\/strong>, che riporta la pubblicit\u00e0 alla cittadinanza per l\u2019estrazione della Tombola di beneficenza, con un montepremi totale di 400 lire e cartelle in vendita al costo di 50 centesimi.\u00a0<\/p>\n<p> \tCome tradizione\u00a0<strong>venerd\u00ec 8 settembre 2023 dalle ore 17 il cuore antico della citt\u00e0 di Pordenone<\/strong>, tra la Contrada Maggiore e la loggia del Municipio,\u00a0sar\u00e0 in festa per l\u2019estrazione e la proclamazione dei vincitori.\u00a0<\/p>\n<p> \t<strong>La manifestazione \u00e8 stata presentata nella Sala Consiliare del Comune di Pordenone<\/strong>\u00a0con la partecipazione del\u00a0sindaco<strong> Alessandro Ciriani<\/strong>\u00a0e del\u00a0presidente della Storica Societ\u00e0 Operaia<strong> Mario Tomadini<\/strong>, oltre che alla presenza delle istituzioni coinvolte nell\u2019organizzazione dell\u2019evento, realizzato\u00a0con il sostegno dell\u2019Amministrazione comunale\u00a0e di\u00a0Pordenone Fiere\u00a0con\u00a0Ascom Confcommercio, in collaborazione con Pordenone Blues&#038;Co. Festival, Pro Loco Pordenone, Ass. Nazionale Alpini-Gruppo Pordenone Centro e CLAPS.<\/p>\n<p> \tLa Societ\u00e0 Operaia, grazie alle\u00a0ricerche d\u2019archivio del presidente Tomadini, ha messo a disposizione alcuni documenti, che aiutano a ricostruire la storia della Tombola\u00a0e in particolare l\u2019edizione del 1873, la prima di cui si sia conservata traccia, indetta per celebrare il VII anniversario di fondazione della SOMSI.\u00a0<\/p>\n<p> \tLa nascita dell\u2019Operaia, alla quale era destinata la raccolta fondi della Tombola, insieme all\u2019Asilo Infantile\u00a0(43 Lire fu la somma netta che venne rimessa alle due istituzioni),\u00a0era avvenuta nel Teatro Sociale l\u20198 dicembre del 1866, con presidente Francesco Marsure, ancora in carica quella domenica 6 luglio 1873, quando \u201calle 5 pomeridiane, nella Contrada Maggiore denominata San Marco\u201d ebbe luogo l\u2019estrazione.\u00a0Il periodico settimanale \u201cIl Tagliamento\u201d\u00a0del 5 luglio riportava la notizia affermando testualmente:\u00a0\u201c<em>Una festa della Societ\u00e0 Operaia \u00e8 festa per il tutto il paese, ch\u00e8 ognuno riconosce i benefici che reca questa santa istituzione\u00a0e va lieto e superbo del progressivo sviluppo ch\u2019essa prende ogni giorno fra noi<\/em>\u201d. Segno della considerazione che, nonostante la \u201cgiovane et\u00e0\u201d, la SOMSI gi\u00e0 godeva presso i cittadini di Pordenone e l\u2019Amministrazione comunale, che all\u2019epoca della Tombola aveva vacante la poltrona del sindaco, essendosi dimesso proprio in quei giorni Vendramino Candiani, cui succeder\u00e0 Giacomo di Montereale Mantica (nominato a dicembre dello stesso anno, dopo nuove elezioni).<\/p>\n<p> \t<strong>Venerd\u00ec 8 settembre <\/strong>in Contrada Maggiore, d<strong>alle ore 17<\/strong>\u00a0ci sar\u00e0 la\u00a0<strong>sfilata della Filarmonica di Pordenone<\/strong>,\u00a0per proseguire con il concerto, realizzato in collaborazione con il Festival Pordenone Blues&#038; Co., che far\u00e0 divertire il pubblico\u00a0al ritmo della band\u00a0<strong>\u201cPenelope e i Diabolici Toup\u00e9\u201d<\/strong>.\u00a0Maestri di cerimonie saranno <strong>Andrea Appi <\/strong>e<strong> Ramiro Besa<\/strong>, ovvero<strong> I Papu<\/strong>.<\/p>\n<p> \t<strong>Dalle ore 18.30<\/strong>, tutti con il naso all\u2019ins\u00f9 sotto il tabellone appeso alla Loggia del Municipio per l\u2019estrazione dei numeri,\u00a0che destiner\u00e0 un montepremi totale di 2.400 euro con queste vincite:\u00a0<strong>quaterna 300 euro, cinquina 500 euro, tombola 1.200 euro, seconda tombola 400 euro.<\/strong><\/p>\n<p> \t<strong>Le cartelle,\u00a0<\/strong>vendute al prezzo di 1 euro,<strong>\u00a0sono gi\u00e0 in distribuzione in citt\u00e0<\/strong>\u00a0presso la\u00a0<strong>sede della Societ\u00e0 Operaia in Palazzo Gregoris<\/strong>\u00a0(Corso Vittorio Emanuele 44),\u00a0<strong>in alcuni negozi della Contrada Maggiore\u00a0<\/strong>e nella<strong>\u00a0casetta della Pordenone Pedala,\u00a0<\/strong>oltre che il pomeriggio stesso della Tombola, sul posto.<\/p>\n<p> \tPer celebrare i 150 anni della Tombola, la Storica Societ\u00e0 Operaia ha prodotto inoltre\u00a0<strong>un gadget, in edizione limitata<\/strong>, che sar\u00e0 a disposizione di quanti acquisteranno le cartelle.<\/p>\n<p> \tL\u2019ingresso agli eventi della Tombola \u00e8 libero e gratuito.<\/p>\n<p> \t\u00a0<\/p>\n","protected":false},"excerpt":{"rendered":"<p>Musica e spettacoli per lo speciale anniversario dell&#8217;evento promosso dalla Storica Societ\u00e0 Operaia di Mutuo Soccorso ed Istruzione<\/p>\n","protected":false},"author":28,"featured_media":49892,"comment_status":"closed","ping_status":"closed","sticky":false,"template":"","format":"standard","meta":{"dwc-title":[],"dwc-content":[],"footnotes":""},"categories":[5],"tags":[],"class_list":["post-49891","post","type-post","status-publish","format-standard","has-post-thumbnail","hentry","category-attualita"],"rttpg_featured_image_url":{"full":["https:\/\/imagazine.it\/wp-content\/uploads\/2024\/02\/54255-1.webp",1000,666,false],"landscape":["https:\/\/imagazine.it\/wp-content\/uploads\/2024\/02\/54255-1.webp",1000,666,false],"portraits":["https:\/\/imagazine.it\/wp-content\/uploads\/2024\/02\/54255-1.webp",1000,666,false],"thumbnail":["https:\/\/imagazine.it\/wp-content\/uploads\/2024\/02\/54255-1-150x150.webp",150,150,true],"medium":["https:\/\/imagazine.it\/wp-content\/uploads\/2024\/02\/54255-1-300x200.webp",300,200,true],"large":["https:\/\/imagazine.it\/wp-content\/uploads\/2024\/02\/54255-1.webp",640,426,false],"thumblist":["https:\/\/imagazine.it\/wp-content\/uploads\/2024\/02\/54255-1-300x300.webp",300,300,true],"thumbrelated":["https:\/\/imagazine.it\/wp-content\/uploads\/2024\/02\/54255-1-500x500.webp",500,500,true],"meccarouselthumb":["https:\/\/imagazine.it\/wp-content\/uploads\/2024\/02\/54255-1-474x324.webp",474,324,true],"gridsquare":["https:\/\/imagazine.it\/wp-content\/uploads\/2024\/02\/54255-1-391x260.webp",391,260,true],"tileview":["https:\/\/imagazine.it\/wp-content\/uploads\/2024\/02\/54255-1-300x400.webp",300,400,true],"1536x1536":["https:\/\/imagazine.it\/wp-content\/uploads\/2024\/02\/54255-1.webp",1000,666,false],"2048x2048":["https:\/\/imagazine.it\/wp-content\/uploads\/2024\/02\/54255-1.webp",1000,666,false],"newsup-slider-full":["https:\/\/imagazine.it\/wp-content\/uploads\/2024\/02\/54255-1.webp",1000,666,false],"newsup-featured":["https:\/\/imagazine.it\/wp-content\/uploads\/2024\/02\/54255-1.webp",1000,666,false],"newsup-medium":["https:\/\/imagazine.it\/wp-content\/uploads\/2024\/02\/54255-1-720x380.webp",720,380,true],"tptn_thumbnail":["https:\/\/imagazine.it\/wp-content\/uploads\/2024\/02\/54255-1.webp",250,167,false],"sow-carousel-default":["https:\/\/imagazine.it\/wp-content\/uploads\/2024\/02\/54255-1.webp",272,182,false]},"rttpg_author":{"display_name":"redazione","author_link":"https:\/\/imagazine.it\/home_desk\/author\/redazione\/"},"rttpg_comment":0,"rttpg_category":"<a href=\"https:\/\/imagazine.it\/home_desk\/category\/attualita\/\" rel=\"category tag\">ATTUALIT\u00c0<\/a>","rttpg_excerpt":"Musica e spettacoli per lo speciale anniversario dell'evento promosso dalla Storica Societ\u00e0 Operaia di Mutuo Soccorso ed Istruzione","_links":{"self":[{"href":"https:\/\/imagazine.it\/home_desk\/wp-json\/wp\/v2\/posts\/49891","targetHints":{"allow":["GET"]}}],"collection":[{"href":"https:\/\/imagazine.it\/home_desk\/wp-json\/wp\/v2\/posts"}],"about":[{"href":"https:\/\/imagazine.it\/home_desk\/wp-json\/wp\/v2\/types\/post"}],"author":[{"embeddable":true,"href":"https:\/\/imagazine.it\/home_desk\/wp-json\/wp\/v2\/users\/28"}],"replies":[{"embeddable":true,"href":"https:\/\/imagazine.it\/home_desk\/wp-json\/wp\/v2\/comments?post=49891"}],"version-history":[{"count":0,"href":"https:\/\/imagazine.it\/home_desk\/wp-json\/wp\/v2\/posts\/49891\/revisions"}],"wp:featuredmedia":[{"embeddable":true,"href":"https:\/\/imagazine.it\/home_desk\/wp-json\/wp\/v2\/media\/49892"}],"wp:attachment":[{"href":"https:\/\/imagazine.it\/home_desk\/wp-json\/wp\/v2\/media?parent=49891"}],"wp:term":[{"taxonomy":"category","embeddable":true,"href":"https:\/\/imagazine.it\/home_desk\/wp-json\/wp\/v2\/categories?post=49891"},{"taxonomy":"post_tag","embeddable":true,"href":"https:\/\/imagazine.it\/home_desk\/wp-json\/wp\/v2\/tags?post=49891"}],"curies":[{"name":"wp","href":"https:\/\/api.w.org\/{rel}","templated":true}]}}