{"id":49883,"date":"2023-08-29T00:00:00","date_gmt":"2023-08-28T22:00:00","guid":{"rendered":"https:\/\/imagazine.it\/david-orzan-primo-ambasciatore-delle-eccellenze-goriziane-nel-mondo\/"},"modified":"2023-08-29T00:00:00","modified_gmt":"2023-08-28T22:00:00","slug":"david-orzan-primo-ambasciatore-delle-eccellenze-goriziane-nel-mondo","status":"publish","type":"post","link":"https:\/\/imagazine.it\/home_desk\/david-orzan-primo-ambasciatore-delle-eccellenze-goriziane-nel-mondo\/","title":{"rendered":"David Orzan primo ambasciatore delle eccellenze goriziane nel mondo"},"content":{"rendered":"<p> \tGORIZIA \u2013 La benemerenza di <u><a href=\"https:\/\/www.imagazine.it\/notizie-trieste-gorizia-udine-friuli\/13885\" target=\"_blank\" rel=\"noopener\"><span style=\"color:#0000cd;\">Ambasciatore nel mondo delle eccellenze del territorio goriziano <\/span><\/a><\/u>sar\u00e0 assegnata per la prima volta dal sindaco di Gorizia, <strong>Rodolfo Ziberna<\/strong>, marted\u00ec 5 settembre alle 10 nella Sala Bianca del Municipio. Il primo Ambasciatore \u00e8 il goriziano <strong>David Orzan<\/strong>, imprenditore che ha maturato una lunga esperienza all\u2019estero, principalmente nel campo dell\u2019enologia, avviando proficue relazioni commerciali con soggetti operanti soprattutto in Cina.<\/p>\n<p> \tNato a Gorizia nel 1967, David Orzan lavora tuttora in qualit\u00e0 di Export Manager per vari produttori di vino ed \u00e8 consulente internazionale. Dal suo curriculum vitae emergono le esperienze maturate all\u2019estero principalmente nel campo dell\u2019enologia e delle relazioni commerciali intrattenute con soggetti operanti soprattutto in Cina, dove ha vissuto dal 2007 al 2019, e con istituzioni asiatiche. Questo lo ha portato a ospitare a Gorizia alcuni imprenditori cinesi, a cui ha avuto modo di proporre la possibilit\u00e0 di effettuare investimenti anche all\u2019interno del territorio comunale.<\/p>\n<p> \tRitenuto che la sua attivit\u00e0, anche grazie a questo riconoscimento, possa concretamente promuovere la conoscenza di Gorizia in Italia e all\u2019estero e favorire l\u2019insediamento di investimenti nei settori della cultura, dell\u2019enogastronomia, del paesaggio naturale, dell\u2019urbanistica, dell\u2019imprenditoria, del commercio e sostanziarsi in un beneficio reale per la comunit\u00e0 locale, l\u2019amministrazione comunale ha ritenuto di accogliere la candidatura di David Orzan.<\/p>\n<p> \tCome sottolineato nella delibera che istituisce la figura dell\u2019Ambasciatore nel mondo delle eccellenze del territorio goriziano, possono candidarsi a questo titolo cittadini goriziani e non solo che si sono gi\u00e0 distinti per il loro contributo allo sviluppo e all\u2019immagine del territorio goriziano o che possono contribuire in tal senso, in quanto appartenenti agli ambienti pi\u00f9 rappresentativi del lavoro, dell\u2019impresa, della cultura, dello sport, del sociale, dell\u2019economia, dell\u2019informazione. Persone il cui impegno, a livello nazionale e internazionale, possa cio\u00e8 fungere da volano per la diffusione della conoscenza di Gorizia e delle sue eccellenze.<\/p>\n<p> \tIl titolo di Ambasciatore, la cui attivit\u00e0 sar\u00e0 del tutto gratuita, \u00e8 conferito con atto del sindaco previa motivata deliberazione della giunta comunale.<\/p>\n<p> \tLa benemerenza ha una durata di tre anni (eventualmente prorogabili). Sar\u00e0 anche istituito un Albo degli Ambasciatori nel mondo delle eccellenze del territorio goriziano, conservato dalla segreteria del sindaco.<\/p>\n<p> \t\u00a0<\/p>\n","protected":false},"excerpt":{"rendered":"<p>L&#8217;imprenditore di Gorizia ha maturato una lunga esperienza all\u2019estero avviando proficue relazioni commerciali con soggetti operanti soprattutto in Cina<\/p>\n","protected":false},"author":28,"featured_media":49884,"comment_status":"closed","ping_status":"closed","sticky":false,"template":"","format":"standard","meta":{"dwc-title":[],"dwc-content":[],"footnotes":""},"categories":[5],"tags":[],"class_list":["post-49883","post","type-post","status-publish","format-standard","has-post-thumbnail","hentry","category-attualita"],"rttpg_featured_image_url":{"full":["https:\/\/imagazine.it\/wp-content\/uploads\/2024\/02\/54245-1.webp",732,413,false],"landscape":["https:\/\/imagazine.it\/wp-content\/uploads\/2024\/02\/54245-1.webp",732,413,false],"portraits":["https:\/\/imagazine.it\/wp-content\/uploads\/2024\/02\/54245-1.webp",732,413,false],"thumbnail":["https:\/\/imagazine.it\/wp-content\/uploads\/2024\/02\/54245-1-150x150.webp",150,150,true],"medium":["https:\/\/imagazine.it\/wp-content\/uploads\/2024\/02\/54245-1-300x169.webp",300,169,true],"large":["https:\/\/imagazine.it\/wp-content\/uploads\/2024\/02\/54245-1.webp",640,361,false],"thumblist":["https:\/\/imagazine.it\/wp-content\/uploads\/2024\/02\/54245-1-300x300.webp",300,300,true],"thumbrelated":["https:\/\/imagazine.it\/wp-content\/uploads\/2024\/02\/54245-1-500x413.webp",500,413,true],"meccarouselthumb":["https:\/\/imagazine.it\/wp-content\/uploads\/2024\/02\/54245-1-474x324.webp",474,324,true],"gridsquare":["https:\/\/imagazine.it\/wp-content\/uploads\/2024\/02\/54245-1-391x260.webp",391,260,true],"tileview":["https:\/\/imagazine.it\/wp-content\/uploads\/2024\/02\/54245-1-300x400.webp",300,400,true],"1536x1536":["https:\/\/imagazine.it\/wp-content\/uploads\/2024\/02\/54245-1.webp",732,413,false],"2048x2048":["https:\/\/imagazine.it\/wp-content\/uploads\/2024\/02\/54245-1.webp",732,413,false],"newsup-slider-full":["https:\/\/imagazine.it\/wp-content\/uploads\/2024\/02\/54245-1.webp",732,413,false],"newsup-featured":["https:\/\/imagazine.it\/wp-content\/uploads\/2024\/02\/54245-1.webp",732,413,false],"newsup-medium":["https:\/\/imagazine.it\/wp-content\/uploads\/2024\/02\/54245-1-720x380.webp",720,380,true],"tptn_thumbnail":["https:\/\/imagazine.it\/wp-content\/uploads\/2024\/02\/54245-1.webp",250,141,false],"sow-carousel-default":["https:\/\/imagazine.it\/wp-content\/uploads\/2024\/02\/54245-1.webp",272,153,false]},"rttpg_author":{"display_name":"redazione","author_link":"https:\/\/imagazine.it\/home_desk\/author\/redazione\/"},"rttpg_comment":0,"rttpg_category":"<a href=\"https:\/\/imagazine.it\/home_desk\/category\/attualita\/\" rel=\"category tag\">ATTUALIT\u00c0<\/a>","rttpg_excerpt":"L'imprenditore di Gorizia ha maturato una lunga esperienza all\u2019estero avviando proficue relazioni commerciali con soggetti operanti soprattutto in Cina","_links":{"self":[{"href":"https:\/\/imagazine.it\/home_desk\/wp-json\/wp\/v2\/posts\/49883","targetHints":{"allow":["GET"]}}],"collection":[{"href":"https:\/\/imagazine.it\/home_desk\/wp-json\/wp\/v2\/posts"}],"about":[{"href":"https:\/\/imagazine.it\/home_desk\/wp-json\/wp\/v2\/types\/post"}],"author":[{"embeddable":true,"href":"https:\/\/imagazine.it\/home_desk\/wp-json\/wp\/v2\/users\/28"}],"replies":[{"embeddable":true,"href":"https:\/\/imagazine.it\/home_desk\/wp-json\/wp\/v2\/comments?post=49883"}],"version-history":[{"count":0,"href":"https:\/\/imagazine.it\/home_desk\/wp-json\/wp\/v2\/posts\/49883\/revisions"}],"wp:featuredmedia":[{"embeddable":true,"href":"https:\/\/imagazine.it\/home_desk\/wp-json\/wp\/v2\/media\/49884"}],"wp:attachment":[{"href":"https:\/\/imagazine.it\/home_desk\/wp-json\/wp\/v2\/media?parent=49883"}],"wp:term":[{"taxonomy":"category","embeddable":true,"href":"https:\/\/imagazine.it\/home_desk\/wp-json\/wp\/v2\/categories?post=49883"},{"taxonomy":"post_tag","embeddable":true,"href":"https:\/\/imagazine.it\/home_desk\/wp-json\/wp\/v2\/tags?post=49883"}],"curies":[{"name":"wp","href":"https:\/\/api.w.org\/{rel}","templated":true}]}}