{"id":49879,"date":"2023-08-29T00:00:00","date_gmt":"2023-08-28T22:00:00","guid":{"rendered":"https:\/\/imagazine.it\/distruggere-le-cellule-tumorali-gli-usa-premiano-il-cro\/"},"modified":"2023-08-29T00:00:00","modified_gmt":"2023-08-28T22:00:00","slug":"distruggere-le-cellule-tumorali-gli-usa-premiano-il-cro","status":"publish","type":"post","link":"https:\/\/imagazine.it\/home_desk\/distruggere-le-cellule-tumorali-gli-usa-premiano-il-cro\/","title":{"rendered":"Distruggere le cellule tumorali, gli USA premiano il CRO"},"content":{"rendered":"<p> \tAVIANO \u2013 L&#8217;<strong>Irccs<\/strong> <strong>Cro di Aviano<\/strong> \u00e8 stato premiato al Congresso della societ\u00e0 americana di fisica medica per i <strong>trattamenti con Lutezio-PSMA<\/strong>, un radio-farmaco marcato con Lutezio 177 che sfrutta la radioattivit\u00e0 per distruggere, dall&#8217;interno, le cellule tumorali.<\/p>\n<p> \t&#8220;Il Centro di riferimento oncologico di Aviano \u2013 ha commentato l&#8217;assessore alla salute del Friuli Venezia Giulia, <strong>Riccardo Riccardi<\/strong> \u2013 si conferma polo di ricerca e di cura all&#8217;avanguardia per la nostra regione e per il resto del Paese\u201d.<\/p>\n<p> \tL&#8217;Istituto di ricovero e cura a carattere scientifico \u00e8 l&#8217;unico centro autorizzato in regione all&#8217;utilizzo del Lutezio nel trattamento di una patologia rara, i tumori neuroendocrini dell&#8217;apparato digerente.<\/p>\n<p> \t&#8220;Questo nuovo riconoscimento internazionale \u2013 ha concluso Riccardi \u2013 \u00e8 ancora pi\u00f9 importante perch\u00e9 riguarda la cura di malattie rare. Conferma le altissime competenze e le straordinarie capacit\u00e0 dei professionisti della salute e dei ricercatori del Cro: il loro lavoro, fondamentale per combattere i tumori, \u00e8 costante. A loro va il merito di un&#8217;attivit\u00e0 che non sempre premia nel breve periodo ma che a lungo termine permette ai pazienti di potersi avvalere di cure e trattamenti che aumentano la loro speranza di vita&#8221;.<\/p>\n<p> \t\u00a0<\/p>\n","protected":false},"excerpt":{"rendered":"<p>L&#8217;Istituto di ricovero e cura a carattere scientifico \u00e8 l&#8217;unico centro autorizzato in FVG all&#8217;utilizzo del radio-farmaco nel trattamento dei tumori neuroendocrini dell&#8217;apparato digerente<\/p>\n","protected":false},"author":28,"featured_media":49880,"comment_status":"closed","ping_status":"closed","sticky":false,"template":"","format":"standard","meta":{"dwc-title":[],"dwc-content":[],"footnotes":""},"categories":[5],"tags":[],"class_list":["post-49879","post","type-post","status-publish","format-standard","has-post-thumbnail","hentry","category-attualita"],"rttpg_featured_image_url":{"full":["https:\/\/imagazine.it\/wp-content\/uploads\/2024\/02\/54242-1.webp",1000,597,false],"landscape":["https:\/\/imagazine.it\/wp-content\/uploads\/2024\/02\/54242-1.webp",1000,597,false],"portraits":["https:\/\/imagazine.it\/wp-content\/uploads\/2024\/02\/54242-1.webp",1000,597,false],"thumbnail":["https:\/\/imagazine.it\/wp-content\/uploads\/2024\/02\/54242-1-150x150.webp",150,150,true],"medium":["https:\/\/imagazine.it\/wp-content\/uploads\/2024\/02\/54242-1-300x179.webp",300,179,true],"large":["https:\/\/imagazine.it\/wp-content\/uploads\/2024\/02\/54242-1.webp",640,382,false],"thumblist":["https:\/\/imagazine.it\/wp-content\/uploads\/2024\/02\/54242-1-300x300.webp",300,300,true],"thumbrelated":["https:\/\/imagazine.it\/wp-content\/uploads\/2024\/02\/54242-1-500x500.webp",500,500,true],"meccarouselthumb":["https:\/\/imagazine.it\/wp-content\/uploads\/2024\/02\/54242-1-474x324.webp",474,324,true],"gridsquare":["https:\/\/imagazine.it\/wp-content\/uploads\/2024\/02\/54242-1-391x260.webp",391,260,true],"tileview":["https:\/\/imagazine.it\/wp-content\/uploads\/2024\/02\/54242-1-300x400.webp",300,400,true],"1536x1536":["https:\/\/imagazine.it\/wp-content\/uploads\/2024\/02\/54242-1.webp",1000,597,false],"2048x2048":["https:\/\/imagazine.it\/wp-content\/uploads\/2024\/02\/54242-1.webp",1000,597,false],"newsup-slider-full":["https:\/\/imagazine.it\/wp-content\/uploads\/2024\/02\/54242-1.webp",1000,597,false],"newsup-featured":["https:\/\/imagazine.it\/wp-content\/uploads\/2024\/02\/54242-1.webp",1000,597,false],"newsup-medium":["https:\/\/imagazine.it\/wp-content\/uploads\/2024\/02\/54242-1-720x380.webp",720,380,true],"tptn_thumbnail":["https:\/\/imagazine.it\/wp-content\/uploads\/2024\/02\/54242-1.webp",250,149,false],"sow-carousel-default":["https:\/\/imagazine.it\/wp-content\/uploads\/2024\/02\/54242-1.webp",272,162,false]},"rttpg_author":{"display_name":"redazione","author_link":"https:\/\/imagazine.it\/home_desk\/author\/redazione\/"},"rttpg_comment":0,"rttpg_category":"<a href=\"https:\/\/imagazine.it\/home_desk\/category\/attualita\/\" rel=\"category tag\">ATTUALIT\u00c0<\/a>","rttpg_excerpt":"L'Istituto di ricovero e cura a carattere scientifico \u00e8 l'unico centro autorizzato in FVG all'utilizzo del radio-farmaco nel trattamento dei tumori neuroendocrini dell'apparato digerente","_links":{"self":[{"href":"https:\/\/imagazine.it\/home_desk\/wp-json\/wp\/v2\/posts\/49879","targetHints":{"allow":["GET"]}}],"collection":[{"href":"https:\/\/imagazine.it\/home_desk\/wp-json\/wp\/v2\/posts"}],"about":[{"href":"https:\/\/imagazine.it\/home_desk\/wp-json\/wp\/v2\/types\/post"}],"author":[{"embeddable":true,"href":"https:\/\/imagazine.it\/home_desk\/wp-json\/wp\/v2\/users\/28"}],"replies":[{"embeddable":true,"href":"https:\/\/imagazine.it\/home_desk\/wp-json\/wp\/v2\/comments?post=49879"}],"version-history":[{"count":0,"href":"https:\/\/imagazine.it\/home_desk\/wp-json\/wp\/v2\/posts\/49879\/revisions"}],"wp:featuredmedia":[{"embeddable":true,"href":"https:\/\/imagazine.it\/home_desk\/wp-json\/wp\/v2\/media\/49880"}],"wp:attachment":[{"href":"https:\/\/imagazine.it\/home_desk\/wp-json\/wp\/v2\/media?parent=49879"}],"wp:term":[{"taxonomy":"category","embeddable":true,"href":"https:\/\/imagazine.it\/home_desk\/wp-json\/wp\/v2\/categories?post=49879"},{"taxonomy":"post_tag","embeddable":true,"href":"https:\/\/imagazine.it\/home_desk\/wp-json\/wp\/v2\/tags?post=49879"}],"curies":[{"name":"wp","href":"https:\/\/api.w.org\/{rel}","templated":true}]}}