{"id":49873,"date":"2023-08-28T00:00:00","date_gmt":"2023-08-27T22:00:00","guid":{"rendered":"https:\/\/imagazine.it\/i-veterani-dello-sport-a-sostegno-dei-giovani-del-ricreatorio\/"},"modified":"2023-08-28T00:00:00","modified_gmt":"2023-08-27T22:00:00","slug":"i-veterani-dello-sport-a-sostegno-dei-giovani-del-ricreatorio","status":"publish","type":"post","link":"https:\/\/imagazine.it\/home_desk\/i-veterani-dello-sport-a-sostegno-dei-giovani-del-ricreatorio\/","title":{"rendered":"I Veterani dello Sport a sostegno dei giovani del Ricreatorio"},"content":{"rendered":"<p> \tCERVIGNANO DEL FRIULI \u2013 Continua l\u2019impegno della sezione di Cervignano dei <strong>Veterani dello sport<\/strong>: <u><a href=\"https:\/\/www.imagazine.it\/notizie-trieste-gorizia-udine-friuli\/13901\" target=\"_blank\" rel=\"noopener\"><span style=\"color:#0000cd;\">dopo la festa di Ferragosto<\/span><\/a><\/u>, infatti, si \u00e8 riproposta la tradizionale collaborazione con il <strong>Ricreatorio San Michele<\/strong> <u><a href=\"https:\/\/www.imagazine.it\/notizie-trieste-gorizia-udine-friuli\/13960\"><span style=\"color:#0000cd;\">in occasione di \u201c<strong>Estate insieme<\/strong>\u201d<\/span><\/a><\/u>, centro estivo che coinvolger\u00e0 fino al 3 settembre un centinaio di giovani tra i 6 e i 14 anni seguiti da una trentina di animatori.<\/p>\n<p> \tE se durante l\u2019intera settimana di attivit\u00e0, il socio <strong>Leonardo Damin<\/strong> ha garantito il pranzo alla nutrita squadra di animatori, nella serata di venerd\u00ec 25 agosto, alla presenza dei genitori dei giovani partecipanti, sono stati organizzati giochi, spettacoli e una pastasciutta per tutti. Il principale artefice della serata \u00e8 stato <strong>Lucio Roppa<\/strong> che ha guidato il gruppo dei volontari della sezione, realizzando e distribuendo in poco pi\u00f9 di una decina di minuti, ai quasi trecento presenti, pasta al rag\u00f9 o, a richiesta, in bianco.<\/p>\n<p> \tSenza dimenticare la presenza di <strong>Massimiliano Zanel<\/strong>, che mette sempre a disposizione della sezione i propri mezzi per garantire il servizio logistico e dei trasporti.<\/p>\n<p> \tDurante il suo intervento nel corso della serata, il presidente dei Veterani dello Sport di Cervignano, <strong>Giorgio Comisso<\/strong>, ha elogiato gli artefici dell\u2019\u201cEstate insieme\u201d e ha ricordato sottolineando la disponibilit\u00e0 dei Veterani a fornire il proprio contributo alla buona riuscita delle attivit\u00e0 che coinvolgono il territorio.<\/p>\n<p> \t\u201cIn molte occasioni, come questa \u2013 ha affermato Comisso \u2013, le nostre attenzioni si rivolgono ai pi\u00f9 giovani; in altre ai meno giovani, visto che il 23 settembre offriremo il nostro supporto ai gestori della Casa di riposo per realizzare, anche quest\u2019anno, i \u201cGiochi senza barriere\u201d, riservati proprio agli ospiti della struttura. Il nostro impegno \u00e8 sempre quello di collaborare con le altre realt\u00e0 locali per il bene della comunit\u00e0\u201d.<\/p>\n<p> \tLa squadra che ha lavorato alla festa di \u201cEstate insieme\u201d, era composta anche da <strong>Luigino Toffolo<\/strong>, <strong>Giorgio Toffolo<\/strong>, <strong>Giorgio Titotto<\/strong>, <strong>Carlo Toso<\/strong>, <strong>Paolo Alessio<\/strong>, <strong>Giovanni Sverzut<\/strong>, <strong>Anna Pompa<\/strong> e <strong>Roberto Tomat<\/strong>.<\/p>\n<p> \t\u00a0<\/p>\n","protected":false},"excerpt":{"rendered":"<p>La sezione cervignanese ha collaborato in occasione della serata tra genitori e figli organizzata nell&#8217;ambito di Estate Insieme<\/p>\n","protected":false},"author":12,"featured_media":49874,"comment_status":"closed","ping_status":"closed","sticky":false,"template":"","format":"standard","meta":{"dwc-title":[],"dwc-content":[],"footnotes":""},"categories":[5],"tags":[],"class_list":["post-49873","post","type-post","status-publish","format-standard","has-post-thumbnail","hentry","category-attualita"],"rttpg_featured_image_url":{"full":["https:\/\/imagazine.it\/wp-content\/uploads\/2024\/02\/54232-1.webp",1000,680,false],"landscape":["https:\/\/imagazine.it\/wp-content\/uploads\/2024\/02\/54232-1.webp",1000,680,false],"portraits":["https:\/\/imagazine.it\/wp-content\/uploads\/2024\/02\/54232-1.webp",1000,680,false],"thumbnail":["https:\/\/imagazine.it\/wp-content\/uploads\/2024\/02\/54232-1-150x150.webp",150,150,true],"medium":["https:\/\/imagazine.it\/wp-content\/uploads\/2024\/02\/54232-1-300x204.webp",300,204,true],"large":["https:\/\/imagazine.it\/wp-content\/uploads\/2024\/02\/54232-1.webp",640,435,false],"thumblist":["https:\/\/imagazine.it\/wp-content\/uploads\/2024\/02\/54232-1-300x300.webp",300,300,true],"thumbrelated":["https:\/\/imagazine.it\/wp-content\/uploads\/2024\/02\/54232-1-500x500.webp",500,500,true],"meccarouselthumb":["https:\/\/imagazine.it\/wp-content\/uploads\/2024\/02\/54232-1-474x324.webp",474,324,true],"gridsquare":["https:\/\/imagazine.it\/wp-content\/uploads\/2024\/02\/54232-1-391x260.webp",391,260,true],"tileview":["https:\/\/imagazine.it\/wp-content\/uploads\/2024\/02\/54232-1-300x400.webp",300,400,true],"1536x1536":["https:\/\/imagazine.it\/wp-content\/uploads\/2024\/02\/54232-1.webp",1000,680,false],"2048x2048":["https:\/\/imagazine.it\/wp-content\/uploads\/2024\/02\/54232-1.webp",1000,680,false],"newsup-slider-full":["https:\/\/imagazine.it\/wp-content\/uploads\/2024\/02\/54232-1.webp",1000,680,false],"newsup-featured":["https:\/\/imagazine.it\/wp-content\/uploads\/2024\/02\/54232-1.webp",1000,680,false],"newsup-medium":["https:\/\/imagazine.it\/wp-content\/uploads\/2024\/02\/54232-1-720x380.webp",720,380,true],"tptn_thumbnail":["https:\/\/imagazine.it\/wp-content\/uploads\/2024\/02\/54232-1.webp",250,170,false],"sow-carousel-default":["https:\/\/imagazine.it\/wp-content\/uploads\/2024\/02\/54232-1.webp",268,182,false]},"rttpg_author":{"display_name":"Claudio Pizzin","author_link":"https:\/\/imagazine.it\/home_desk\/author\/pizzin\/"},"rttpg_comment":0,"rttpg_category":"<a href=\"https:\/\/imagazine.it\/home_desk\/category\/attualita\/\" rel=\"category tag\">ATTUALIT\u00c0<\/a>","rttpg_excerpt":"La sezione cervignanese ha collaborato in occasione della serata tra genitori e figli organizzata nell'ambito di Estate Insieme","_links":{"self":[{"href":"https:\/\/imagazine.it\/home_desk\/wp-json\/wp\/v2\/posts\/49873","targetHints":{"allow":["GET"]}}],"collection":[{"href":"https:\/\/imagazine.it\/home_desk\/wp-json\/wp\/v2\/posts"}],"about":[{"href":"https:\/\/imagazine.it\/home_desk\/wp-json\/wp\/v2\/types\/post"}],"author":[{"embeddable":true,"href":"https:\/\/imagazine.it\/home_desk\/wp-json\/wp\/v2\/users\/12"}],"replies":[{"embeddable":true,"href":"https:\/\/imagazine.it\/home_desk\/wp-json\/wp\/v2\/comments?post=49873"}],"version-history":[{"count":0,"href":"https:\/\/imagazine.it\/home_desk\/wp-json\/wp\/v2\/posts\/49873\/revisions"}],"wp:featuredmedia":[{"embeddable":true,"href":"https:\/\/imagazine.it\/home_desk\/wp-json\/wp\/v2\/media\/49874"}],"wp:attachment":[{"href":"https:\/\/imagazine.it\/home_desk\/wp-json\/wp\/v2\/media?parent=49873"}],"wp:term":[{"taxonomy":"category","embeddable":true,"href":"https:\/\/imagazine.it\/home_desk\/wp-json\/wp\/v2\/categories?post=49873"},{"taxonomy":"post_tag","embeddable":true,"href":"https:\/\/imagazine.it\/home_desk\/wp-json\/wp\/v2\/tags?post=49873"}],"curies":[{"name":"wp","href":"https:\/\/api.w.org\/{rel}","templated":true}]}}