{"id":49865,"date":"2023-08-25T00:00:00","date_gmt":"2023-08-24T22:00:00","guid":{"rendered":"https:\/\/imagazine.it\/staranzano-plaude-ivan-bidoli\/"},"modified":"2023-08-25T00:00:00","modified_gmt":"2023-08-24T22:00:00","slug":"staranzano-plaude-ivan-bidoli","status":"publish","type":"post","link":"https:\/\/imagazine.it\/home_desk\/staranzano-plaude-ivan-bidoli\/","title":{"rendered":"Staranzano plaude Ivan Bidoli"},"content":{"rendered":"<p> \tSTARANZANO \u2013 Inaugurata presso la sala \u201cDelbianco\u201d una mostra retrospettiva dell&#8217;<u><a href=\"https:\/\/www.imagazine.it\/notizie-trieste-gorizia-udine-friuli\/6440\" target=\"_blank\" rel=\"noopener\"><span style=\"color:#0000cd;\">artista fiumicellese Ivan Bidoli<\/span><\/a><\/u>, intitolata <u><a href=\"https:\/\/www.imagazine.it\/eventi\/45369\" target=\"_blank\" rel=\"noopener\"><span style=\"color:#0000cd;\">\u201c<em>Una vita con tutto l&#8217;entusiasmo per l&#8217;arte<\/em>\u201d<\/span><\/a><\/u>.<\/p>\n<p> \tLa mostra che ha ricevuto il patrocinio del Comune di Staranzano e della Pro Loco staranzanese questa mostra si colloca come evento all&#8217;interno del programma della Sagra de le Raze.<\/p>\n<p> \tA fare gli onori di casa il sindaco <strong>Riccardo Marchesan<\/strong> e la presidente della Pro Loco, <strong>Paola Ferfoglia<\/strong>: entrambi hanno espresso la loro soddisfazione per l&#8217;evento.<\/p>\n<p> \t\u00c8 quindi intervenuta <strong>Cristina Feresin<\/strong> che ha tracciato la figura dell&#8217;artista ripercorrendo l&#8217;attivit\u00e0 dagli anni cinquanta della sua formazione al Liceo artistico di Venezia alla conoscenza del maestro Max Fabiani, grande architetto e urbanista di cui divenne suo unico allievo, frequentano lo studio per due anni.<\/p>\n<p> \tPer dare forma alla sua arte Bidoli crea una galleria di personaggi del suo paese, Fiumicello: persone che pur nelle difficolt\u00e0 dei tempi e nella miseria hanno sempre avuto una loro dignit\u00e0 e rispettabilit\u00e0. Anche coloro che avevano atteggiamenti stravaganti erano amati dalla gente del paese.<\/p>\n<p> \tFeresin ha citato anche l&#8217;opera che l&#8217;artista ha realizzato e donato al Comune di Fiumicello Villa Vicentina: \u201c<em>Cent&#8217;anni di evoluzione<\/em>\u201d che fa bella mostra di s\u00e8 nella sala consigliare del Comune della bassa friulana, con la quale racconta uno spaccato della vita della comunit\u00e0 fiumicellese.<\/p>\n<p> \tIvan Bidoli \u00e8 stato tra l&#8217;altro <u><a href=\"https:\/\/www.imagazine.it\/notizie-trieste-gorizia-udine-friuli\/6591\" target=\"_blank\" rel=\"noopener\"><span style=\"color:#0000cd;\">l&#8217;anima e l&#8217;animatore fin dagli inizi dell&#8217;Arenella<\/span><\/a><\/u> che per molti anni \u00e8 stato punto di ritrovo e di divertimento per persone provenienti da tutta la regione.<\/p>\n<p> \tAlcune brevi parole di ringraziamento a tutti i presenti le ha rivolte l&#8217;artista, prima di ricevere dal pubblico gli auguri per i suoi novant&#8217;anni.<\/p>\n<p> \tCon l\u2019accompagnamento musicale dell&#8217;arpista <strong>Anna Pilleroni<\/strong> i convenuti hanno potuto ammirare le opere esposte e scambiare qualche parola con Bidoli. La mostra si potr\u00e0 visitare fino a\u00a0 domenica 10 settembre in quell&#8217;occasione ci sar\u00e0 l&#8217;esposizione di foto a ricordo del mitico locale l&#8217;Arenella.<\/p>\n<p> \t\u00a0<\/p>\n","protected":false},"excerpt":{"rendered":"<p>Le opere del pittore fiumicellese esposte nell&#8217;ambito della Sagra de le Raze<\/p>\n","protected":false},"author":12,"featured_media":49866,"comment_status":"closed","ping_status":"closed","sticky":false,"template":"","format":"standard","meta":{"dwc-title":[],"dwc-content":[],"footnotes":""},"categories":[37],"tags":[],"class_list":["post-49865","post","type-post","status-publish","format-standard","has-post-thumbnail","hentry","category-cultura-e-spettacolo"],"rttpg_featured_image_url":{"full":["https:\/\/imagazine.it\/wp-content\/uploads\/2024\/02\/54220-1.webp",1000,667,false],"landscape":["https:\/\/imagazine.it\/wp-content\/uploads\/2024\/02\/54220-1.webp",1000,667,false],"portraits":["https:\/\/imagazine.it\/wp-content\/uploads\/2024\/02\/54220-1.webp",1000,667,false],"thumbnail":["https:\/\/imagazine.it\/wp-content\/uploads\/2024\/02\/54220-1-150x150.webp",150,150,true],"medium":["https:\/\/imagazine.it\/wp-content\/uploads\/2024\/02\/54220-1-300x200.webp",300,200,true],"large":["https:\/\/imagazine.it\/wp-content\/uploads\/2024\/02\/54220-1.webp",640,427,false],"thumblist":["https:\/\/imagazine.it\/wp-content\/uploads\/2024\/02\/54220-1-300x300.webp",300,300,true],"thumbrelated":["https:\/\/imagazine.it\/wp-content\/uploads\/2024\/02\/54220-1-500x500.webp",500,500,true],"meccarouselthumb":["https:\/\/imagazine.it\/wp-content\/uploads\/2024\/02\/54220-1-474x324.webp",474,324,true],"gridsquare":["https:\/\/imagazine.it\/wp-content\/uploads\/2024\/02\/54220-1-391x260.webp",391,260,true],"tileview":["https:\/\/imagazine.it\/wp-content\/uploads\/2024\/02\/54220-1-300x400.webp",300,400,true],"1536x1536":["https:\/\/imagazine.it\/wp-content\/uploads\/2024\/02\/54220-1.webp",1000,667,false],"2048x2048":["https:\/\/imagazine.it\/wp-content\/uploads\/2024\/02\/54220-1.webp",1000,667,false],"newsup-slider-full":["https:\/\/imagazine.it\/wp-content\/uploads\/2024\/02\/54220-1.webp",1000,667,false],"newsup-featured":["https:\/\/imagazine.it\/wp-content\/uploads\/2024\/02\/54220-1.webp",1000,667,false],"newsup-medium":["https:\/\/imagazine.it\/wp-content\/uploads\/2024\/02\/54220-1-720x380.webp",720,380,true],"tptn_thumbnail":["https:\/\/imagazine.it\/wp-content\/uploads\/2024\/02\/54220-1.webp",250,167,false],"sow-carousel-default":["https:\/\/imagazine.it\/wp-content\/uploads\/2024\/02\/54220-1.webp",272,182,false]},"rttpg_author":{"display_name":"Claudio Pizzin","author_link":"https:\/\/imagazine.it\/home_desk\/author\/pizzin\/"},"rttpg_comment":0,"rttpg_category":"<a href=\"https:\/\/imagazine.it\/home_desk\/category\/cultura-e-spettacolo\/\" rel=\"category tag\">CULTURA&amp;SPETTACOLO<\/a>","rttpg_excerpt":"Le opere del pittore fiumicellese esposte nell'ambito della Sagra de le Raze","_links":{"self":[{"href":"https:\/\/imagazine.it\/home_desk\/wp-json\/wp\/v2\/posts\/49865","targetHints":{"allow":["GET"]}}],"collection":[{"href":"https:\/\/imagazine.it\/home_desk\/wp-json\/wp\/v2\/posts"}],"about":[{"href":"https:\/\/imagazine.it\/home_desk\/wp-json\/wp\/v2\/types\/post"}],"author":[{"embeddable":true,"href":"https:\/\/imagazine.it\/home_desk\/wp-json\/wp\/v2\/users\/12"}],"replies":[{"embeddable":true,"href":"https:\/\/imagazine.it\/home_desk\/wp-json\/wp\/v2\/comments?post=49865"}],"version-history":[{"count":0,"href":"https:\/\/imagazine.it\/home_desk\/wp-json\/wp\/v2\/posts\/49865\/revisions"}],"wp:featuredmedia":[{"embeddable":true,"href":"https:\/\/imagazine.it\/home_desk\/wp-json\/wp\/v2\/media\/49866"}],"wp:attachment":[{"href":"https:\/\/imagazine.it\/home_desk\/wp-json\/wp\/v2\/media?parent=49865"}],"wp:term":[{"taxonomy":"category","embeddable":true,"href":"https:\/\/imagazine.it\/home_desk\/wp-json\/wp\/v2\/categories?post=49865"},{"taxonomy":"post_tag","embeddable":true,"href":"https:\/\/imagazine.it\/home_desk\/wp-json\/wp\/v2\/tags?post=49865"}],"curies":[{"name":"wp","href":"https:\/\/api.w.org\/{rel}","templated":true}]}}