{"id":49859,"date":"2023-08-25T00:00:00","date_gmt":"2023-08-24T22:00:00","guid":{"rendered":"https:\/\/imagazine.it\/il-fvg-lancia-la-vendemmia-turistico-didattica\/"},"modified":"2023-08-25T00:00:00","modified_gmt":"2023-08-24T22:00:00","slug":"il-fvg-lancia-la-vendemmia-turistico-didattica","status":"publish","type":"post","link":"https:\/\/imagazine.it\/home_desk\/il-fvg-lancia-la-vendemmia-turistico-didattica\/","title":{"rendered":"Il FVG lancia la vendemmia turistico-didattica"},"content":{"rendered":"<p> \tCORNO DI ROSAZZO \u2013 Raccogliere l\u2019uva e conoscere i segreti che racchiudono i vigneti in compagnia di mani esperte come quelle dei viticoltori.<\/p>\n<p> \tTra storia e magia, la <strong>vendemmia<\/strong> \u00e8 il rito che ogni anno si compie tra i filari e <strong>diventa ora<\/strong> <strong>un\u2019esperienza turistica e didattica ad arricchire la proposta del Friuli Venezia Giulia<\/strong>.<\/p>\n<p> \tOggi, all\u2019azienda Collavini di Corno di Rosazzo, il progetto \u00e8 stato presentato in anteprima a un gruppo di giornalisti, per raccontare in prima persona l\u2019esperienza che <strong>dal 1\u00b0 settembre<\/strong> sar\u00e0 disponibile a <strong>turisti e appassionati <u><a href=\"https:\/\/www.turismofvg.it\/it\/vendemmia-turistica-didattica\/solo-vendemmia\" target=\"_blank\" rel=\"noopener\"><span style=\"color:#0000cd;\">in nove aziende vitivinicole della regione<\/span><\/a><\/u><\/strong>, ognuna delle quali proporr\u00e0 date diverse a seconda delle disponibilit\u00e0 e per le quali \u00e8 gi\u00e0 possibile prenotare.<\/p>\n<p> \tDopo una breve illustrazione dell\u2019iniziativa, la mattinata \u00e8 proseguita tra i filari con la prova pratica in cui sono state illustrate alcune delle principali tecniche della raccolta direttamente dai viticoltori.<\/p>\n<p> \tLanciata da PromoTurismoFVG e dal coordinamento regionale dell\u2019Associazione nazionale Citt\u00e0 del Vino, l\u2019iniziativa offre l\u2019occasione di vendemmiare (<em>&#8220;vendem\u00e2&#8221; <\/em>nella lingua friulana) e trascorrere qualche ora o mezza giornata tra le vigne del Collio e dei Colli orientali, nelle aziende vitivinicole che apriranno i cancelli agli appassionati, ai curiosi e ai turisti.<\/p>\n<p> \tIl vendemmiatore turista rappresenta una delle ultime frontiere dell\u2019enoturismo e il <strong>Friuli Venezia Giulia \u00e8 la prima regione d\u2019Italia ad aver firmato un protocollo d\u2019intesa per promuovere il valore di un\u2019esperienza<\/strong> che <strong>incrementer\u00e0 l\u2019offerta turistica del territorio<\/strong>.<\/p>\n<p> \tAdatta anche alle famiglie con bambini, l\u2019esperienza permette di <strong>partecipare attivamente alla vendemmia<\/strong> in totale sicurezza, immersi in alcuni dei pi\u00f9 suggestivi paesaggi di una terra vocata alla vinificazione. Dopo la \u201clezione\u201d tra i filari, con la vendemmia guidata e le spiegazioni sulla maturit\u00e0 dell\u2019uva, i visitatori potranno scendere in cantina in cui saranno illustrate le prime fasi di vinificazione, per poi godersi un calice dei vini dell\u2019azienda in compagnia del produttore o assaggiare le tipicit\u00e0 locali nella cena degustazione.<\/p>\n<p> \t\u00a0<\/p>\n","protected":false},"excerpt":{"rendered":"<p>Dal 1\u00b0 settembre l\u2019iniziativa sar\u00e0 proposta in nove aziende vitivinicole: un\u2019occasione per partecipare in prima persona alla raccolta dell\u2019uva e scoprire i segreti del mondo del vino<\/p>\n","protected":false},"author":28,"featured_media":49860,"comment_status":"closed","ping_status":"closed","sticky":false,"template":"","format":"standard","meta":{"dwc-title":[],"dwc-content":[],"footnotes":""},"categories":[8],"tags":[],"class_list":["post-49859","post","type-post","status-publish","format-standard","has-post-thumbnail","hentry","category-turismo"],"rttpg_featured_image_url":{"full":["https:\/\/imagazine.it\/wp-content\/uploads\/2024\/02\/54201-1.webp",1000,720,false],"landscape":["https:\/\/imagazine.it\/wp-content\/uploads\/2024\/02\/54201-1.webp",1000,720,false],"portraits":["https:\/\/imagazine.it\/wp-content\/uploads\/2024\/02\/54201-1.webp",1000,720,false],"thumbnail":["https:\/\/imagazine.it\/wp-content\/uploads\/2024\/02\/54201-1-150x150.webp",150,150,true],"medium":["https:\/\/imagazine.it\/wp-content\/uploads\/2024\/02\/54201-1-300x216.webp",300,216,true],"large":["https:\/\/imagazine.it\/wp-content\/uploads\/2024\/02\/54201-1.webp",640,461,false],"thumblist":["https:\/\/imagazine.it\/wp-content\/uploads\/2024\/02\/54201-1-300x300.webp",300,300,true],"thumbrelated":["https:\/\/imagazine.it\/wp-content\/uploads\/2024\/02\/54201-1-500x500.webp",500,500,true],"meccarouselthumb":["https:\/\/imagazine.it\/wp-content\/uploads\/2024\/02\/54201-1-474x324.webp",474,324,true],"gridsquare":["https:\/\/imagazine.it\/wp-content\/uploads\/2024\/02\/54201-1-391x260.webp",391,260,true],"tileview":["https:\/\/imagazine.it\/wp-content\/uploads\/2024\/02\/54201-1-300x400.webp",300,400,true],"1536x1536":["https:\/\/imagazine.it\/wp-content\/uploads\/2024\/02\/54201-1.webp",1000,720,false],"2048x2048":["https:\/\/imagazine.it\/wp-content\/uploads\/2024\/02\/54201-1.webp",1000,720,false],"newsup-slider-full":["https:\/\/imagazine.it\/wp-content\/uploads\/2024\/02\/54201-1.webp",1000,720,false],"newsup-featured":["https:\/\/imagazine.it\/wp-content\/uploads\/2024\/02\/54201-1.webp",1000,720,false],"newsup-medium":["https:\/\/imagazine.it\/wp-content\/uploads\/2024\/02\/54201-1-720x380.webp",720,380,true],"tptn_thumbnail":["https:\/\/imagazine.it\/wp-content\/uploads\/2024\/02\/54201-1.webp",250,180,false],"sow-carousel-default":["https:\/\/imagazine.it\/wp-content\/uploads\/2024\/02\/54201-1.webp",253,182,false]},"rttpg_author":{"display_name":"redazione","author_link":"https:\/\/imagazine.it\/home_desk\/author\/redazione\/"},"rttpg_comment":0,"rttpg_category":"<a href=\"https:\/\/imagazine.it\/home_desk\/category\/turismo\/\" rel=\"category tag\">TURISMO<\/a>","rttpg_excerpt":"Dal 1\u00b0 settembre l\u2019iniziativa sar\u00e0 proposta in nove aziende vitivinicole: un\u2019occasione per partecipare in prima persona alla raccolta dell\u2019uva e scoprire i segreti del mondo del vino","_links":{"self":[{"href":"https:\/\/imagazine.it\/home_desk\/wp-json\/wp\/v2\/posts\/49859","targetHints":{"allow":["GET"]}}],"collection":[{"href":"https:\/\/imagazine.it\/home_desk\/wp-json\/wp\/v2\/posts"}],"about":[{"href":"https:\/\/imagazine.it\/home_desk\/wp-json\/wp\/v2\/types\/post"}],"author":[{"embeddable":true,"href":"https:\/\/imagazine.it\/home_desk\/wp-json\/wp\/v2\/users\/28"}],"replies":[{"embeddable":true,"href":"https:\/\/imagazine.it\/home_desk\/wp-json\/wp\/v2\/comments?post=49859"}],"version-history":[{"count":0,"href":"https:\/\/imagazine.it\/home_desk\/wp-json\/wp\/v2\/posts\/49859\/revisions"}],"wp:featuredmedia":[{"embeddable":true,"href":"https:\/\/imagazine.it\/home_desk\/wp-json\/wp\/v2\/media\/49860"}],"wp:attachment":[{"href":"https:\/\/imagazine.it\/home_desk\/wp-json\/wp\/v2\/media?parent=49859"}],"wp:term":[{"taxonomy":"category","embeddable":true,"href":"https:\/\/imagazine.it\/home_desk\/wp-json\/wp\/v2\/categories?post=49859"},{"taxonomy":"post_tag","embeddable":true,"href":"https:\/\/imagazine.it\/home_desk\/wp-json\/wp\/v2\/tags?post=49859"}],"curies":[{"name":"wp","href":"https:\/\/api.w.org\/{rel}","templated":true}]}}