{"id":49857,"date":"2023-08-25T00:00:00","date_gmt":"2023-08-24T22:00:00","guid":{"rendered":"https:\/\/imagazine.it\/rifugio-maniago-in-festa-nelle-dolomiti-friulane\/"},"modified":"2023-08-25T00:00:00","modified_gmt":"2023-08-24T22:00:00","slug":"rifugio-maniago-in-festa-nelle-dolomiti-friulane","status":"publish","type":"post","link":"https:\/\/imagazine.it\/home_desk\/rifugio-maniago-in-festa-nelle-dolomiti-friulane\/","title":{"rendered":"Rifugio Maniago in festa nelle Dolomiti Friulane"},"content":{"rendered":"<p> \tERTO E CASSO \u2013 Il <strong>Rifugio Maniago<\/strong>, situato in <strong>Val Zemola<\/strong>, nel comune di Erto e Casso, si appresta a celebrare il suo <strong>60\u00b0 anniversario<\/strong> con una serie di eventi speciali fino al 3 settembre.<\/p>\n<p> \tDa sei decenni questo rifugio, posizionato strategicamente nel cuore delle Dolomiti Friulane e propriet\u00e0 del <strong>CAI di Maniago<\/strong>, rappresenta un punto di riferimento per escursionisti, amanti della montagna e per l&#8217;intera comunit\u00e0.<\/p>\n<p> \tLa settimana \u00e8 iniziata con l&#8217;allestimento di una <strong>mostra fotografica<\/strong> dedicata al Rifugio Maniago presso le <strong>Vecchie Scuderie di Palazzo D&#8217;Attimis a Maniago<\/strong>, che rimarr\u00e0 aperta per l&#8217;intera durata delle celebrazioni.<\/p>\n<p> \tSabato 26 agosto, i soci CAI si ritroveranno alle 8 a Maniago per intraprendere la <strong>Ferrata della memoria al Vaiont<\/strong>. La serata vedr\u00e0 il Rifugio Maniago illuminarsi con &#8220;<em>Musica sotto le stelle<\/em>&#8221; a partire dalle 19.30, con la speciale opzione per gli avventurosi di pernottare all&#8217;aperto nell&#8217;area adiacente, portando con s\u00e9 la propria tenda.<\/p>\n<p> \tLa giornata di domenica 27 agosto prevede diverse attivit\u00e0: un&#8217;escursione naturalistica partir\u00e0 direttamente dal Rifugio Maniago alle 8. Alle 11, sar\u00e0 celebrata una messa, seguita, alle 12, dal saluto delle autorit\u00e0 locali. In segno di ringraziamento e condivisione, il CAI Maniago offrir\u00e0 a tutti una spaghettata.<\/p>\n<p> \tInfine, alle 15, gli ospiti saranno intrattenuti da un incontro musicale e narrativo con <strong>Antonio G. Bortoluzzi<\/strong> e <strong>Marco Anzovino<\/strong>, che presenteranno &#8220;<em>Montagna Madre<\/em>&#8220;.<\/p>\n<p> \tPer ulteriori dettagli o informazioni, gli interessati sono invitati a contattare direttamente l&#8217;organizzazione all&#8217;indirizzo e-mail: <a href=\"mailto:maniago@cai.it\" target=\"_blank\" rel=\"noopener\">maniago@cai.it<\/a>. Con queste celebrazioni, il Rifugio Maniago auspica di raccogliere vecchi e nuovi amici, celebrando insieme un luogo che, per 60 anni, \u00e8 stato teatro di indimenticabili avventure nelle Dolomiti Friulane.<\/p>\n<p> \tL\u2019evento, organizzato dal CAI di Maniago, \u00e8 patrocinato dalla Fondazione Dolomiti UNESCO e dai Comuni di Maniago e di Erto e Casso.<\/p>\n<p> \t\u00a0<\/p>\n","protected":false},"excerpt":{"rendered":"<p>Di propriet\u00e0 del CAI, fino al 3 settembre celebrer\u00e0 con una serie di eventi speciali il prestigioso anniversario<\/p>\n","protected":false},"author":28,"featured_media":49858,"comment_status":"closed","ping_status":"closed","sticky":false,"template":"","format":"standard","meta":{"dwc-title":[],"dwc-content":[],"footnotes":""},"categories":[8],"tags":[],"class_list":["post-49857","post","type-post","status-publish","format-standard","has-post-thumbnail","hentry","category-turismo"],"rttpg_featured_image_url":{"full":["https:\/\/imagazine.it\/wp-content\/uploads\/2024\/02\/54197-1.webp",1000,752,false],"landscape":["https:\/\/imagazine.it\/wp-content\/uploads\/2024\/02\/54197-1.webp",1000,752,false],"portraits":["https:\/\/imagazine.it\/wp-content\/uploads\/2024\/02\/54197-1.webp",1000,752,false],"thumbnail":["https:\/\/imagazine.it\/wp-content\/uploads\/2024\/02\/54197-1-150x150.webp",150,150,true],"medium":["https:\/\/imagazine.it\/wp-content\/uploads\/2024\/02\/54197-1-300x226.webp",300,226,true],"large":["https:\/\/imagazine.it\/wp-content\/uploads\/2024\/02\/54197-1.webp",640,481,false],"thumblist":["https:\/\/imagazine.it\/wp-content\/uploads\/2024\/02\/54197-1-300x300.webp",300,300,true],"thumbrelated":["https:\/\/imagazine.it\/wp-content\/uploads\/2024\/02\/54197-1-500x500.webp",500,500,true],"meccarouselthumb":["https:\/\/imagazine.it\/wp-content\/uploads\/2024\/02\/54197-1-474x324.webp",474,324,true],"gridsquare":["https:\/\/imagazine.it\/wp-content\/uploads\/2024\/02\/54197-1-391x260.webp",391,260,true],"tileview":["https:\/\/imagazine.it\/wp-content\/uploads\/2024\/02\/54197-1-300x400.webp",300,400,true],"1536x1536":["https:\/\/imagazine.it\/wp-content\/uploads\/2024\/02\/54197-1.webp",1000,752,false],"2048x2048":["https:\/\/imagazine.it\/wp-content\/uploads\/2024\/02\/54197-1.webp",1000,752,false],"newsup-slider-full":["https:\/\/imagazine.it\/wp-content\/uploads\/2024\/02\/54197-1-1000x720.webp",1000,720,true],"newsup-featured":["https:\/\/imagazine.it\/wp-content\/uploads\/2024\/02\/54197-1.webp",1000,752,false],"newsup-medium":["https:\/\/imagazine.it\/wp-content\/uploads\/2024\/02\/54197-1-720x380.webp",720,380,true],"tptn_thumbnail":["https:\/\/imagazine.it\/wp-content\/uploads\/2024\/02\/54197-1.webp",250,188,false],"sow-carousel-default":["https:\/\/imagazine.it\/wp-content\/uploads\/2024\/02\/54197-1.webp",242,182,false]},"rttpg_author":{"display_name":"redazione","author_link":"https:\/\/imagazine.it\/home_desk\/author\/redazione\/"},"rttpg_comment":0,"rttpg_category":"<a href=\"https:\/\/imagazine.it\/home_desk\/category\/turismo\/\" rel=\"category tag\">TURISMO<\/a>","rttpg_excerpt":"Di propriet\u00e0 del CAI, fino al 3 settembre celebrer\u00e0 con una serie di eventi speciali il prestigioso anniversario","_links":{"self":[{"href":"https:\/\/imagazine.it\/home_desk\/wp-json\/wp\/v2\/posts\/49857","targetHints":{"allow":["GET"]}}],"collection":[{"href":"https:\/\/imagazine.it\/home_desk\/wp-json\/wp\/v2\/posts"}],"about":[{"href":"https:\/\/imagazine.it\/home_desk\/wp-json\/wp\/v2\/types\/post"}],"author":[{"embeddable":true,"href":"https:\/\/imagazine.it\/home_desk\/wp-json\/wp\/v2\/users\/28"}],"replies":[{"embeddable":true,"href":"https:\/\/imagazine.it\/home_desk\/wp-json\/wp\/v2\/comments?post=49857"}],"version-history":[{"count":0,"href":"https:\/\/imagazine.it\/home_desk\/wp-json\/wp\/v2\/posts\/49857\/revisions"}],"wp:featuredmedia":[{"embeddable":true,"href":"https:\/\/imagazine.it\/home_desk\/wp-json\/wp\/v2\/media\/49858"}],"wp:attachment":[{"href":"https:\/\/imagazine.it\/home_desk\/wp-json\/wp\/v2\/media?parent=49857"}],"wp:term":[{"taxonomy":"category","embeddable":true,"href":"https:\/\/imagazine.it\/home_desk\/wp-json\/wp\/v2\/categories?post=49857"},{"taxonomy":"post_tag","embeddable":true,"href":"https:\/\/imagazine.it\/home_desk\/wp-json\/wp\/v2\/tags?post=49857"}],"curies":[{"name":"wp","href":"https:\/\/api.w.org\/{rel}","templated":true}]}}