{"id":49851,"date":"2023-08-24T00:00:00","date_gmt":"2023-08-23T22:00:00","guid":{"rendered":"https:\/\/imagazine.it\/palmanova-rivive-larrivo-di-napoleone-in-piazza\/"},"modified":"2023-08-24T00:00:00","modified_gmt":"2023-08-23T22:00:00","slug":"palmanova-rivive-larrivo-di-napoleone-in-piazza","status":"publish","type":"post","link":"https:\/\/imagazine.it\/home_desk\/palmanova-rivive-larrivo-di-napoleone-in-piazza\/","title":{"rendered":"Palmanova rivive l&#8217;arrivo di Napoleone in piazza"},"content":{"rendered":"<p> \tUDINE \u2013 Presentata nella sede della Soprintendenza archeologia, belle arti e paesaggio del Friuli Venezia Giulia &#8220;<u><a href=\"https:\/\/www.imagazine.it\/eventi\/45342\" target=\"_blank\" rel=\"noopener\"><span style=\"color:#0000cd;\"><strong><em>Palma alle armi &#8211; 1809 l&#8217;Assedio<\/em><\/strong>&#8220;, la pi\u00f9 grande rievocazione storica napoleonica in Italia<\/span><\/a><\/u> e tra gli eventi pi\u00f9 rappresentativi dell&#8217;epoca in tutta Europa prevista a <strong>Palmanova<\/strong> <strong>da venerd\u00ec 1 a domenica 3 settembre<\/strong>.<\/p>\n<p> \tAlla conferenza stampa sono intervenuti il vicegovernatore della Regione con delega alla Cultura <strong>Mario Anzil<\/strong>, il soprintendente ad interim <strong>Andrea Pessina<\/strong>, il sindaco di Palmanova <strong>Giuseppe Tellini<\/strong>, l&#8217;assessore alla cultura <strong>Silvia Savi<\/strong> e <strong>Antonio Gremese<\/strong>, referente per il 113\u00e8me R\u00e9giment d\u2019Infanterie de Ligne.<\/p>\n<p> \t&#8220;Dall&#8217;esperienza di Palmanova \u2013 ha annunciato Anzil \u2013 la Regione punta a creare una sorta di rete dei luoghi della presenza di Napoleone in Friuli Venezia Giulia collegando, per esempio, anche Campoformido e Villa Manin di Passariano ma anche altri centri che condividono le vicende del periodo storico napoleonico, in un percorso che possa contribuire a narrare e a fare conoscere una pagina molto importante della storia della nostra regione. Una valorizzazione di un patrimonio importante che potrebbe rappresentare una nuova proposta culturale, oltre che un biglietto da visita per il turismo del futuro, che sar\u00e0 sempre pi\u00f9 attento agli aspetti della storia, dell&#8217;arte e delle tradizioni dei territori&#8221;.<\/p>\n<p> \tPer tre giorni la citt\u00e0 fortezza \u2013 patrimonio Unesco dal 2017 \u2013 <strong>rivivr\u00e0 il periodo delle guerre napoleoniche<\/strong> attraverso la rappresentazione di due grandi battaglie con 500 fanti in campo aperto provenienti da diversi paesi europei.<\/p>\n<p> \tNel 1809 per la prima volta Palma \u00e8 cinta d&#8217;assedio e bombardata fino alla sua liberazione con la fine delle ostilit\u00e0 firmata nell&#8217;ottobre del 1809.<\/p>\n<p> \tLa manifestazione di quest&#8217;anno \u2013 che prevede quale <strong>grande novit\u00e0 il trionfale arrivo del generale Napoleone Bonaparte in piazza<\/strong> \u2013 rievoca proprio questo episodio: quando la fortezza fu bloccata dalle truppe austriache a seguito della ritirata dell&#8217;armata franco-italiana verso il Tagliamento e l&#8217;Adige.<\/p>\n<p> \tNell&#8217;area della citt\u00e0-fortezza, a ridosso di <strong>Porta Cividale<\/strong>, saranno <strong>ospitati gli oltre 500 rievocatori con 200 tende<\/strong>, i bivacchi delle truppe e le artiglierie. Con preciso rigore filologico sar\u00e0 allestito uno dei pi\u00f9 grandi accampamenti militari del periodo napoleonico.<br \/> \tLa manifestazione \u2013 come emerso nell&#8217;incontro nella sede della Soprintendenza del FVG \u2013 oltre al sostegno della Regione Friuli Venezia Giulia ha usufruito anche di un finanziamento del Fondo rievocazioni del ministero della Cultura.<\/p>\n<p> \t\u00a0<\/p>\n","protected":false},"excerpt":{"rendered":"<p>Grande novit\u00e0 per la pi\u00f9 grande rievocazione storica napoleonica in Italia, in programma nella citt\u00e0 stellata dall&#8217;1 al 3 settembre<\/p>\n","protected":false},"author":28,"featured_media":49852,"comment_status":"closed","ping_status":"closed","sticky":false,"template":"","format":"standard","meta":{"dwc-title":[],"dwc-content":[],"footnotes":""},"categories":[8],"tags":[],"class_list":["post-49851","post","type-post","status-publish","format-standard","has-post-thumbnail","hentry","category-turismo"],"rttpg_featured_image_url":{"full":["https:\/\/imagazine.it\/wp-content\/uploads\/2024\/02\/54199-1.webp",1600,900,false],"landscape":["https:\/\/imagazine.it\/wp-content\/uploads\/2024\/02\/54199-1.webp",1600,900,false],"portraits":["https:\/\/imagazine.it\/wp-content\/uploads\/2024\/02\/54199-1.webp",1600,900,false],"thumbnail":["https:\/\/imagazine.it\/wp-content\/uploads\/2024\/02\/54199-1-150x150.webp",150,150,true],"medium":["https:\/\/imagazine.it\/wp-content\/uploads\/2024\/02\/54199-1-300x169.webp",300,169,true],"large":["https:\/\/imagazine.it\/wp-content\/uploads\/2024\/02\/54199-1-1024x576.webp",640,360,true],"thumblist":["https:\/\/imagazine.it\/wp-content\/uploads\/2024\/02\/54199-1-300x300.webp",300,300,true],"thumbrelated":["https:\/\/imagazine.it\/wp-content\/uploads\/2024\/02\/54199-1-500x500.webp",500,500,true],"meccarouselthumb":["https:\/\/imagazine.it\/wp-content\/uploads\/2024\/02\/54199-1-474x324.webp",474,324,true],"gridsquare":["https:\/\/imagazine.it\/wp-content\/uploads\/2024\/02\/54199-1-391x260.webp",391,260,true],"tileview":["https:\/\/imagazine.it\/wp-content\/uploads\/2024\/02\/54199-1-300x400.webp",300,400,true],"1536x1536":["https:\/\/imagazine.it\/wp-content\/uploads\/2024\/02\/54199-1-1536x864.webp",1536,864,true],"2048x2048":["https:\/\/imagazine.it\/wp-content\/uploads\/2024\/02\/54199-1.webp",1600,900,false],"newsup-slider-full":["https:\/\/imagazine.it\/wp-content\/uploads\/2024\/02\/54199-1-1280x720.webp",1280,720,true],"newsup-featured":["https:\/\/imagazine.it\/wp-content\/uploads\/2024\/02\/54199-1-1024x576.webp",1024,576,true],"newsup-medium":["https:\/\/imagazine.it\/wp-content\/uploads\/2024\/02\/54199-1-720x380.webp",720,380,true],"tptn_thumbnail":["https:\/\/imagazine.it\/wp-content\/uploads\/2024\/02\/54199-1.webp",250,141,false],"sow-carousel-default":["https:\/\/imagazine.it\/wp-content\/uploads\/2024\/02\/54199-1.webp",272,153,false]},"rttpg_author":{"display_name":"redazione","author_link":"https:\/\/imagazine.it\/home_desk\/author\/redazione\/"},"rttpg_comment":0,"rttpg_category":"<a href=\"https:\/\/imagazine.it\/home_desk\/category\/turismo\/\" rel=\"category tag\">TURISMO<\/a>","rttpg_excerpt":"Grande novit\u00e0 per la pi\u00f9 grande rievocazione storica napoleonica in Italia, in programma nella citt\u00e0 stellata dall'1 al 3 settembre","_links":{"self":[{"href":"https:\/\/imagazine.it\/home_desk\/wp-json\/wp\/v2\/posts\/49851","targetHints":{"allow":["GET"]}}],"collection":[{"href":"https:\/\/imagazine.it\/home_desk\/wp-json\/wp\/v2\/posts"}],"about":[{"href":"https:\/\/imagazine.it\/home_desk\/wp-json\/wp\/v2\/types\/post"}],"author":[{"embeddable":true,"href":"https:\/\/imagazine.it\/home_desk\/wp-json\/wp\/v2\/users\/28"}],"replies":[{"embeddable":true,"href":"https:\/\/imagazine.it\/home_desk\/wp-json\/wp\/v2\/comments?post=49851"}],"version-history":[{"count":0,"href":"https:\/\/imagazine.it\/home_desk\/wp-json\/wp\/v2\/posts\/49851\/revisions"}],"wp:featuredmedia":[{"embeddable":true,"href":"https:\/\/imagazine.it\/home_desk\/wp-json\/wp\/v2\/media\/49852"}],"wp:attachment":[{"href":"https:\/\/imagazine.it\/home_desk\/wp-json\/wp\/v2\/media?parent=49851"}],"wp:term":[{"taxonomy":"category","embeddable":true,"href":"https:\/\/imagazine.it\/home_desk\/wp-json\/wp\/v2\/categories?post=49851"},{"taxonomy":"post_tag","embeddable":true,"href":"https:\/\/imagazine.it\/home_desk\/wp-json\/wp\/v2\/tags?post=49851"}],"curies":[{"name":"wp","href":"https:\/\/api.w.org\/{rel}","templated":true}]}}