{"id":49849,"date":"2023-08-24T00:00:00","date_gmt":"2023-08-23T22:00:00","guid":{"rendered":"https:\/\/imagazine.it\/elio-e-le-storie-tese-tornano-a-gorizia\/"},"modified":"2023-08-24T00:00:00","modified_gmt":"2023-08-23T22:00:00","slug":"elio-e-le-storie-tese-tornano-a-gorizia","status":"publish","type":"post","link":"https:\/\/imagazine.it\/home_desk\/elio-e-le-storie-tese-tornano-a-gorizia\/","title":{"rendered":"Elio e le storie tese tornano a Gorizia"},"content":{"rendered":"<p> \tGORIZIA <em>\u2013 <\/em>Prime anticipazioni per la <strong>stagione 2023\/2024<\/strong> del <strong>Teatro comunale Giuseppe Verdi di Gorizia<\/strong>.<\/p>\n<p> \tGli spettacoli saranno svelati nel dettaglio a met\u00e0 settembre, ma nella programmazione predisposta dal direttore artistico <strong>Walter Mramor<\/strong> sono gi\u00e0 confermati alcuni titoli.<\/p>\n<p> \tArriver\u00e0 (23 novembre) la nuova produzione di uno dei musical pi\u00f9 noti e longevi: <strong><em>Chicago<\/em><\/strong>, con la regista <strong>Chiara Noschese<\/strong> che oltre a dirigere lo spettacolo interpreter\u00e0 anche il ruolo di Mama Morton, e <strong>Stefania Rocca<\/strong>. L\u2019irriverente <strong><em>Mi resta un solo dente e cerco di riavvitarlo<\/em><\/strong> porter\u00e0 al Verdi (23 dicembre) <strong>Elio e le Storie Tese<\/strong>, che diretti dal regista <strong>Giorgio Gallione<\/strong> intraprenderanno un picaresco viaggio musicale nel loro repertorio.<\/p>\n<p> \tSempre Gallione diriger\u00e0 (24 gennaio 2024) <strong>Ambra Angiolini<\/strong> in <strong><em>Oliva Denaro<\/em><\/strong>, rappresentazione tratta dal romanzo di Viola Ardone, ispirato alla storia della ragazza siciliana che a met\u00e0 degli anni 60 fu la prima, dopo aver subito violenza, a rifiutare il cosiddetto \u201cmatrimonio riparatore\u201d.<\/p>\n<p> \tUn atteso ritorno sul palco goriziano (24 marzo 2024) sar\u00e0 quello di <strong>Alessio Boni <\/strong>con<strong> <em>Iliade. Il Gioco degli Dei<\/em><\/strong>, spettacolo che assume un significato ancora pi\u00f9 particolare in vista di GO!2025, considerando che \u00e8 realizzato in occasione di Bergamo Brescia Capitale italiana della Cultura 2023, con la prima nazionale al Teatro Donizetti di Bergamo il 12 dicembre.<\/p>\n<p> \t\u201cIl programma che ci accompagner\u00e0 fino a maggio 2024 \u00e8 originale e di qualit\u00e0, comprende le pi\u00f9 recenti produzioni delle migliori compagnie teatrali italiane ed internazionali, alcune prime regionali e spazia dalla rivisitazione dei classici alle commedie, dalla danza alla musica leggera senza trascurare le proposte per i bimbi e le famiglie. Un programma che avvicina ed accoglie il pubblico affezionato ma anche tutti coloro che per la prima volta vorranno scoprire la meraviglia di un palcoscenico\u201d, anticipa il direttore artistico,<strong> Walter Mramor<\/strong>.<\/p>\n<p> \t\u201cAncora una volta gi\u00e0 dalle anticipazioni si evince che la stagione teatrale del Verdi di Gorizia sar\u00e0 di altissimo livello, con i pi\u00f9 prestigiosi nomi del panorama teatrale nazionale. \u00c8 una caratteristica di cui andiamo profondamente orgogliosi e che anno dopo anno ha permesso al nostro teatro di crescere anche in termini di consenso e di partecipazione: siamo indubbiamente una delle citt\u00e0 in cui la parola cultura ha ancora un senso profondo. Non \u00e8 un caso che ci sia stato assegnato il titolo di Capitale europea della Cultura 2025 insieme a Nova Gorica\u201d, aggiunge il sindaco <strong>Rodolfo Ziberna<\/strong>.<\/p>\n<p> \t\u00a0\u201cIl Verdi, anno dopo anno, continua a crescere dal punto di vista artistico, oltre che per il numero di abbonamenti e in termini di apprezzamento del pubblico. Questa stagione teatrale ci far\u00e0 fare un ulteriore salto di qualit\u00e0, perch\u00e9 \u00e8 disegnata a pennello a favore del gusto del pubblico del territorio\u201d, conclude l\u2019assessore comunale alla Cultura,<strong> Fabrizio Oreti<\/strong>.<\/p>\n<p> \t\u00a0<\/p>\n","protected":false},"excerpt":{"rendered":"<p>Prime anticipazioni della nuova stagione teatrale del Verdi: in arrivo anche Ambra Angiolini, Alessio Boni e il musical &#8220;Chicago&#8221; con Chiara Noschese e Stefania Rocca<\/p>\n","protected":false},"author":28,"featured_media":49850,"comment_status":"closed","ping_status":"closed","sticky":false,"template":"","format":"standard","meta":{"dwc-title":[],"dwc-content":[],"footnotes":""},"categories":[37],"tags":[],"class_list":["post-49849","post","type-post","status-publish","format-standard","has-post-thumbnail","hentry","category-cultura-e-spettacolo"],"rttpg_featured_image_url":{"full":["https:\/\/imagazine.it\/wp-content\/uploads\/2024\/02\/54185-1.webp",1200,764,false],"landscape":["https:\/\/imagazine.it\/wp-content\/uploads\/2024\/02\/54185-1.webp",1200,764,false],"portraits":["https:\/\/imagazine.it\/wp-content\/uploads\/2024\/02\/54185-1.webp",1200,764,false],"thumbnail":["https:\/\/imagazine.it\/wp-content\/uploads\/2024\/02\/54185-1-150x150.webp",150,150,true],"medium":["https:\/\/imagazine.it\/wp-content\/uploads\/2024\/02\/54185-1-300x191.webp",300,191,true],"large":["https:\/\/imagazine.it\/wp-content\/uploads\/2024\/02\/54185-1-1024x652.webp",640,408,true],"thumblist":["https:\/\/imagazine.it\/wp-content\/uploads\/2024\/02\/54185-1-300x300.webp",300,300,true],"thumbrelated":["https:\/\/imagazine.it\/wp-content\/uploads\/2024\/02\/54185-1-500x500.webp",500,500,true],"meccarouselthumb":["https:\/\/imagazine.it\/wp-content\/uploads\/2024\/02\/54185-1-474x324.webp",474,324,true],"gridsquare":["https:\/\/imagazine.it\/wp-content\/uploads\/2024\/02\/54185-1-391x260.webp",391,260,true],"tileview":["https:\/\/imagazine.it\/wp-content\/uploads\/2024\/02\/54185-1-300x400.webp",300,400,true],"1536x1536":["https:\/\/imagazine.it\/wp-content\/uploads\/2024\/02\/54185-1.webp",1200,764,false],"2048x2048":["https:\/\/imagazine.it\/wp-content\/uploads\/2024\/02\/54185-1.webp",1200,764,false],"newsup-slider-full":["https:\/\/imagazine.it\/wp-content\/uploads\/2024\/02\/54185-1-1200x720.webp",1200,720,true],"newsup-featured":["https:\/\/imagazine.it\/wp-content\/uploads\/2024\/02\/54185-1-1024x652.webp",1024,652,true],"newsup-medium":["https:\/\/imagazine.it\/wp-content\/uploads\/2024\/02\/54185-1-720x380.webp",720,380,true],"tptn_thumbnail":["https:\/\/imagazine.it\/wp-content\/uploads\/2024\/02\/54185-1.webp",250,159,false],"sow-carousel-default":["https:\/\/imagazine.it\/wp-content\/uploads\/2024\/02\/54185-1.webp",272,173,false]},"rttpg_author":{"display_name":"redazione","author_link":"https:\/\/imagazine.it\/home_desk\/author\/redazione\/"},"rttpg_comment":0,"rttpg_category":"<a href=\"https:\/\/imagazine.it\/home_desk\/category\/cultura-e-spettacolo\/\" rel=\"category tag\">CULTURA&amp;SPETTACOLO<\/a>","rttpg_excerpt":"Prime anticipazioni della nuova stagione teatrale del Verdi: in arrivo anche Ambra Angiolini, Alessio Boni e il musical \"Chicago\" con Chiara Noschese e Stefania Rocca","_links":{"self":[{"href":"https:\/\/imagazine.it\/home_desk\/wp-json\/wp\/v2\/posts\/49849","targetHints":{"allow":["GET"]}}],"collection":[{"href":"https:\/\/imagazine.it\/home_desk\/wp-json\/wp\/v2\/posts"}],"about":[{"href":"https:\/\/imagazine.it\/home_desk\/wp-json\/wp\/v2\/types\/post"}],"author":[{"embeddable":true,"href":"https:\/\/imagazine.it\/home_desk\/wp-json\/wp\/v2\/users\/28"}],"replies":[{"embeddable":true,"href":"https:\/\/imagazine.it\/home_desk\/wp-json\/wp\/v2\/comments?post=49849"}],"version-history":[{"count":0,"href":"https:\/\/imagazine.it\/home_desk\/wp-json\/wp\/v2\/posts\/49849\/revisions"}],"wp:featuredmedia":[{"embeddable":true,"href":"https:\/\/imagazine.it\/home_desk\/wp-json\/wp\/v2\/media\/49850"}],"wp:attachment":[{"href":"https:\/\/imagazine.it\/home_desk\/wp-json\/wp\/v2\/media?parent=49849"}],"wp:term":[{"taxonomy":"category","embeddable":true,"href":"https:\/\/imagazine.it\/home_desk\/wp-json\/wp\/v2\/categories?post=49849"},{"taxonomy":"post_tag","embeddable":true,"href":"https:\/\/imagazine.it\/home_desk\/wp-json\/wp\/v2\/tags?post=49849"}],"curies":[{"name":"wp","href":"https:\/\/api.w.org\/{rel}","templated":true}]}}