{"id":49831,"date":"2023-08-22T00:00:00","date_gmt":"2023-08-21T22:00:00","guid":{"rendered":"https:\/\/imagazine.it\/polizia-e-aeronautica-in-campo-contro-il-diabete\/"},"modified":"2023-08-22T00:00:00","modified_gmt":"2023-08-21T22:00:00","slug":"polizia-e-aeronautica-in-campo-contro-il-diabete","status":"publish","type":"post","link":"https:\/\/imagazine.it\/home_desk\/polizia-e-aeronautica-in-campo-contro-il-diabete\/","title":{"rendered":"Polizia e Aeronautica in campo contro il diabete"},"content":{"rendered":"<p> \tSono diversi gli appuntamenti messi in campo da Polizia di Stato e Aeronautica Militare a sostegno dell\u2019evento benefico \u201c<strong><em>Diabete a ruota libera<\/em><\/strong>\u201d, <strong>tre giorni (1-3 settembre) di pedalata non agonistica<\/strong> ideata e organizzata da C.R.A.D. FVG-ODV (Coordinamento Regionale Associazioni Diabetici), in collaborazione con i professionisti della Rete diabetologica regionale e con il patrocinio della Regione Friuli Venezia Giulia. Affiancando l\u2019Aeronautica Militare, il Ministero dell\u2019Interno coinvolge le Questure di Udine, Pordenone, Gorizia e Trieste per dare vita a degli eventi, uno per provincia, in cui l\u2019obiettivo \u00e8 informare e sensibilizzare i cittadini su varie tematiche che riguardano sicurezza, prevenzione e qualit\u00e0 della vita.<\/p>\n<p> \tNei primi 3 giorni di settembre 15 localit\u00e0 del Friuli Venezia Giulia saranno invase da gruppi di ciclisti amatoriali e appassionati di tutte le et\u00e0 per diffondere un messaggio che coniuga l\u2019<strong>importanza<\/strong> <strong>della prevenzione e degli stili di vita sani<\/strong>, con gli ultimi traguardi raggiunti dalle nuove tecnologie e dai farmaci innovativi affinch\u00e9 chi soffre di diabete possa svolgere un\u2019attivit\u00e0 sportiva efficace in sicurezza.<\/p>\n<p> \t\u201cDiabete a ruota libera\u201d \u00e8 costituito da tre giorni caratterizzati da divertimento, scoperta del territorio ed educazione per sensibilizzare e informare i cittadini, al <u><a href=\"https:\/\/www.imagazine.it\/notizie-trieste-gorizia-udine-friuli\/8764\" target=\"_blank\" rel=\"noopener\"><span style=\"color:#0000cd;\">motto \u201c<em>Il diabete teme chi fa sport<\/em>\u201d<\/span><\/a><\/u> tappa dopo tappa tra le province di Udine, Gorizia, Pordenone e Trieste, sulle azioni corrette e i comportamenti virtuosi da adottare per prevenire il diabete tipo 2 e ritardarne le complicanze, promuovendo l&#8217;attivit\u00e0 fisica, le corrette abitudini alimentari.<\/p>\n<p> \tIl ruolo di <strong>Polizia di Stato<\/strong> e <strong>Aeronautica Militare<\/strong> caratterizzer\u00e0 i momenti fondamentali della manifestazione: <strong>venerd\u00ec 1 settembre<\/strong>, alle 9, i gruppi di ciclisti amatoriali partiranno da <strong>Tolmezzo<\/strong> alla volta di <strong>Cividale del Friuli<\/strong>, dove faranno una prima tappa per ripartire in direzione <strong>Corm\u00f2ns<\/strong>, dove, alle 17, potranno assistere a una dimostrazione del Reparto Artificieri della Polizia di Stato in servizio presso Trieste Airport a <strong>Ronchi dei Legionari<\/strong>, che, grazie all\u2019ausilio di un \u201crobot artificiere\u201d, spiegher\u00e0 come si realizza un\u2019attivit\u00e0 di antisabotaggio e come si interviene nelle situazioni di emergenza e messa in sicurezza alla presenza di esplosivi<\/p>\n<p> \t<strong>Sabato 2 settembre<\/strong>, alle 17 circa, in piazza Ponterosso, a <strong>Trieste<\/strong>, la pattuglia della Squadra Volante, sezione dell&#8217;Ufficio Prevenzione Generale e Soccorso Pubblico della Polizia di Stato che assicura il pronto intervento 24 ore su 24, illustrer\u00e0 le varie attivit\u00e0 di prossimit\u00e0 poste in essere a tutela della cittadinanza grazie all\u2019utilizzo di strumenti all\u2019avanguardia.<\/p>\n<p> \t<strong>Domenica 3 settembre<\/strong>, dopo la tappa di <strong>Rivolto<\/strong>, sede del 2\u00b0 Stormo e casa delle Frecce Tricolori, dove i partecipanti potranno apprezzare le capacit\u00e0 operative espresse dal pi\u00f9 longevo Reparto dell\u2019Aeronautica Militare, si proseguir\u00e0 per <strong>Spilimbergo<\/strong>, dove la Polizia Stradale mostrer\u00e0 come funzionano telelaser ed etilometro, fornendo dei cenni su prevenzione e contrasto all\u2019uso di alcol e droghe. Ad accogliere i ciclisti nell\u2019ultima tappa, alle 17, in Piazza Libert\u00e0, a <strong>Udine, <\/strong>ci sar\u00e0 la pattuglia della Squadra Volante della Polizia di Stato con un punto informativo ed espositivo dei mezzi utilizzati nell\u2019attivit\u00e0 preventiva e di soccorso a tutela della cittadinanza.<\/p>\n<p> \t\u00ab\u201c<em>Diabete a ruota libera<\/em>\u201d \u2013 spiega <strong>Elena Frattolin<\/strong>, presidente del CRAD FVG ODV \u2013 \u00e8 una pedalata di sensibilizzazione e nello stesso tempo un evento inclusivo a 360 gradi che impegner\u00e0 ciclisti amatoriali nelle tappe pi\u00f9 lunghe (da 80 a 100 chilometri) cos\u00ec come cittadini sensibili alla tematica o con diverse capacit\u00e0 che potranno pedalare per tratti pi\u00f9 brevi. Il progetto vede la collaborazione attiva della Rete Diabetologica Regionale, nonch\u00e9 dei medici, dietisti, infermieri dei singoli centri diabetologici che nelle diverse tappe in tutte le citt\u00e0 attraversate daranno il loro contributo divulgativo sul diabete, sulle sue complicanze, sulle modalit\u00e0 di prevenzione e di diagnosi precoce e sugli stili di vita sani che permettono di prevenire non solo il diabete, ma anche molte patologie metaboliche e cardiovascolari e contrastare il fenomeno dell\u2019obesit\u00e0, sempre pi\u00f9 diffuso anche tra i pi\u00f9 giovani. Sar\u00e0, inoltre, possibile misurare la glicemia e la pressione arteriosa alle persone che lo desiderano, grazie alle infermiere e alla consolidata collaborazione con la Croce Rossa Italiana. \u201cDiabete a ruota libera\u201d \u00e8 anche l\u2019occasione per valorizzare le bellezze storiche e artistiche della nostra regione che ha una vocazione turistica considerevole: a ogni tappa infatti i nostri ciclisti avranno a disposizione una guida che li accompagner\u00e0 alla scoperta dei nostri gioielli\u00bb.<\/p>\n<p> \t\u00ab\u201c<em>Diabete a ruota libera<\/em>\u201d \u2013 precisa il vicepresidente CRAD FVG ODV,<strong> Luca Birri <\/strong>\u2013 mira a valorizzare la vocazione turistica del Friuli Venezia Giulia: in ciascuna giornata \u00e8 infatti prevista un\u2019escursione a piedi (6 km), aperta a tutti, volta a far conoscere e valorizzare il nostro territorio. Il primo giorno ci saranno due possibilit\u00e0, un gruppo partir\u00e0 da Tolmezzo e uno da Cividale, il secondo giorno si partir\u00e0 da Palmanova e il terzo giorno si partir\u00e0 da Spilimbergo. I percorsi sono tutti circolari, una guida storico\/naturalistica accompagner\u00e0 gli escursionisti per un\u2019iniziativa patrocinata anche da Federsanit\u00e0 Anci, 10 mila passi di salute\u00bb.<\/p>\n<p> \t<u><strong>Programma dettagliato<\/strong><\/u><\/p>\n<p> \t<strong>Venerd\u00ec 1 settembre<\/strong>. Partenza da Tolmezzo, alle 9, con tappe a Gemona e Cividale del Friuli, dove si terranno tre momenti divulgativi sulla patologia, sui farmaci innovativi e sulle nuove tecnologie nella cura al diabete (curati dai dottori Andrea Da Porto, Ferdinando Dassi, Barbara Catone, Antonella Pellegrini). A Tolmezzo e a Cividale del Friuli, camminata aperta a tutti. Tappa finale della prima giornata a Cormons, dove si terr\u00e0 la tavola rotonda scientifica sul diabete curata da Roberto Da Ros e Roberta Assaloni; alle 17, si potr\u00e0 assistere alla dimostrazione del Reparto Artificieri della Polizia di Stato in servizio presso l\u2019Aeroporto \u201cTrieste\u201d di Ronchi dei Legionari (Gorizia) che, grazie all\u2019ausilio di un \u201crobot artificiere\u201d, spiegher\u00e0 come si realizza un\u2019attivit\u00e0 di antisabotaggio e come si interviene nelle situazioni di emergenza e messa in sicurezza alla presenza di esplosivi. Chiusura in bellezza, in piazza, a Cormons, con una serata musicale.<\/p>\n<p> \t<strong>Sabato 2 settembre<\/strong>: Partenza alle 9 da Palmanova con tappe a Grado e Staranzano, dove si terranno tre momenti divulgativi sulla patologia, sui farmaci innovativi e sulle nuove tecnologie nella cura al diabete (curati dai dottori Raffaele Zoratti, Andrea Michielli, Barbara Brunato). A Palmanova camminata aperta a tutti. Ultima tappa della giornata a Trieste, dove si terr\u00e0 la tavola rotonda scientifica sul diabete curata da Riccardo Candido, Elena Manca e Elena Faleschini, Gianluca Tornese); alle 17 circa, in piazza Ponterosso, a Trieste, la pattuglia della Squadra Volante, sezione dell&#8217;Ufficio Prevenzione Generale e Soccorso Pubblico della Polizia di Stato che assicura il pronto intervento 24 ore su 24, illustrer\u00e0 le varie attivit\u00e0 di prossimit\u00e0 poste in essere a tutela della cittadinanza grazie all\u2019utilizzo di strumenti all\u2019avanguardia. Chiusura con una serata musicale.<\/p>\n<p> \t<strong>Domenica 3 settembre<\/strong>: ritrovo, alle 9, a Rivolto, nella sede del 2\u00b0 Stormo e casa delle Frecce Tricolori, dove i partecipanti potranno apprezzare le capacit\u00e0 operative espresse dal pi\u00f9 longevo Reparto dell\u2019Aeronautica Militare; si prosegue per Spilimbergo, dove la Polizia Stradale mostrer\u00e0 come funzionano telelaser ed etilometro, fornendo dei cenni su prevenzione e contrasto all\u2019uso di alcol e droghe. Ripartenza, con tappa a San Daniele del Friuli, alla volta di Udine. A Rivolto, Spilimbergo e San Daniele si terranno tre momenti divulgativi sulla patologia, sui farmaci innovativi e sulle nuove tecnologie nella cura al diabete (curati dai dottori Roberto Da Ros, Alberto Comici, Manola Nicoletti, Maurizio Sancandi). A Spilimbergo camminata aperta a tutti. Ultima tappa della tre giorni, alle 17, in Piazza Libert\u00e0, a Udine, dove i ciclisti saranno accolti dalla pattuglia della Squadra Volante della Polizia di Stato con un punto informativo ed espositivo dei mezzi utilizzati nell\u2019attivit\u00e0 preventiva e di soccorso a tutela della cittadinanza, cui seguir\u00e0 una tavola rotonda scientifica sul diabete curata da Sandra Augus, Silvia Galasso, Francesca Franco, Laura Tonutti). Brindisi finale.<\/p>\n<p> \t\u00a0<\/p>\n","protected":false},"excerpt":{"rendered":"<p>Nel primo weekend di settembre coinvolte quindici localit\u00e0 regionali per la pedalata non agonistica a sensibilizzazione su sicurezza, prevenzione e qualit\u00e0 della vita<\/p>\n","protected":false},"author":28,"featured_media":49832,"comment_status":"closed","ping_status":"closed","sticky":false,"template":"","format":"standard","meta":{"dwc-title":[],"dwc-content":[],"footnotes":""},"categories":[38],"tags":[],"class_list":["post-49831","post","type-post","status-publish","format-standard","has-post-thumbnail","hentry","category-sport"],"rttpg_featured_image_url":{"full":["https:\/\/imagazine.it\/wp-content\/uploads\/2024\/02\/54159-1.webp",800,595,false],"landscape":["https:\/\/imagazine.it\/wp-content\/uploads\/2024\/02\/54159-1.webp",800,595,false],"portraits":["https:\/\/imagazine.it\/wp-content\/uploads\/2024\/02\/54159-1.webp",800,595,false],"thumbnail":["https:\/\/imagazine.it\/wp-content\/uploads\/2024\/02\/54159-1-150x150.webp",150,150,true],"medium":["https:\/\/imagazine.it\/wp-content\/uploads\/2024\/02\/54159-1-300x223.webp",300,223,true],"large":["https:\/\/imagazine.it\/wp-content\/uploads\/2024\/02\/54159-1.webp",640,476,false],"thumblist":["https:\/\/imagazine.it\/wp-content\/uploads\/2024\/02\/54159-1-300x300.webp",300,300,true],"thumbrelated":["https:\/\/imagazine.it\/wp-content\/uploads\/2024\/02\/54159-1-500x500.webp",500,500,true],"meccarouselthumb":["https:\/\/imagazine.it\/wp-content\/uploads\/2024\/02\/54159-1-474x324.webp",474,324,true],"gridsquare":["https:\/\/imagazine.it\/wp-content\/uploads\/2024\/02\/54159-1-391x260.webp",391,260,true],"tileview":["https:\/\/imagazine.it\/wp-content\/uploads\/2024\/02\/54159-1-300x400.webp",300,400,true],"1536x1536":["https:\/\/imagazine.it\/wp-content\/uploads\/2024\/02\/54159-1.webp",800,595,false],"2048x2048":["https:\/\/imagazine.it\/wp-content\/uploads\/2024\/02\/54159-1.webp",800,595,false],"newsup-slider-full":["https:\/\/imagazine.it\/wp-content\/uploads\/2024\/02\/54159-1.webp",800,595,false],"newsup-featured":["https:\/\/imagazine.it\/wp-content\/uploads\/2024\/02\/54159-1.webp",800,595,false],"newsup-medium":["https:\/\/imagazine.it\/wp-content\/uploads\/2024\/02\/54159-1-720x380.webp",720,380,true],"tptn_thumbnail":["https:\/\/imagazine.it\/wp-content\/uploads\/2024\/02\/54159-1.webp",250,186,false],"sow-carousel-default":["https:\/\/imagazine.it\/wp-content\/uploads\/2024\/02\/54159-1.webp",245,182,false]},"rttpg_author":{"display_name":"redazione","author_link":"https:\/\/imagazine.it\/home_desk\/author\/redazione\/"},"rttpg_comment":0,"rttpg_category":"<a href=\"https:\/\/imagazine.it\/home_desk\/category\/sport\/\" rel=\"category tag\">SPORT<\/a>","rttpg_excerpt":"Nel primo weekend di settembre coinvolte quindici localit\u00e0 regionali per la pedalata non agonistica a sensibilizzazione su sicurezza, prevenzione e qualit\u00e0 della vita","_links":{"self":[{"href":"https:\/\/imagazine.it\/home_desk\/wp-json\/wp\/v2\/posts\/49831","targetHints":{"allow":["GET"]}}],"collection":[{"href":"https:\/\/imagazine.it\/home_desk\/wp-json\/wp\/v2\/posts"}],"about":[{"href":"https:\/\/imagazine.it\/home_desk\/wp-json\/wp\/v2\/types\/post"}],"author":[{"embeddable":true,"href":"https:\/\/imagazine.it\/home_desk\/wp-json\/wp\/v2\/users\/28"}],"replies":[{"embeddable":true,"href":"https:\/\/imagazine.it\/home_desk\/wp-json\/wp\/v2\/comments?post=49831"}],"version-history":[{"count":0,"href":"https:\/\/imagazine.it\/home_desk\/wp-json\/wp\/v2\/posts\/49831\/revisions"}],"wp:featuredmedia":[{"embeddable":true,"href":"https:\/\/imagazine.it\/home_desk\/wp-json\/wp\/v2\/media\/49832"}],"wp:attachment":[{"href":"https:\/\/imagazine.it\/home_desk\/wp-json\/wp\/v2\/media?parent=49831"}],"wp:term":[{"taxonomy":"category","embeddable":true,"href":"https:\/\/imagazine.it\/home_desk\/wp-json\/wp\/v2\/categories?post=49831"},{"taxonomy":"post_tag","embeddable":true,"href":"https:\/\/imagazine.it\/home_desk\/wp-json\/wp\/v2\/tags?post=49831"}],"curies":[{"name":"wp","href":"https:\/\/api.w.org\/{rel}","templated":true}]}}