{"id":49829,"date":"2023-08-21T00:00:00","date_gmt":"2023-08-20T22:00:00","guid":{"rendered":"https:\/\/imagazine.it\/da-trieste-nuovi-aiuti-allucraina\/"},"modified":"2023-08-21T00:00:00","modified_gmt":"2023-08-20T22:00:00","slug":"da-trieste-nuovi-aiuti-allucraina","status":"publish","type":"post","link":"https:\/\/imagazine.it\/home_desk\/da-trieste-nuovi-aiuti-allucraina\/","title":{"rendered":"Da Trieste nuovi aiuti all&#8217;Ucraina"},"content":{"rendered":"<p> \tTRIESTE \u2013 Il Comune di Trieste ha fornito una risposta specifica alle richieste della <strong>citt\u00e0 ucraina di <span>Mykola\u00efv<\/span><\/strong>, situata a circa 130 km da Odessa, con la quale ha attivato nel 1997 un <strong>progetto di cooperazione<\/strong> all\u2019interno del programma europeo <em>Tacis City Twinning Programme<\/em> e ha mantenuto costanti rapporti e contatti.<\/p>\n<p> \tQuesta sera dalla sede della ditta Alfa Spedizioni presso l&#8217;autoporto di Fernetti, a seguito della disponibilit\u00e0 della sua titolare <strong>Nina Monastyretska<\/strong> che si \u00e8 prodigata per assicurare il trasporto e della collaborazione tra Comune di Trieste, Asugi (Azienda sanitaria universitaria giuliano isontina) e 118, partir\u00e0 <strong>un&#8217;ambulanza<\/strong> che proprio Asugi, grazie al suo direttore generale, <strong>Antonio Poggiana<\/strong>, e al responsabile del 118 <strong>Alberto Peratoner<\/strong>, ha messo a disposizione, unitamente a <strong>tre stazioni per l&#8217;anestesia corredate da 100 filtri per i circuiti di ventilazione<\/strong>.<\/p>\n<p> \tQueste apparecchiature permettono di effettuare operazioni chirurgiche in sicurezza, recentemente sostituite da Asugi ma \u2013 fanno sapere i promotori \u2013 tutte perfettamente funzionanti.<\/p>\n<p> \tL&#8217;ambulanza e le tre stazioni sono state caricate questa mattina su un tir che le porter\u00e0 fino alla citt\u00e0 di Odessa, dove il sindaco di Mykolaiv le prender\u00e0 in carico.<\/p>\n<p> \tFin dall&#8217;inizio dell&#8217;invasione in Ucraina, il direttore generale del Comune di Trieste, <strong>Fabio Lorenzut<\/strong>, ha istituito una <em>task force<\/em> comunale formata da <strong>Beatrice Micovilovich<\/strong> (responsabile dell&#8217;Operazione ToM), <strong>Vittorio Sgueglia della Marra<\/strong> (dirigente del Servizio Open Government e informazione istituzionale), <strong>Carlotta Cesco Gaspere <\/strong>(Uffcio affari europei, internazionali e della cooperazione), <strong>Vincenzo Di Maggio<\/strong> (direttore del dipartimenti Servizi Finanziari, tributi, partecipazione e attivit\u00e0 economiche) e da <strong>Paolo Jerman<\/strong> (vicecomandante della Polizia Locale e direttore responsabile servizio Protezione Civile del Comune di Trieste), in supporto a quello che stava accadendo in Ucraina, in particolare nella citt\u00e0 di Mycolaiv, attivando fin dall&#8217;inizio della guerra una molteplicit\u00e0 di interventi.<\/p>\n<p> \tResta sempre attivo il conto corrente per raccogliere le donazioni con la specifica causale di versamento \u201cTrieste abbraccia <span>Mykola\u00efv<\/span>\u201d intestato a Comune di Trieste (IBAN: <strong>IT 44 S 02008 02230 000001170836<\/strong>\u00a0 BIC\/SWIFT: UNCRITM10PA).<\/p>\n<p> \t\u00a0<\/p>\n","protected":false},"excerpt":{"rendered":"<p>Un&#8217;ambulanza e tre stazioni per l&#8217;anestesia corredate da 100 filtri per i circuiti di ventilazione raggiungeranno le zone di guerra<\/p>\n","protected":false},"author":28,"featured_media":49830,"comment_status":"closed","ping_status":"closed","sticky":false,"template":"","format":"standard","meta":{"dwc-title":[],"dwc-content":[],"footnotes":""},"categories":[5],"tags":[],"class_list":["post-49829","post","type-post","status-publish","format-standard","has-post-thumbnail","hentry","category-attualita"],"rttpg_featured_image_url":{"full":["https:\/\/imagazine.it\/wp-content\/uploads\/2024\/02\/54154-1.webp",1280,853,false],"landscape":["https:\/\/imagazine.it\/wp-content\/uploads\/2024\/02\/54154-1.webp",1280,853,false],"portraits":["https:\/\/imagazine.it\/wp-content\/uploads\/2024\/02\/54154-1.webp",1280,853,false],"thumbnail":["https:\/\/imagazine.it\/wp-content\/uploads\/2024\/02\/54154-1-150x150.webp",150,150,true],"medium":["https:\/\/imagazine.it\/wp-content\/uploads\/2024\/02\/54154-1-300x200.webp",300,200,true],"large":["https:\/\/imagazine.it\/wp-content\/uploads\/2024\/02\/54154-1-1024x682.webp",640,426,true],"thumblist":["https:\/\/imagazine.it\/wp-content\/uploads\/2024\/02\/54154-1-300x300.webp",300,300,true],"thumbrelated":["https:\/\/imagazine.it\/wp-content\/uploads\/2024\/02\/54154-1-500x500.webp",500,500,true],"meccarouselthumb":["https:\/\/imagazine.it\/wp-content\/uploads\/2024\/02\/54154-1-474x324.webp",474,324,true],"gridsquare":["https:\/\/imagazine.it\/wp-content\/uploads\/2024\/02\/54154-1-391x260.webp",391,260,true],"tileview":["https:\/\/imagazine.it\/wp-content\/uploads\/2024\/02\/54154-1-300x400.webp",300,400,true],"1536x1536":["https:\/\/imagazine.it\/wp-content\/uploads\/2024\/02\/54154-1.webp",1280,853,false],"2048x2048":["https:\/\/imagazine.it\/wp-content\/uploads\/2024\/02\/54154-1.webp",1280,853,false],"newsup-slider-full":["https:\/\/imagazine.it\/wp-content\/uploads\/2024\/02\/54154-1-1280x720.webp",1280,720,true],"newsup-featured":["https:\/\/imagazine.it\/wp-content\/uploads\/2024\/02\/54154-1-1024x682.webp",1024,682,true],"newsup-medium":["https:\/\/imagazine.it\/wp-content\/uploads\/2024\/02\/54154-1-720x380.webp",720,380,true],"tptn_thumbnail":["https:\/\/imagazine.it\/wp-content\/uploads\/2024\/02\/54154-1.webp",250,167,false],"sow-carousel-default":["https:\/\/imagazine.it\/wp-content\/uploads\/2024\/02\/54154-1.webp",272,182,false]},"rttpg_author":{"display_name":"redazione","author_link":"https:\/\/imagazine.it\/home_desk\/author\/redazione\/"},"rttpg_comment":0,"rttpg_category":"<a href=\"https:\/\/imagazine.it\/home_desk\/category\/attualita\/\" rel=\"category tag\">ATTUALIT\u00c0<\/a>","rttpg_excerpt":"Un'ambulanza e tre stazioni per l'anestesia corredate da 100 filtri per i circuiti di ventilazione raggiungeranno le zone di guerra","_links":{"self":[{"href":"https:\/\/imagazine.it\/home_desk\/wp-json\/wp\/v2\/posts\/49829","targetHints":{"allow":["GET"]}}],"collection":[{"href":"https:\/\/imagazine.it\/home_desk\/wp-json\/wp\/v2\/posts"}],"about":[{"href":"https:\/\/imagazine.it\/home_desk\/wp-json\/wp\/v2\/types\/post"}],"author":[{"embeddable":true,"href":"https:\/\/imagazine.it\/home_desk\/wp-json\/wp\/v2\/users\/28"}],"replies":[{"embeddable":true,"href":"https:\/\/imagazine.it\/home_desk\/wp-json\/wp\/v2\/comments?post=49829"}],"version-history":[{"count":0,"href":"https:\/\/imagazine.it\/home_desk\/wp-json\/wp\/v2\/posts\/49829\/revisions"}],"wp:featuredmedia":[{"embeddable":true,"href":"https:\/\/imagazine.it\/home_desk\/wp-json\/wp\/v2\/media\/49830"}],"wp:attachment":[{"href":"https:\/\/imagazine.it\/home_desk\/wp-json\/wp\/v2\/media?parent=49829"}],"wp:term":[{"taxonomy":"category","embeddable":true,"href":"https:\/\/imagazine.it\/home_desk\/wp-json\/wp\/v2\/categories?post=49829"},{"taxonomy":"post_tag","embeddable":true,"href":"https:\/\/imagazine.it\/home_desk\/wp-json\/wp\/v2\/tags?post=49829"}],"curies":[{"name":"wp","href":"https:\/\/api.w.org\/{rel}","templated":true}]}}