{"id":49827,"date":"2023-08-21T00:00:00","date_gmt":"2023-08-20T22:00:00","guid":{"rendered":"https:\/\/imagazine.it\/palestre-allaperto-boom-di-partecipanti-a-gorizia\/"},"modified":"2023-08-21T00:00:00","modified_gmt":"2023-08-20T22:00:00","slug":"palestre-allaperto-boom-di-partecipanti-a-gorizia","status":"publish","type":"post","link":"https:\/\/imagazine.it\/home_desk\/palestre-allaperto-boom-di-partecipanti-a-gorizia\/","title":{"rendered":"Palestre all&#8217;aperto, boom di partecipanti a Gorizia"},"content":{"rendered":"<p> \tGORIZIA \u2013 Sono state <strong>1.400 le presenze totalizzate<\/strong> dall\u2019edizione di <strong><em>Palestre all\u2019aperto<\/em><\/strong>, portato avanti dal <strong>comitato di Gorizia della Uisp<\/strong>.<\/p>\n<p> \tI dati sull\u2019attivit\u00e0 sono stati illustrati dal presidente del comitato territoriale del sodalizio, <strong>Enzo Dall\u2019Osto<\/strong>, insieme al consigliere comunale con delega allo Sport, <strong>Giulio Daidone<\/strong>.<\/p>\n<p> \tLa prima fase del progetto \u00e8 iniziata il 12 giugno per completarsi a fine luglio, con una pausa resasi necessaria per le condizioni meteo avverse. In queste sette settimane i partecipanti, guidati dai tecnici UISP, hanno animato le <strong>aree verdi del Parco del Municipio e di Isonzo-Campagnuzza, del Parco Marvin a Sant\u2019Anna, di Piuma, del Castello e del Centro sportivo all\u2019aperto di Piuma<\/strong> con salutarie attivit\u00e0 motorie di ginnastica dolce e di mantenimento per il corpo e la mente. Sono stati <strong>oltre 100 tra donne e uomini i partecipanti con una et\u00e0 media di 65 anni<\/strong>, inoltre non sono mancati i trentenni e gli ultraottantenni che hanno aderito attivamente.<\/p>\n<p> \tL\u2019attivit\u00e0 di <em>Palestre all\u2019aperto<\/em>, dopo la pausa nelle due settimane centrali di agosto, si <strong>completer\u00e0 il 30 settembre<\/strong>.<\/p>\n<p> \tSu richiesta di diversi partecipanti la Uisp ha contattato l\u2019Amministrazione comunale per una ulteriore fase, in cui \u00e8 stata inserita la nuova iniziativa sperimentale <strong><em>Sabato attivo<\/em><\/strong>, che sar\u00e0 operativa <strong>fino a tutto il mese di ottobre<\/strong>, condizioni meteo permettendo.<\/p>\n<p> \tUna proposta indirizzata principalmente alle persone che durante la settimana lavorano e desiderano intraprendere una pratica sportiva. Gli incontri saranno attivati tutti i sabati mattina nei mesi di settembre e ottobre nel parco del Municipio.<\/p>\n<p> \tVa precisato che, come nelle precedenti edizioni, l\u2019accesso alle attivit\u00e0 \u00e8 libero e aperto a tutti. Per partecipare \u00e8 necessario sottoscrivere la polizza assicurativa UISP, aggiornata al costo di 10 euro, ed essere in possesso del certificato medico di idoneit\u00e0 all\u2019attivit\u00e0 sportiva non agonistica.<\/p>\n<p> \t\u00a0<\/p>\n","protected":false},"excerpt":{"rendered":"<p>Totalizzate finora 1.400 presenze all&#8217;iniziativa promossa dal comitato cittadino della UISP. In arrivo anche il &#8220;Sabato attivo&#8221;<\/p>\n","protected":false},"author":28,"featured_media":49828,"comment_status":"closed","ping_status":"closed","sticky":false,"template":"","format":"standard","meta":{"dwc-title":[],"dwc-content":[],"footnotes":""},"categories":[38],"tags":[],"class_list":["post-49827","post","type-post","status-publish","format-standard","has-post-thumbnail","hentry","category-sport"],"rttpg_featured_image_url":{"full":["https:\/\/imagazine.it\/wp-content\/uploads\/2024\/02\/54152-1.webp",1000,686,false],"landscape":["https:\/\/imagazine.it\/wp-content\/uploads\/2024\/02\/54152-1.webp",1000,686,false],"portraits":["https:\/\/imagazine.it\/wp-content\/uploads\/2024\/02\/54152-1.webp",1000,686,false],"thumbnail":["https:\/\/imagazine.it\/wp-content\/uploads\/2024\/02\/54152-1-150x150.webp",150,150,true],"medium":["https:\/\/imagazine.it\/wp-content\/uploads\/2024\/02\/54152-1-300x206.webp",300,206,true],"large":["https:\/\/imagazine.it\/wp-content\/uploads\/2024\/02\/54152-1.webp",640,439,false],"thumblist":["https:\/\/imagazine.it\/wp-content\/uploads\/2024\/02\/54152-1-300x300.webp",300,300,true],"thumbrelated":["https:\/\/imagazine.it\/wp-content\/uploads\/2024\/02\/54152-1-500x500.webp",500,500,true],"meccarouselthumb":["https:\/\/imagazine.it\/wp-content\/uploads\/2024\/02\/54152-1-474x324.webp",474,324,true],"gridsquare":["https:\/\/imagazine.it\/wp-content\/uploads\/2024\/02\/54152-1-391x260.webp",391,260,true],"tileview":["https:\/\/imagazine.it\/wp-content\/uploads\/2024\/02\/54152-1-300x400.webp",300,400,true],"1536x1536":["https:\/\/imagazine.it\/wp-content\/uploads\/2024\/02\/54152-1.webp",1000,686,false],"2048x2048":["https:\/\/imagazine.it\/wp-content\/uploads\/2024\/02\/54152-1.webp",1000,686,false],"newsup-slider-full":["https:\/\/imagazine.it\/wp-content\/uploads\/2024\/02\/54152-1.webp",1000,686,false],"newsup-featured":["https:\/\/imagazine.it\/wp-content\/uploads\/2024\/02\/54152-1.webp",1000,686,false],"newsup-medium":["https:\/\/imagazine.it\/wp-content\/uploads\/2024\/02\/54152-1-720x380.webp",720,380,true],"tptn_thumbnail":["https:\/\/imagazine.it\/wp-content\/uploads\/2024\/02\/54152-1.webp",250,172,false],"sow-carousel-default":["https:\/\/imagazine.it\/wp-content\/uploads\/2024\/02\/54152-1.webp",265,182,false]},"rttpg_author":{"display_name":"redazione","author_link":"https:\/\/imagazine.it\/home_desk\/author\/redazione\/"},"rttpg_comment":0,"rttpg_category":"<a href=\"https:\/\/imagazine.it\/home_desk\/category\/sport\/\" rel=\"category tag\">SPORT<\/a>","rttpg_excerpt":"Totalizzate finora 1.400 presenze all'iniziativa promossa dal comitato cittadino della UISP. In arrivo anche il \"Sabato attivo\"","_links":{"self":[{"href":"https:\/\/imagazine.it\/home_desk\/wp-json\/wp\/v2\/posts\/49827","targetHints":{"allow":["GET"]}}],"collection":[{"href":"https:\/\/imagazine.it\/home_desk\/wp-json\/wp\/v2\/posts"}],"about":[{"href":"https:\/\/imagazine.it\/home_desk\/wp-json\/wp\/v2\/types\/post"}],"author":[{"embeddable":true,"href":"https:\/\/imagazine.it\/home_desk\/wp-json\/wp\/v2\/users\/28"}],"replies":[{"embeddable":true,"href":"https:\/\/imagazine.it\/home_desk\/wp-json\/wp\/v2\/comments?post=49827"}],"version-history":[{"count":0,"href":"https:\/\/imagazine.it\/home_desk\/wp-json\/wp\/v2\/posts\/49827\/revisions"}],"wp:featuredmedia":[{"embeddable":true,"href":"https:\/\/imagazine.it\/home_desk\/wp-json\/wp\/v2\/media\/49828"}],"wp:attachment":[{"href":"https:\/\/imagazine.it\/home_desk\/wp-json\/wp\/v2\/media?parent=49827"}],"wp:term":[{"taxonomy":"category","embeddable":true,"href":"https:\/\/imagazine.it\/home_desk\/wp-json\/wp\/v2\/categories?post=49827"},{"taxonomy":"post_tag","embeddable":true,"href":"https:\/\/imagazine.it\/home_desk\/wp-json\/wp\/v2\/tags?post=49827"}],"curies":[{"name":"wp","href":"https:\/\/api.w.org\/{rel}","templated":true}]}}