{"id":49817,"date":"2023-08-18T00:00:00","date_gmt":"2023-08-17T22:00:00","guid":{"rendered":"https:\/\/imagazine.it\/cividale-riapre-il-centro-giovani\/"},"modified":"2023-08-18T00:00:00","modified_gmt":"2023-08-17T22:00:00","slug":"cividale-riapre-il-centro-giovani","status":"publish","type":"post","link":"https:\/\/imagazine.it\/home_desk\/cividale-riapre-il-centro-giovani\/","title":{"rendered":"Cividale, riapre il Centro Giovani"},"content":{"rendered":"<p> \tCIVIDALE DEL FRIULI \u2013 Dopo la chiusura estiva di circa un mese e mezzo, <strong>luned\u00ec 21 agosto <\/strong>riaprir\u00e0 il <strong>Centro Giovani di Carraria.<\/strong><\/p>\n<p> \tAd annunciarlo \u00e8 l\u2019assessore comunale alle Politiche Giovanili,<strong> Giorgia Carlig<\/strong>, spiegando che \u00e8 stato affidato alla cooperativa cividalese Adelaide il servizio di apertura, chiusura e pulizia dell&#8217;immobile e quindi i bambini, i ragazzi e le associazioni potranno usufruire nuovamente degli spazi.<\/p>\n<p> \t\u201cTre saranno le possibilit\u00e0 di attivit\u00e0 e prenotazione \u2013 spiega Carlig \u2013 per <strong>lo studio, l&#8217;incontro e lo svago<\/strong> i\u00a0ragazzi potranno utilizzare liberamente gli spazi il luned\u00ec, mercoled\u00ec e venerd\u00ec dalle 16.30 alle 19.30; baster\u00e0 presentarsi e registrarsi all&#8217;ingresso del Centro. Le associazioni potranno prenotare e utilizzare le sale a disposizione per <strong>prove musicali, laboratori creativi e conferenze<\/strong> informative rivolte ai ragazzi <u><a href=\"https:\/\/www.comune.cividale-del-friuli.ud.it\/media\/files\/030026\/attachment\/Modulo_richiesta_locali_Centro_Giovani.pdf\" target=\"_blank\" rel=\"noopener\"><span style=\"color:#0000cd;\">compilando un prestampato scaricabile dal sito del Comune<\/span><\/a><\/u> e inviandolo alla PEC del Comune. Per i pi\u00f9 piccoli \u00e8 confermata la possibilit\u00e0 <strong>di festeggiare il loro compleanno<\/strong> in una delle stanze a disposizione prenotando alla mail <a href=\"mailto:politiche.giovanili@cividale.net\">politiche.giovanili@cividale.net<\/a>\u201d.<\/p>\n<p> \t\u201cLa volont\u00e0 \u2013 conclude l\u2019assessore \u2013 \u00e8 quella di continuare a migliorare i servizi offerti dal Centro Giovani tant\u2019\u00e8 che si sta gi\u00e0 operando, in sinergia con il settore Servizi Informatici, per rendere pi\u00f9 efficiente la copertura internet, per offrire postazioni computer rinnovate e per far s\u00ec che il Centro possa essere utilizzato dai ragazzi anche al fine dello studio o dell&#8217;approfondimento scolastico\u201d.<\/p>\n<p> \t\u00a0<\/p>\n","protected":false},"excerpt":{"rendered":"<p>Affidato alla cooperativa Adelaide il servizio di apertura, chiusura e pulizia. Ragazzi e le associazioni potranno usufruire nuovamente degli spazi<\/p>\n","protected":false},"author":28,"featured_media":49818,"comment_status":"closed","ping_status":"closed","sticky":false,"template":"","format":"standard","meta":{"dwc-title":[],"dwc-content":[],"footnotes":""},"categories":[5],"tags":[],"class_list":["post-49817","post","type-post","status-publish","format-standard","has-post-thumbnail","hentry","category-attualita"],"rttpg_featured_image_url":{"full":["https:\/\/imagazine.it\/wp-content\/uploads\/2024\/02\/54126-1.webp",1280,960,false],"landscape":["https:\/\/imagazine.it\/wp-content\/uploads\/2024\/02\/54126-1.webp",1280,960,false],"portraits":["https:\/\/imagazine.it\/wp-content\/uploads\/2024\/02\/54126-1.webp",1280,960,false],"thumbnail":["https:\/\/imagazine.it\/wp-content\/uploads\/2024\/02\/54126-1-150x150.webp",150,150,true],"medium":["https:\/\/imagazine.it\/wp-content\/uploads\/2024\/02\/54126-1-300x225.webp",300,225,true],"large":["https:\/\/imagazine.it\/wp-content\/uploads\/2024\/02\/54126-1-1024x768.webp",640,480,true],"thumblist":["https:\/\/imagazine.it\/wp-content\/uploads\/2024\/02\/54126-1-300x300.webp",300,300,true],"thumbrelated":["https:\/\/imagazine.it\/wp-content\/uploads\/2024\/02\/54126-1-500x500.webp",500,500,true],"meccarouselthumb":["https:\/\/imagazine.it\/wp-content\/uploads\/2024\/02\/54126-1-474x324.webp",474,324,true],"gridsquare":["https:\/\/imagazine.it\/wp-content\/uploads\/2024\/02\/54126-1-391x260.webp",391,260,true],"tileview":["https:\/\/imagazine.it\/wp-content\/uploads\/2024\/02\/54126-1-300x400.webp",300,400,true],"1536x1536":["https:\/\/imagazine.it\/wp-content\/uploads\/2024\/02\/54126-1.webp",1280,960,false],"2048x2048":["https:\/\/imagazine.it\/wp-content\/uploads\/2024\/02\/54126-1.webp",1280,960,false],"newsup-slider-full":["https:\/\/imagazine.it\/wp-content\/uploads\/2024\/02\/54126-1-1280x720.webp",1280,720,true],"newsup-featured":["https:\/\/imagazine.it\/wp-content\/uploads\/2024\/02\/54126-1-1024x768.webp",1024,768,true],"newsup-medium":["https:\/\/imagazine.it\/wp-content\/uploads\/2024\/02\/54126-1-720x380.webp",720,380,true],"tptn_thumbnail":["https:\/\/imagazine.it\/wp-content\/uploads\/2024\/02\/54126-1.webp",250,188,false],"sow-carousel-default":["https:\/\/imagazine.it\/wp-content\/uploads\/2024\/02\/54126-1.webp",243,182,false]},"rttpg_author":{"display_name":"redazione","author_link":"https:\/\/imagazine.it\/home_desk\/author\/redazione\/"},"rttpg_comment":0,"rttpg_category":"<a href=\"https:\/\/imagazine.it\/home_desk\/category\/attualita\/\" rel=\"category tag\">ATTUALIT\u00c0<\/a>","rttpg_excerpt":"Affidato alla cooperativa Adelaide il servizio di apertura, chiusura e pulizia. Ragazzi e le associazioni potranno usufruire nuovamente degli spazi","_links":{"self":[{"href":"https:\/\/imagazine.it\/home_desk\/wp-json\/wp\/v2\/posts\/49817","targetHints":{"allow":["GET"]}}],"collection":[{"href":"https:\/\/imagazine.it\/home_desk\/wp-json\/wp\/v2\/posts"}],"about":[{"href":"https:\/\/imagazine.it\/home_desk\/wp-json\/wp\/v2\/types\/post"}],"author":[{"embeddable":true,"href":"https:\/\/imagazine.it\/home_desk\/wp-json\/wp\/v2\/users\/28"}],"replies":[{"embeddable":true,"href":"https:\/\/imagazine.it\/home_desk\/wp-json\/wp\/v2\/comments?post=49817"}],"version-history":[{"count":0,"href":"https:\/\/imagazine.it\/home_desk\/wp-json\/wp\/v2\/posts\/49817\/revisions"}],"wp:featuredmedia":[{"embeddable":true,"href":"https:\/\/imagazine.it\/home_desk\/wp-json\/wp\/v2\/media\/49818"}],"wp:attachment":[{"href":"https:\/\/imagazine.it\/home_desk\/wp-json\/wp\/v2\/media?parent=49817"}],"wp:term":[{"taxonomy":"category","embeddable":true,"href":"https:\/\/imagazine.it\/home_desk\/wp-json\/wp\/v2\/categories?post=49817"},{"taxonomy":"post_tag","embeddable":true,"href":"https:\/\/imagazine.it\/home_desk\/wp-json\/wp\/v2\/tags?post=49817"}],"curies":[{"name":"wp","href":"https:\/\/api.w.org\/{rel}","templated":true}]}}