{"id":49811,"date":"2023-08-17T00:00:00","date_gmt":"2023-08-16T22:00:00","guid":{"rendered":"https:\/\/imagazine.it\/gorizia-nuovi-corsi-al-punto-giovani\/"},"modified":"2023-08-17T00:00:00","modified_gmt":"2023-08-16T22:00:00","slug":"gorizia-nuovi-corsi-al-punto-giovani","status":"publish","type":"post","link":"https:\/\/imagazine.it\/home_desk\/gorizia-nuovi-corsi-al-punto-giovani\/","title":{"rendered":"Gorizia, nuovi corsi al Punto Giovani"},"content":{"rendered":"<p> \tGORIZIA \u2013 Riprende l\u2019attivit\u00e0 il <strong>Punto Giovani del Comune di Gorizia<\/strong> con un programma di iniziative che si svilupperanno a partire dalla prossima settimana.<\/p>\n<p> \tDal teatro alla stampa 3D, passando per i corsi dedicati all\u2019arte del fumetto e al marketing territoriale: \u201cIl Punto Giovani di Gorizia \u2013 afferma il vicesindaco e assessore alle Politiche giovanili, <strong>Chiara Gatta<\/strong> \u2013 si prepara a una coda d\u2019estate e a un autunno costellato di occasioni pensate per i ragazzi, con un aumento dei laboratori che affronteranno diverse tematiche molto attuali fra i giovani\u201d.<\/p>\n<p> \tRipartir\u00e0 il 25 agosto, alle 18, l\u2019appuntamento con \u201c<em>Al creative Lab, plug-in<\/em>\u201d il laboratorio di improvvisazione musicale, affiancato all\u2019intelligenza artificiale, per proseguire con l\u2019incontro dedicato al teatro guidato da <strong>Matteo La Porta<\/strong>, che prender\u00e0 il via il 28 agosto e si ripeter\u00e0 il 4, il 6 e l\u201911 settembre dalle 16.30 alle 19.30 in collaborazione con ArTeatro.<\/p>\n<p> \tIl 29 settembre dalle 18.30 alle 20 riprender\u00e0 invece il laboratorio di stampa 3D che si ripeter\u00e0 per 8 incontri, tutti in programma al venerd\u00ec.<\/p>\n<p> \tDa ottobre partiranno anche gli incontri dedicati all\u2019arte del fumetto con <strong>Matteo Zamparo<\/strong> di ArTeatro, tutti i luned\u00ec del mese.<\/p>\n<p> \tSpazio anche alla musica, alle tecniche per la costruzione di un sito internet, allo storytelling, al marketing territoriale e al laboratorio di sloveno.<\/p>\n<p> \tGli appuntamenti, realizzati in <strong>collaborazione con l\u2019Universit\u00e0 di Udine<\/strong> e la <strong>Consulta Provinciale degli Studenti<\/strong>, si terranno al Punto Giovani di <strong>via Morelli 48 <\/strong>e saranno tutti <strong>gratuiti<\/strong>.<\/p>\n<p> \tL\u2019implementazione delle attivit\u00e0 \u00e8 stata possibile grazie a un <strong>contributo straordinario di 10mila euro<\/strong>, ottenuto grazie alla positiva partecipazione allo specifico bando regionale per progetti educativi e ricreativi dei centri di aggregazione giovanile dove la proposta del Comune di Gorizia ha ottenuto un ottimo piazzamento, venendo quindi finanziata.\u00a0\u00a0<\/p>\n<p> \t\u201cQuesto ulteriore riconoscimento per il Punto Giovani \u2013 conclude Gatta \u2013 \u00e8 la conferma della qualit\u00e0 delle proposte che offriamo. Tengo a ringraziare gli uffici ma anche i partner, l&#8217;Universit\u00e0 degli Studi di Udine e la Consulta Provinciale degli Studenti con cui gi\u00e0 da tempo c&#8217;\u00e8 una proficua collaborazione. Non siamo un centro di formazione, ma vogliamo fornire validi spunti e approfondimenti per i giovani al fine di far emergere le loro inclinazioni e i loro talenti\u201d.<\/p>\n<p> \t\u00a0<\/p>\n","protected":false},"excerpt":{"rendered":"<p>Dal teatro alla stampa 3D, passando per l\u2019arte del fumetto e il marketing territoriale: ecco tutte le proposte<\/p>\n","protected":false},"author":28,"featured_media":49812,"comment_status":"closed","ping_status":"closed","sticky":false,"template":"","format":"standard","meta":{"dwc-title":[],"dwc-content":[],"footnotes":""},"categories":[5],"tags":[],"class_list":["post-49811","post","type-post","status-publish","format-standard","has-post-thumbnail","hentry","category-attualita"],"rttpg_featured_image_url":{"full":["https:\/\/imagazine.it\/wp-content\/uploads\/2024\/02\/54121-1.webp",1000,750,false],"landscape":["https:\/\/imagazine.it\/wp-content\/uploads\/2024\/02\/54121-1.webp",1000,750,false],"portraits":["https:\/\/imagazine.it\/wp-content\/uploads\/2024\/02\/54121-1.webp",1000,750,false],"thumbnail":["https:\/\/imagazine.it\/wp-content\/uploads\/2024\/02\/54121-1-150x150.webp",150,150,true],"medium":["https:\/\/imagazine.it\/wp-content\/uploads\/2024\/02\/54121-1-300x225.webp",300,225,true],"large":["https:\/\/imagazine.it\/wp-content\/uploads\/2024\/02\/54121-1.webp",640,480,false],"thumblist":["https:\/\/imagazine.it\/wp-content\/uploads\/2024\/02\/54121-1-300x300.webp",300,300,true],"thumbrelated":["https:\/\/imagazine.it\/wp-content\/uploads\/2024\/02\/54121-1-500x500.webp",500,500,true],"meccarouselthumb":["https:\/\/imagazine.it\/wp-content\/uploads\/2024\/02\/54121-1-474x324.webp",474,324,true],"gridsquare":["https:\/\/imagazine.it\/wp-content\/uploads\/2024\/02\/54121-1-391x260.webp",391,260,true],"tileview":["https:\/\/imagazine.it\/wp-content\/uploads\/2024\/02\/54121-1-300x400.webp",300,400,true],"1536x1536":["https:\/\/imagazine.it\/wp-content\/uploads\/2024\/02\/54121-1.webp",1000,750,false],"2048x2048":["https:\/\/imagazine.it\/wp-content\/uploads\/2024\/02\/54121-1.webp",1000,750,false],"newsup-slider-full":["https:\/\/imagazine.it\/wp-content\/uploads\/2024\/02\/54121-1-1000x720.webp",1000,720,true],"newsup-featured":["https:\/\/imagazine.it\/wp-content\/uploads\/2024\/02\/54121-1.webp",1000,750,false],"newsup-medium":["https:\/\/imagazine.it\/wp-content\/uploads\/2024\/02\/54121-1-720x380.webp",720,380,true],"tptn_thumbnail":["https:\/\/imagazine.it\/wp-content\/uploads\/2024\/02\/54121-1.webp",250,188,false],"sow-carousel-default":["https:\/\/imagazine.it\/wp-content\/uploads\/2024\/02\/54121-1.webp",243,182,false]},"rttpg_author":{"display_name":"redazione","author_link":"https:\/\/imagazine.it\/home_desk\/author\/redazione\/"},"rttpg_comment":0,"rttpg_category":"<a href=\"https:\/\/imagazine.it\/home_desk\/category\/attualita\/\" rel=\"category tag\">ATTUALIT\u00c0<\/a>","rttpg_excerpt":"Dal teatro alla stampa 3D, passando per l\u2019arte del fumetto e il marketing territoriale: ecco tutte le proposte","_links":{"self":[{"href":"https:\/\/imagazine.it\/home_desk\/wp-json\/wp\/v2\/posts\/49811","targetHints":{"allow":["GET"]}}],"collection":[{"href":"https:\/\/imagazine.it\/home_desk\/wp-json\/wp\/v2\/posts"}],"about":[{"href":"https:\/\/imagazine.it\/home_desk\/wp-json\/wp\/v2\/types\/post"}],"author":[{"embeddable":true,"href":"https:\/\/imagazine.it\/home_desk\/wp-json\/wp\/v2\/users\/28"}],"replies":[{"embeddable":true,"href":"https:\/\/imagazine.it\/home_desk\/wp-json\/wp\/v2\/comments?post=49811"}],"version-history":[{"count":0,"href":"https:\/\/imagazine.it\/home_desk\/wp-json\/wp\/v2\/posts\/49811\/revisions"}],"wp:featuredmedia":[{"embeddable":true,"href":"https:\/\/imagazine.it\/home_desk\/wp-json\/wp\/v2\/media\/49812"}],"wp:attachment":[{"href":"https:\/\/imagazine.it\/home_desk\/wp-json\/wp\/v2\/media?parent=49811"}],"wp:term":[{"taxonomy":"category","embeddable":true,"href":"https:\/\/imagazine.it\/home_desk\/wp-json\/wp\/v2\/categories?post=49811"},{"taxonomy":"post_tag","embeddable":true,"href":"https:\/\/imagazine.it\/home_desk\/wp-json\/wp\/v2\/tags?post=49811"}],"curies":[{"name":"wp","href":"https:\/\/api.w.org\/{rel}","templated":true}]}}