{"id":49787,"date":"2023-08-11T00:00:00","date_gmt":"2023-08-10T22:00:00","guid":{"rendered":"https:\/\/imagazine.it\/tra-grado-e-muggia-torna-il-teatro-di-figura\/"},"modified":"2023-08-11T00:00:00","modified_gmt":"2023-08-10T22:00:00","slug":"tra-grado-e-muggia-torna-il-teatro-di-figura","status":"publish","type":"post","link":"https:\/\/imagazine.it\/home_desk\/tra-grado-e-muggia-torna-il-teatro-di-figura\/","title":{"rendered":"Tra Grado e Muggia torna il teatro di figura"},"content":{"rendered":"<p> \tGRADO \u2013 Partito il conto alla rovescia per la 32\u00aa edizione dell\u2019<strong>Alpe Adria Puppet Festival<\/strong>, organizzato dal <strong>CTA-Centro Teatro Animazione e Figure di Gorizia<\/strong>, che quest\u2019anno annuncia il suo nuovo motto \u201c<em>Play<\/em>\u201d.<\/p>\n<p> \t\u201c<em>Play<\/em> significa rappresentazione teatrale in inglese \u2013 spiega il direttore artistico, <strong>Roberto Piaggio<\/strong> \u2013 ma anche gioco e divertimento; per questo, abbiamo voluto che il termine <em>Play<\/em> diventasse il filo conduttore del nostro festival. Sempre di pi\u00f9, infatti, gli spettacoli che andiamo a selezionare coinvolgono attivamente gli spettatori, trasformandoli in <em>spettAttori.<\/em> Inoltre, le tematiche trattate sono estremamente attuali e riguardano la societ\u00e0 di oggi: dalla sostenibilit\u00e0 ambientale alla socialit\u00e0, dai rapporti familiari alle migrazioni e molto altro\u201d.<\/p>\n<p> \tNovit\u00e0 di quest&#8217;anno \u00e8 la <strong>collaborazione con l&#8217;APT di Gorizia<\/strong>: un autobus \u00e8 in circolazione per le citt\u00e0 della provincia per promuovere il nuovo motto del Festival, contribuendo a suscitare interesse sul legame fra teatro, gioco e partecipazione.<\/p>\n<p> \tCome gi\u00e0 annunciato nei mesi scorsi, <strong>il Festival <\/strong><strong>si sdoppier\u00e0: <\/strong>una prima sezione si svolger\u00e0<strong> dal 21 al 27 agosto, con eventi a Grado e Muggia, mentre <\/strong>continua la tradizione transfrontaliera, <strong>fra Gorizia e Nova Gorica<\/strong>, con una novit\u00e0 nel calendario: questa parte si svolger\u00e0 <strong>dal 4 al 7 ottobre<\/strong>.<\/p>\n<p> \t<strong>Luned\u00ec 21 agosto l\u2019Alpe Adria Puppet Festival<\/strong> <strong>aprir\u00e0 alle 16.30 <\/strong>negli spazi della Biblioteca Civica Falco Marin con l\u2019inaugurazione della<strong> mostra <em>MISM\u00c0S-cherati<\/em><\/strong>, <strong>realizzata dall\u2019Associazione Maschera Scenica<\/strong>, in collaborazione con il <strong>CTA<\/strong> e altre realt\u00e0 del territorio. L\u2019obiettivo \u00e8 quello di promuovere e diffondere la tradizione della maschera italiana. Dopo le tappe di Cividale, Tolmezzo e Pordenone, ora tocca all\u2019Isola del Sole ospitare questo progetto che, sempre nella stessa giornata, proporr\u00e0 <strong>in Campo Patriarca Elia alle 18.30<\/strong>, una dimostrazione pratica dell\u2019artista <strong>Antonio Trinco<\/strong>, del consorzio Mascherai Alpini, che creer\u00e0 una maschera da un blocco di legno, illustrando al pubblico le tecniche utilizzate.<\/p>\n<p> \t<strong>Marted\u00ec 22 agosto, con partenza alle 17.30<\/strong>, sar\u00e0 la volta del <em>Kamishi-bike<\/em>, una festa che porter\u00e0 teatro e musica nei luoghi pi\u00f9 caratteristici di Grado, utilizzando la bicicletta. Tre tappe per tre storie diverse che verranno raccontate con l\u2019ausilio di tavole disegnate. Il pubblico potr\u00e0 scegliere di seguire l\u2019attrice <strong>Serena Di Blasio<\/strong> e il fisarmonicista <strong>Giorgio Parisi<\/strong>, con la propria bicicletta, fra le vie pi\u00f9 suggestive della cittadina marinara (\u00e8 necessaria la prenotazione ai numeri\u00a00481 537280 oppure 335 1753049), o semplicemente di aspettarli nel luogo prefissato per il racconto.<\/p>\n<p> \t<strong>Mercoled\u00ec 23 agosto alle 18.30 in Calle Tognon<\/strong>, andr\u00e0 in scena <em>BOL\u00d2M BOL\u00d2M \u00e8 finita la farina<\/em>, spettacolo da tavolo di <strong>Is Mascareddas<\/strong>.<\/p>\n<p> \t<strong>Gioved\u00ec 24 agosto alle 18.30 in Diga Nazario Sauro<\/strong>, andr\u00e0 in scena la nuova versione dello spettacolo di burattini che nel 2008 fu vincitore del concorso Puppet&#038;Music: <em>Nella Pancia dell\u2019Orso Polare<\/em>, con testo e regia di <strong>Gigio Brunello<\/strong> e gli attori <strong>Alberto De Bastiani<\/strong> e <strong>Irene Costantini<\/strong>.<\/p>\n<p> \t<strong>Alle 21 in Campo Patriarca Elia<\/strong>, il marionettista ungherese di fama mondiale <strong>Bence Sarkadi<\/strong> far\u00e0 conoscere al pubblico il pluripremiato <em>The Budapest Marionettes<\/em>.<\/p>\n<p> \t<strong>Venerd\u00ec 25 agosto alle 18.30 in Diga Nazario Sauro<\/strong>, sar\u00e0 la volta di <em>Giovannin senza paura <\/em>dei <strong>Pupi di Stac<\/strong>.<\/p>\n<p> \t<strong>All\u2019Auditorium Biagio Marin<\/strong>, in diverse tornate, dal tardo pomeriggio alla sera (<strong>alle ore 17.30 \/ 18.15 \/ 19 \/ 19.<\/strong><strong>45 <\/strong>solo su prenotazione per 20 persone alla volta), si terr\u00e0 la performance <em>Una tazza di mare in tempesta<\/em>, dal Moby Dick di Herman Melville, di <strong>Roberto Abbiati<\/strong>. All\u2019interno di una piccola installazione, che riproduce la stiva della vecchia nave del capitano Achab, si partir\u00e0 per un viaggio in mare aperto insieme a un piccolo gruppo di compagni di avventura.<\/p>\n<p> \t<strong>Alle 21 in Campo Patriarca Elia<\/strong>, andr\u00e0 in scena <em>Eco<\/em>, della <strong>Compagnia Ymedioteatro<\/strong>.<\/p>\n<p> \t<strong>Sabato 26 agosto<\/strong>, l\u2019Alpe Adria Puppet Festival si trasferir\u00e0 a <strong>Muggia e alle 18\u00a0in Cul de Nave<\/strong>, proporr\u00e0\u00a0<em>The Budapest Marionettes di\u00a0<\/em><strong>Bence Sarkadi<\/strong>. <strong>Alle\u00a020\u00a0al Teatro Verdi,<\/strong> <strong>Ymedioteatro<\/strong>\u00a0sar\u00e0 in scena con\u00a0<em>Eco<\/em>.\u00a0<\/p>\n<p> \t<strong>Domenica 27 luglio alle 20.30\u00a0in Calle Pancera<\/strong>,\u00a0<em>Il Gatto con gli stivali<\/em>\u00a0de\u00a0<strong>I Pupi di Stac<\/strong>\u00a0chiuder\u00e0 la prima parte del Festival.<\/p>\n<p> \t\u00a0<\/p>\n","protected":false},"excerpt":{"rendered":"<p>Marionette, spettacoli sulla bici e la riproduzione della stiva della nave del capitano Achab: una settimana di emozioni per bambini e famiglie<\/p>\n","protected":false},"author":28,"featured_media":49788,"comment_status":"closed","ping_status":"closed","sticky":false,"template":"","format":"standard","meta":{"dwc-title":[],"dwc-content":[],"footnotes":""},"categories":[37],"tags":[],"class_list":["post-49787","post","type-post","status-publish","format-standard","has-post-thumbnail","hentry","category-cultura-e-spettacolo"],"rttpg_featured_image_url":{"full":["https:\/\/imagazine.it\/wp-content\/uploads\/2024\/02\/54095-1.webp",1000,667,false],"landscape":["https:\/\/imagazine.it\/wp-content\/uploads\/2024\/02\/54095-1.webp",1000,667,false],"portraits":["https:\/\/imagazine.it\/wp-content\/uploads\/2024\/02\/54095-1.webp",1000,667,false],"thumbnail":["https:\/\/imagazine.it\/wp-content\/uploads\/2024\/02\/54095-1-150x150.webp",150,150,true],"medium":["https:\/\/imagazine.it\/wp-content\/uploads\/2024\/02\/54095-1-300x200.webp",300,200,true],"large":["https:\/\/imagazine.it\/wp-content\/uploads\/2024\/02\/54095-1.webp",640,427,false],"thumblist":["https:\/\/imagazine.it\/wp-content\/uploads\/2024\/02\/54095-1-300x300.webp",300,300,true],"thumbrelated":["https:\/\/imagazine.it\/wp-content\/uploads\/2024\/02\/54095-1-500x500.webp",500,500,true],"meccarouselthumb":["https:\/\/imagazine.it\/wp-content\/uploads\/2024\/02\/54095-1-474x324.webp",474,324,true],"gridsquare":["https:\/\/imagazine.it\/wp-content\/uploads\/2024\/02\/54095-1-391x260.webp",391,260,true],"tileview":["https:\/\/imagazine.it\/wp-content\/uploads\/2024\/02\/54095-1-300x400.webp",300,400,true],"1536x1536":["https:\/\/imagazine.it\/wp-content\/uploads\/2024\/02\/54095-1.webp",1000,667,false],"2048x2048":["https:\/\/imagazine.it\/wp-content\/uploads\/2024\/02\/54095-1.webp",1000,667,false],"newsup-slider-full":["https:\/\/imagazine.it\/wp-content\/uploads\/2024\/02\/54095-1.webp",1000,667,false],"newsup-featured":["https:\/\/imagazine.it\/wp-content\/uploads\/2024\/02\/54095-1.webp",1000,667,false],"newsup-medium":["https:\/\/imagazine.it\/wp-content\/uploads\/2024\/02\/54095-1-720x380.webp",720,380,true],"tptn_thumbnail":["https:\/\/imagazine.it\/wp-content\/uploads\/2024\/02\/54095-1.webp",250,167,false],"sow-carousel-default":["https:\/\/imagazine.it\/wp-content\/uploads\/2024\/02\/54095-1.webp",272,182,false]},"rttpg_author":{"display_name":"redazione","author_link":"https:\/\/imagazine.it\/home_desk\/author\/redazione\/"},"rttpg_comment":0,"rttpg_category":"<a href=\"https:\/\/imagazine.it\/home_desk\/category\/cultura-e-spettacolo\/\" rel=\"category tag\">CULTURA&amp;SPETTACOLO<\/a>","rttpg_excerpt":"Marionette, spettacoli sulla bici e la riproduzione della stiva della nave del capitano Achab: una settimana di emozioni per bambini e famiglie","_links":{"self":[{"href":"https:\/\/imagazine.it\/home_desk\/wp-json\/wp\/v2\/posts\/49787","targetHints":{"allow":["GET"]}}],"collection":[{"href":"https:\/\/imagazine.it\/home_desk\/wp-json\/wp\/v2\/posts"}],"about":[{"href":"https:\/\/imagazine.it\/home_desk\/wp-json\/wp\/v2\/types\/post"}],"author":[{"embeddable":true,"href":"https:\/\/imagazine.it\/home_desk\/wp-json\/wp\/v2\/users\/28"}],"replies":[{"embeddable":true,"href":"https:\/\/imagazine.it\/home_desk\/wp-json\/wp\/v2\/comments?post=49787"}],"version-history":[{"count":0,"href":"https:\/\/imagazine.it\/home_desk\/wp-json\/wp\/v2\/posts\/49787\/revisions"}],"wp:featuredmedia":[{"embeddable":true,"href":"https:\/\/imagazine.it\/home_desk\/wp-json\/wp\/v2\/media\/49788"}],"wp:attachment":[{"href":"https:\/\/imagazine.it\/home_desk\/wp-json\/wp\/v2\/media?parent=49787"}],"wp:term":[{"taxonomy":"category","embeddable":true,"href":"https:\/\/imagazine.it\/home_desk\/wp-json\/wp\/v2\/categories?post=49787"},{"taxonomy":"post_tag","embeddable":true,"href":"https:\/\/imagazine.it\/home_desk\/wp-json\/wp\/v2\/tags?post=49787"}],"curies":[{"name":"wp","href":"https:\/\/api.w.org\/{rel}","templated":true}]}}