{"id":49779,"date":"2023-08-10T00:00:00","date_gmt":"2023-08-09T22:00:00","guid":{"rendered":"https:\/\/imagazine.it\/lo-zoncolan-tra-natura-e-tradizioni\/"},"modified":"2023-08-10T00:00:00","modified_gmt":"2023-08-09T22:00:00","slug":"lo-zoncolan-tra-natura-e-tradizioni","status":"publish","type":"post","link":"https:\/\/imagazine.it\/home_desk\/lo-zoncolan-tra-natura-e-tradizioni\/","title":{"rendered":"Lo Zoncolan tra natura e tradizioni"},"content":{"rendered":"<p> \tTra<strong> boschi, alpeggi e panorami <\/strong>del <strong>monte Zoncolan<\/strong> (1.900 metri, fra le cime della Carnia in Friuli Venezia Giulia) c\u2019\u00e8 una gran pace\u2026 ma anche tanto movimento. L\u00e0 dove tutto l\u2019anno la parola d\u2019ordine \u00e8 <strong><em>Breathe, Feel, Live<\/em><\/strong>, ovvero <strong>scoperta-emozione-esperienza<\/strong>, quando l\u2019estate raggiunge il suo culmine le proposte per un turismo lento, consapevole e curioso si moltiplicano.<\/p>\n<p> \tGrazie ad appuntamenti ricorrenti e tanti eventi spot, <strong>le terre alte e le vallate racchiuse tra i Comuni di <\/strong><strong>Sutrio, Paluzza, Timau, Cercivento, Ravascletto, Comeglians, Ovaro e Treppo Carnico<\/strong> offriranno natura, fenomeni geologici, tradizioni, folklore, leggende, gastronomia, artigianato, storia e antichi mestieri di questi luoghi che diventeranno alla portata di tutti, passo dopo passo.<\/p>\n<p> \tLo Zoncolan offre infiniti itinerari costellati di verdi alpeggi, prati fioriti, malghe operose, profumate erbe spontanee, torrenti e laghi lucenti, baite solitarie e terrazze panoramiche naturali, borghi silenti, antiche mulattiere, resti di epoca romana ma anche della Grande Guerra.<\/p>\n<p> \tSono diverse le proposte di <strong>escursioni al tramonto, sui monti Tamai, Crostis e Tenchia<\/strong>. Natura, ma anche tradizione e gusto sono al centro delle <strong>escursioni agli alpeggi<\/strong>, con le loro malghe ancora protagoniste in questo territorio dall\u2019impronta agro-pastorale. \u00c8 possibile raggiungere non solo <strong>m<\/strong><strong>alga Meleit sullo Zoncolan<\/strong>, ma anche altre due della Valle del But,<strong> Zoufplan sul monte Tenchia e Lavareit\u00a0sopra Timau<\/strong>, dove si assiste alla lavorazione dei formaggi per i quali la Carnia \u00e8 nota, che si possono anche acquistare.<\/p>\n<p> \tPer gli amanti del pedale, anche non allenatissimi, questo \u00e8 il <strong>regno dell\u2019e-bike<\/strong>, cui sono dedicate diverse escursioni (con possibilit\u00e0 di noleggio della bicicletta) <strong>sullo Zoncolan, ma anche sulla spettacolare Panoramica delle vette<\/strong>, passando per il borgo di Tualis.<\/p>\n<p> \tChi invece allenato non lo \u00e8 affatto, n\u00e9 in sella n\u00e9 con gli scarponcini, non deve comunque rinunciare alla bellezza di questo territorio e pu\u00f2 optare per le <strong>escursioni semplici, ad anello<\/strong>, come quella che nella <strong>Val Degano<\/strong> parte da Comeglians e passa per il borgo di Clavais. Oppure l\u2019anello della <strong>Casera Plotta<\/strong>, con partenza dai laghetti di Timau. O ancora, l\u2019itinerario circolare del <strong>Pal Piccolo e Pal Grande<\/strong>, lungo le mulattiere della Prima guerra mondiale. Particolarmente adatta alle famiglie, infine, l\u2019escursione <strong>Alla scoperta del Zardin dai Siors<\/strong>, fresco bosco sopra il borgo di Cente, con vista su Paluzza. Per aggiungere anche un pizzico di suspense, ecco <strong><em>Sulle orme degli animali del bosco<\/em><\/strong>, con la speranza di individuare anche le tracce del lupo.\u00a0\u00a0\u00a0<\/p>\n<p> \tSe si hanno bambini al seguito, scegliere un percorso facile e condirlo di curiosit\u00e0 qui \u00e8 un gioco da ragazzi.<\/p>\n<p> \tLa domenica mattina c\u2019\u00e8 <strong><em>La Fattoria Diffusa<\/em><\/strong>, facile passeggiata di fondovalle con visita in cascina per familiarizzare con gli animali. Il mercoled\u00ec e sabato pomeriggio tocca alla <strong><em>Visita alla miniera di Cludinico<\/em>.<\/strong> Accompagnati da una guida speleologica, si accede al sito di estrazione del carbone ormai dismesso (bambini dai 7 anni in su).\u00a0<\/p>\n<p> \tL\u2019escursione storico-naturalistica <strong><em>Anello della Grande Guerra<\/em> <\/strong>nei dintorni di Timau, con visita al Tempio Ossario e al Museo della Grande Guerra \u00e8 prevista ogni venerd\u00ec mattina.\u00a0<\/p>\n<p> \tMentre il sabato mattina \u00e8 la volta de <strong><em>Il Parco della Torre Moscarda<\/em><\/strong> per una passeggiata nel tempo, dal Medioevo alla Prima Guerra Mondiale, con visita al Vallo del Littorio.<\/p>\n<p> \tNei boschi intorno alla Torre, infine, il venerd\u00ec, sabato e domenica \u00e8 suggestione pura con la <strong><em>Passeggiata con le lanterne<\/em><\/strong> in notturna.<\/p>\n<p> \t<strong>Tutte le Experience, giorno per giorno, si trovano su <\/strong><u><a data-saferedirecturl=\"https:\/\/www.google.com\/url?q=https:\/\/7yyef.r.a.d.sendibm1.com\/mk\/cl\/f\/sh\/1t6Af4OiGsE8LKNOhVTUrxDepOeRtM\/E2RHF4SduFZ6&#038;source=gmail&#038;ust=1691738526693000&#038;usg=AOvVaw2IaODthsqQSAb_8ZaVbfQE\" href=\"https:\/\/7yyef.r.a.d.sendibm1.com\/mk\/cl\/f\/sh\/1t6Af4OiGsE8LKNOhVTUrxDepOeRtM\/E2RHF4SduFZ6\" style=\"color:#9db669;text-decoration:underline\" target=\"_blank\" rel=\"noopener\"><span style=\"color:#0000cd;\"><strong>www.visitzoncolan.com<\/strong><\/span><\/a><\/u><\/p>\n","protected":false},"excerpt":{"rendered":"<p>I suoi paesaggi verdi, unici e ancora intatti regalano al visitatore continue occasioni di esperienze per tutti i gusti, le gambe e le et\u00e0<\/p>\n","protected":false},"author":28,"featured_media":49780,"comment_status":"closed","ping_status":"closed","sticky":false,"template":"","format":"standard","meta":{"dwc-title":[],"dwc-content":[],"footnotes":""},"categories":[8],"tags":[],"class_list":["post-49779","post","type-post","status-publish","format-standard","has-post-thumbnail","hentry","category-turismo"],"rttpg_featured_image_url":{"full":["https:\/\/imagazine.it\/wp-content\/uploads\/2024\/02\/54089-1.webp",1000,711,false],"landscape":["https:\/\/imagazine.it\/wp-content\/uploads\/2024\/02\/54089-1.webp",1000,711,false],"portraits":["https:\/\/imagazine.it\/wp-content\/uploads\/2024\/02\/54089-1.webp",1000,711,false],"thumbnail":["https:\/\/imagazine.it\/wp-content\/uploads\/2024\/02\/54089-1-150x150.webp",150,150,true],"medium":["https:\/\/imagazine.it\/wp-content\/uploads\/2024\/02\/54089-1-300x213.webp",300,213,true],"large":["https:\/\/imagazine.it\/wp-content\/uploads\/2024\/02\/54089-1.webp",640,455,false],"thumblist":["https:\/\/imagazine.it\/wp-content\/uploads\/2024\/02\/54089-1-300x300.webp",300,300,true],"thumbrelated":["https:\/\/imagazine.it\/wp-content\/uploads\/2024\/02\/54089-1-500x500.webp",500,500,true],"meccarouselthumb":["https:\/\/imagazine.it\/wp-content\/uploads\/2024\/02\/54089-1-474x324.webp",474,324,true],"gridsquare":["https:\/\/imagazine.it\/wp-content\/uploads\/2024\/02\/54089-1-391x260.webp",391,260,true],"tileview":["https:\/\/imagazine.it\/wp-content\/uploads\/2024\/02\/54089-1-300x400.webp",300,400,true],"1536x1536":["https:\/\/imagazine.it\/wp-content\/uploads\/2024\/02\/54089-1.webp",1000,711,false],"2048x2048":["https:\/\/imagazine.it\/wp-content\/uploads\/2024\/02\/54089-1.webp",1000,711,false],"newsup-slider-full":["https:\/\/imagazine.it\/wp-content\/uploads\/2024\/02\/54089-1.webp",1000,711,false],"newsup-featured":["https:\/\/imagazine.it\/wp-content\/uploads\/2024\/02\/54089-1.webp",1000,711,false],"newsup-medium":["https:\/\/imagazine.it\/wp-content\/uploads\/2024\/02\/54089-1-720x380.webp",720,380,true],"tptn_thumbnail":["https:\/\/imagazine.it\/wp-content\/uploads\/2024\/02\/54089-1.webp",250,178,false],"sow-carousel-default":["https:\/\/imagazine.it\/wp-content\/uploads\/2024\/02\/54089-1.webp",256,182,false]},"rttpg_author":{"display_name":"redazione","author_link":"https:\/\/imagazine.it\/home_desk\/author\/redazione\/"},"rttpg_comment":0,"rttpg_category":"<a href=\"https:\/\/imagazine.it\/home_desk\/category\/turismo\/\" rel=\"category tag\">TURISMO<\/a>","rttpg_excerpt":"I suoi paesaggi verdi, unici e ancora intatti regalano al visitatore continue occasioni di esperienze per tutti i gusti, le gambe e le et\u00e0","_links":{"self":[{"href":"https:\/\/imagazine.it\/home_desk\/wp-json\/wp\/v2\/posts\/49779","targetHints":{"allow":["GET"]}}],"collection":[{"href":"https:\/\/imagazine.it\/home_desk\/wp-json\/wp\/v2\/posts"}],"about":[{"href":"https:\/\/imagazine.it\/home_desk\/wp-json\/wp\/v2\/types\/post"}],"author":[{"embeddable":true,"href":"https:\/\/imagazine.it\/home_desk\/wp-json\/wp\/v2\/users\/28"}],"replies":[{"embeddable":true,"href":"https:\/\/imagazine.it\/home_desk\/wp-json\/wp\/v2\/comments?post=49779"}],"version-history":[{"count":0,"href":"https:\/\/imagazine.it\/home_desk\/wp-json\/wp\/v2\/posts\/49779\/revisions"}],"wp:featuredmedia":[{"embeddable":true,"href":"https:\/\/imagazine.it\/home_desk\/wp-json\/wp\/v2\/media\/49780"}],"wp:attachment":[{"href":"https:\/\/imagazine.it\/home_desk\/wp-json\/wp\/v2\/media?parent=49779"}],"wp:term":[{"taxonomy":"category","embeddable":true,"href":"https:\/\/imagazine.it\/home_desk\/wp-json\/wp\/v2\/categories?post=49779"},{"taxonomy":"post_tag","embeddable":true,"href":"https:\/\/imagazine.it\/home_desk\/wp-json\/wp\/v2\/tags?post=49779"}],"curies":[{"name":"wp","href":"https:\/\/api.w.org\/{rel}","templated":true}]}}