{"id":49735,"date":"2023-08-04T00:00:00","date_gmt":"2023-08-03T22:00:00","guid":{"rendered":"https:\/\/imagazine.it\/biglietto-unico-per-i-principali-musei-di-gorizia\/"},"modified":"2023-08-04T00:00:00","modified_gmt":"2023-08-03T22:00:00","slug":"biglietto-unico-per-i-principali-musei-di-gorizia","status":"publish","type":"post","link":"https:\/\/imagazine.it\/home_desk\/biglietto-unico-per-i-principali-musei-di-gorizia\/","title":{"rendered":"Biglietto unico per i principali musei di Gorizia"},"content":{"rendered":"<p> \tGORIZIA \u2013 Riparte <strong>\u201cGO Musei\u201d<\/strong>, il biglietto unico che consente di visitare le principali sedi museali di Gorizia.<\/p>\n<p> \tA partire da <strong>marted\u00ec 8 agosto<\/strong>, chi decider\u00e0 di acquistarlo potr\u00e0 accedere al <strong>Castello<\/strong>, a <strong>Palazzo Coronini Cronberg<\/strong>, ai <strong>Musei Provinciali di Borgo Castello<\/strong> e a <strong>Palazzo Attems Petzenstein<\/strong>, a un costo di <strong>16 euro<\/strong> per l\u2019intero e <strong>8 euro<\/strong> per il ridotto (studenti con meno di 26 anni, cittadini con pi\u00f9 di 65 anni e gruppi di almeno 10 persone).<\/p>\n<p> \tL\u2019iniziativa nasce da un accordo tra <strong>Comune di Gorizia<\/strong>, <strong>Fondazione Palazzo Coronini Cronberg<\/strong> ed <strong>Erpac Fvg<\/strong>, quest\u2019ultimo gestore dei Musei Provinciali e di Palazzo Attems Petzenstein.<\/p>\n<p> \tIn realt\u00e0, si tratta del rinnovo di una convenzione gi\u00e0 attivata nel 2020, poi messa quasi subito in stallo a causa della pandemia e dei lavori di riqualificazione e messa in sicurezza del Castello.<\/p>\n<p> \tIn un primo periodo, verranno utilizzati i biglietti gi\u00e0 stampati nel 2020 e ancora conservati nelle diverse biglietterie, poi i tre Enti ne predisporranno di nuovi, con una grafica che terr\u00e0 conto di <strong>GO!2025<\/strong>.<\/p>\n<p> \t\u201cLa riapertura del Castello \u2013 afferma <strong>Fabrizio Oreti<\/strong>, assessore comunale alla cultura \u2013 ha dimostrato due elementi importanti. Il primo \u00e8 che i lavori di riqualificazione che abbiamo in messo in campo erano necessari per valorizzare al meglio il maniero nell\u2019ottica della Capitale europea della cultura, visto che i tantissimi visitatori stanno gradendo la rimodulazione del simbolo del territorio. Il secondo elemento \u00e8 che stiamo vivendo un\u2019estate dove c\u2019\u00e8 voglia di vivere e scoprire strutture museali\u201d.<\/p>\n<p> \t\u201cIn quest\u2019ottica \u2013 prosegue Oreti \u2013 il biglietto unico rappresenta un\u2019ottima opportunit\u00e0 di crescita dal punto di vista culturale, turistico ed economico per Gorizia e per il territorio. Ricordo che con il biglietto unico museale \u00e8 possibile accedere a Palazzo Attems, Palazzo Coronini, Castello di Gorizia, Museo della Grande Guerra, Museo della Moda, con un prezzo popolare e accessibile a tutti\u201d.<\/p>\n<p> \t\u201cDopo il lungo stop dovuto alla pandemia \u2013 commenta <strong>Anna Del Bianco<\/strong>, direttore generale di Erpac Fvg e della Direzione centrale cultura e sport della Regione \u2013, la ripresa del biglietto unico \u00e8 un grande segnale per Gorizia e per la nostra regione, in vista di GO!2025. Un unico biglietto per visitare le principali strutture museali e culturali di Gorizia a un prezzo agevolato non potr\u00e0 che avere ricadute positive in termini di visibilit\u00e0 e attrattivit\u00e0 per la citt\u00e0. E di certo questo non sar\u00e0 l\u2019unico accordo tra noi di Erpac, il Comune di Gorizia e la Fondazione Coronini Cronberg, a favore della Capitale europea della Cultura\u201d.<\/p>\n<p> \t\u00a0<\/p>\n","protected":false},"excerpt":{"rendered":"<p>Dall&#8217;8 agosto consentir\u00e0 l&#8217;ingresso al Castello, a Palazzo Coronini Cronberg, ai Musei Provinciali di Borgo Castello e a Palazzo Attems Petzenstein<\/p>\n","protected":false},"author":28,"featured_media":49736,"comment_status":"closed","ping_status":"closed","sticky":false,"template":"","format":"standard","meta":{"dwc-title":[],"dwc-content":[],"footnotes":""},"categories":[37],"tags":[],"class_list":["post-49735","post","type-post","status-publish","format-standard","has-post-thumbnail","hentry","category-cultura-e-spettacolo"],"rttpg_featured_image_url":{"full":["https:\/\/imagazine.it\/wp-content\/uploads\/2024\/02\/54015-1.webp",1000,750,false],"landscape":["https:\/\/imagazine.it\/wp-content\/uploads\/2024\/02\/54015-1.webp",1000,750,false],"portraits":["https:\/\/imagazine.it\/wp-content\/uploads\/2024\/02\/54015-1.webp",1000,750,false],"thumbnail":["https:\/\/imagazine.it\/wp-content\/uploads\/2024\/02\/54015-1-150x150.webp",150,150,true],"medium":["https:\/\/imagazine.it\/wp-content\/uploads\/2024\/02\/54015-1-300x225.webp",300,225,true],"large":["https:\/\/imagazine.it\/wp-content\/uploads\/2024\/02\/54015-1.webp",640,480,false],"thumblist":["https:\/\/imagazine.it\/wp-content\/uploads\/2024\/02\/54015-1-300x300.webp",300,300,true],"thumbrelated":["https:\/\/imagazine.it\/wp-content\/uploads\/2024\/02\/54015-1-500x500.webp",500,500,true],"meccarouselthumb":["https:\/\/imagazine.it\/wp-content\/uploads\/2024\/02\/54015-1-474x324.webp",474,324,true],"gridsquare":["https:\/\/imagazine.it\/wp-content\/uploads\/2024\/02\/54015-1-391x260.webp",391,260,true],"tileview":["https:\/\/imagazine.it\/wp-content\/uploads\/2024\/02\/54015-1-300x400.webp",300,400,true],"1536x1536":["https:\/\/imagazine.it\/wp-content\/uploads\/2024\/02\/54015-1.webp",1000,750,false],"2048x2048":["https:\/\/imagazine.it\/wp-content\/uploads\/2024\/02\/54015-1.webp",1000,750,false],"newsup-slider-full":["https:\/\/imagazine.it\/wp-content\/uploads\/2024\/02\/54015-1-1000x720.webp",1000,720,true],"newsup-featured":["https:\/\/imagazine.it\/wp-content\/uploads\/2024\/02\/54015-1.webp",1000,750,false],"newsup-medium":["https:\/\/imagazine.it\/wp-content\/uploads\/2024\/02\/54015-1-720x380.webp",720,380,true],"tptn_thumbnail":["https:\/\/imagazine.it\/wp-content\/uploads\/2024\/02\/54015-1.webp",250,188,false],"sow-carousel-default":["https:\/\/imagazine.it\/wp-content\/uploads\/2024\/02\/54015-1.webp",243,182,false]},"rttpg_author":{"display_name":"redazione","author_link":"https:\/\/imagazine.it\/home_desk\/author\/redazione\/"},"rttpg_comment":0,"rttpg_category":"<a href=\"https:\/\/imagazine.it\/home_desk\/category\/cultura-e-spettacolo\/\" rel=\"category tag\">CULTURA&amp;SPETTACOLO<\/a>","rttpg_excerpt":"Dall'8 agosto consentir\u00e0 l'ingresso al Castello, a Palazzo Coronini Cronberg, ai Musei Provinciali di Borgo Castello e a Palazzo Attems Petzenstein","_links":{"self":[{"href":"https:\/\/imagazine.it\/home_desk\/wp-json\/wp\/v2\/posts\/49735","targetHints":{"allow":["GET"]}}],"collection":[{"href":"https:\/\/imagazine.it\/home_desk\/wp-json\/wp\/v2\/posts"}],"about":[{"href":"https:\/\/imagazine.it\/home_desk\/wp-json\/wp\/v2\/types\/post"}],"author":[{"embeddable":true,"href":"https:\/\/imagazine.it\/home_desk\/wp-json\/wp\/v2\/users\/28"}],"replies":[{"embeddable":true,"href":"https:\/\/imagazine.it\/home_desk\/wp-json\/wp\/v2\/comments?post=49735"}],"version-history":[{"count":0,"href":"https:\/\/imagazine.it\/home_desk\/wp-json\/wp\/v2\/posts\/49735\/revisions"}],"wp:featuredmedia":[{"embeddable":true,"href":"https:\/\/imagazine.it\/home_desk\/wp-json\/wp\/v2\/media\/49736"}],"wp:attachment":[{"href":"https:\/\/imagazine.it\/home_desk\/wp-json\/wp\/v2\/media?parent=49735"}],"wp:term":[{"taxonomy":"category","embeddable":true,"href":"https:\/\/imagazine.it\/home_desk\/wp-json\/wp\/v2\/categories?post=49735"},{"taxonomy":"post_tag","embeddable":true,"href":"https:\/\/imagazine.it\/home_desk\/wp-json\/wp\/v2\/tags?post=49735"}],"curies":[{"name":"wp","href":"https:\/\/api.w.org\/{rel}","templated":true}]}}