{"id":49733,"date":"2023-08-04T00:00:00","date_gmt":"2023-08-03T22:00:00","guid":{"rendered":"https:\/\/imagazine.it\/gorizia-nuova-sede-per-lunione-regionale-economica-slovena\/"},"modified":"2023-08-04T00:00:00","modified_gmt":"2023-08-03T22:00:00","slug":"gorizia-nuova-sede-per-lunione-regionale-economica-slovena","status":"publish","type":"post","link":"https:\/\/imagazine.it\/home_desk\/gorizia-nuova-sede-per-lunione-regionale-economica-slovena\/","title":{"rendered":"Gorizia, nuova sede per l\u2019Unione Regionale Economica Slovena"},"content":{"rendered":"<p> \tGORIZIA \u2013 Inaugurata ufficialmente a Gorizia, in corso Verdi 51, la <strong>nuova sede dell\u2019Unione Regionale Economica Slovena (SDGZ-URES)<\/strong>, che funger\u00e0 da punto informativo strategico nell\u2019ambito del percorso di avvicinamento a GO!2025, per Nova Gorica \/ Gorizia Capitale europea della cultura.<\/p>\n<p> \tL\u2019importanza dell\u2019iniziativa \u00e8 stata evidenziata dal parterre di autorit\u00e0 che hanno presenziato alla cerimonia inaugurale, svoltasi nell\u2019elegante terrazza scoperta all\u2019ultimo piano.<\/p>\n<p> \tA fare gli onori casa \u00e8 stato il presidente di SDGZ-URES, <strong>Robert Frandoli\u010d<\/strong>, che ha sottolineato come la nuova sede contribuir\u00e0 all\u2019ulteriore rafforzamento di proficue relazioni tra la comunit\u00e0 slovena e italiana, seguendo quel progetto di condivisione e sviluppo reciproco che rappresenta il caposaldo di questa candidatura vincente.<\/p>\n<p> \tUna visione propria anche dei sindaci delle due citt\u00e0, <strong>Rodolfo Ziberna<\/strong> e <strong>Simon Turel<\/strong>, che hanno posto l\u2019accento sulla collaborazione costante che Gorizia e Nova Gorica stanno portando avanti con convinzione.<\/p>\n<p> \t\u201cIl rapporto sempre pi\u00f9 stretto tra la comunit\u00e0 slovena e quella italiana \u2013 ha affermato il console generale di Slovenia a Trieste, <strong>Gregor \u0160uc<\/strong> \u2013 \u00e8 la testimonianza concreta della bont\u00e0 del percorso intrapreso, occasione fondamentale per la crescita economica e la prosperit\u00e0 di questi territori\u201d.<\/p>\n<p> \t\u201cL\u2019inaugurazione odierna \u2013 ha aggiunto <strong>Matej Ar\u010don<\/strong>, ministro per i rapporti tra la Repubblica di Slovenia e la comunit\u00e0 nazionale autoctona slovena nei paesi confinanti e tra la Repubblica di Slovenia e gli Sloveni nel mondo \u2013 \u00e8 un ulteriore tassello che premia l\u2019attivit\u00e0 di enti e aziende della comunit\u00e0 slovena che, grazie al loro operato, contribuiscono in modo determinante al benessere economico di questi territori. Il loro esempio virtuoso sar\u00e0 una delle carte vincenti di GO!2025\u201d.<\/p>\n<p> \tAll\u2019inaugurazione erano presenti anche i rappresentanti degli altri enti economici territoriali coinvolti nel percorso verso la Capitale europea della cultura: <strong>Ksenija Dobrila<\/strong>, presidente dell\u2019Unione Culturale ed Economica Slovena (SKGZ), <strong>Adriano Kova\u010di\u010d<\/strong>, presidente ZKB, <strong>Franc Fabec<\/strong>, presidente dell\u2019Associazione Agricoltori (Kmecka Zveza), <strong>Maja Vrtovec<\/strong>, presidente sezione liberi professionisti SDGZ-URES, <strong>Ariano Medeot<\/strong>, presidente Confartigianato Imprese Gorizia, <strong>Monica Paoletich<\/strong>, direttore Confcommercio Gorizia, <strong>Romina Kocina<\/strong>, direttore del GECT Gorizia, e <strong>Graziano Tilatti<\/strong>, presidente Confartigianato FVG.<\/p>\n<p> \tLa nuova sede goriziana dell\u2019Unione Regionale Economica Slovena, far\u00e0 capo alla consorella di Trieste, con il coordinamento del direttore di SDGZ-URES, <strong>Andrej \u0160ik<\/strong>, anche lui presente all\u2019inaugurazione.<\/p>\n<p> \tInfo: <strong><u><a href=\"http:\/\/www.sdgz.it\" target=\"_blank\" rel=\"noopener\"><span style=\"color:#0000cd;\">www.sdgz.it<\/span><\/a><\/u><\/strong><\/p>\n<p> \t\u00a0<\/p>\n","protected":false},"excerpt":{"rendered":"<p>Numerose autorit\u00e0 intervenute alla cerimonia. Ricoprir\u00e0 un ruolo strategico nel percorso di avvicinamento a GO!2025<\/p>\n","protected":false},"author":3,"featured_media":49734,"comment_status":"closed","ping_status":"closed","sticky":false,"template":"","format":"standard","meta":{"dwc-title":[],"dwc-content":[],"footnotes":""},"categories":[5],"tags":[],"class_list":["post-49733","post","type-post","status-publish","format-standard","has-post-thumbnail","hentry","category-attualita"],"rttpg_featured_image_url":{"full":["https:\/\/imagazine.it\/wp-content\/uploads\/2024\/02\/54008-1.webp",1000,617,false],"landscape":["https:\/\/imagazine.it\/wp-content\/uploads\/2024\/02\/54008-1.webp",1000,617,false],"portraits":["https:\/\/imagazine.it\/wp-content\/uploads\/2024\/02\/54008-1.webp",1000,617,false],"thumbnail":["https:\/\/imagazine.it\/wp-content\/uploads\/2024\/02\/54008-1-150x150.webp",150,150,true],"medium":["https:\/\/imagazine.it\/wp-content\/uploads\/2024\/02\/54008-1-300x185.webp",300,185,true],"large":["https:\/\/imagazine.it\/wp-content\/uploads\/2024\/02\/54008-1.webp",640,395,false],"thumblist":["https:\/\/imagazine.it\/wp-content\/uploads\/2024\/02\/54008-1-300x300.webp",300,300,true],"thumbrelated":["https:\/\/imagazine.it\/wp-content\/uploads\/2024\/02\/54008-1-500x500.webp",500,500,true],"meccarouselthumb":["https:\/\/imagazine.it\/wp-content\/uploads\/2024\/02\/54008-1-474x324.webp",474,324,true],"gridsquare":["https:\/\/imagazine.it\/wp-content\/uploads\/2024\/02\/54008-1-391x260.webp",391,260,true],"tileview":["https:\/\/imagazine.it\/wp-content\/uploads\/2024\/02\/54008-1-300x400.webp",300,400,true],"1536x1536":["https:\/\/imagazine.it\/wp-content\/uploads\/2024\/02\/54008-1.webp",1000,617,false],"2048x2048":["https:\/\/imagazine.it\/wp-content\/uploads\/2024\/02\/54008-1.webp",1000,617,false],"newsup-slider-full":["https:\/\/imagazine.it\/wp-content\/uploads\/2024\/02\/54008-1.webp",1000,617,false],"newsup-featured":["https:\/\/imagazine.it\/wp-content\/uploads\/2024\/02\/54008-1.webp",1000,617,false],"newsup-medium":["https:\/\/imagazine.it\/wp-content\/uploads\/2024\/02\/54008-1-720x380.webp",720,380,true],"tptn_thumbnail":["https:\/\/imagazine.it\/wp-content\/uploads\/2024\/02\/54008-1.webp",250,154,false],"sow-carousel-default":["https:\/\/imagazine.it\/wp-content\/uploads\/2024\/02\/54008-1.webp",272,168,false]},"rttpg_author":{"display_name":"Andrea Doncovio","author_link":"https:\/\/imagazine.it\/home_desk\/author\/andrea\/"},"rttpg_comment":0,"rttpg_category":"<a href=\"https:\/\/imagazine.it\/home_desk\/category\/attualita\/\" rel=\"category tag\">ATTUALIT\u00c0<\/a>","rttpg_excerpt":"Numerose autorit\u00e0 intervenute alla cerimonia. Ricoprir\u00e0 un ruolo strategico nel percorso di avvicinamento a GO!2025","_links":{"self":[{"href":"https:\/\/imagazine.it\/home_desk\/wp-json\/wp\/v2\/posts\/49733","targetHints":{"allow":["GET"]}}],"collection":[{"href":"https:\/\/imagazine.it\/home_desk\/wp-json\/wp\/v2\/posts"}],"about":[{"href":"https:\/\/imagazine.it\/home_desk\/wp-json\/wp\/v2\/types\/post"}],"author":[{"embeddable":true,"href":"https:\/\/imagazine.it\/home_desk\/wp-json\/wp\/v2\/users\/3"}],"replies":[{"embeddable":true,"href":"https:\/\/imagazine.it\/home_desk\/wp-json\/wp\/v2\/comments?post=49733"}],"version-history":[{"count":0,"href":"https:\/\/imagazine.it\/home_desk\/wp-json\/wp\/v2\/posts\/49733\/revisions"}],"wp:featuredmedia":[{"embeddable":true,"href":"https:\/\/imagazine.it\/home_desk\/wp-json\/wp\/v2\/media\/49734"}],"wp:attachment":[{"href":"https:\/\/imagazine.it\/home_desk\/wp-json\/wp\/v2\/media?parent=49733"}],"wp:term":[{"taxonomy":"category","embeddable":true,"href":"https:\/\/imagazine.it\/home_desk\/wp-json\/wp\/v2\/categories?post=49733"},{"taxonomy":"post_tag","embeddable":true,"href":"https:\/\/imagazine.it\/home_desk\/wp-json\/wp\/v2\/tags?post=49733"}],"curies":[{"name":"wp","href":"https:\/\/api.w.org\/{rel}","templated":true}]}}