{"id":49719,"date":"2023-08-03T00:00:00","date_gmt":"2023-08-02T22:00:00","guid":{"rendered":"https:\/\/imagazine.it\/il-racconto-perfetto-da-netflix-a-pordenone\/"},"modified":"2023-08-03T00:00:00","modified_gmt":"2023-08-02T22:00:00","slug":"il-racconto-perfetto-da-netflix-a-pordenone","status":"publish","type":"post","link":"https:\/\/imagazine.it\/home_desk\/il-racconto-perfetto-da-netflix-a-pordenone\/","title":{"rendered":"&#8220;Il racconto perfetto&#8221; da Netflix a Pordenone"},"content":{"rendered":"<p> \tPORDENONE \u2013 Torna<strong> pordenonelegge<\/strong>, <strong>dal 13 al 17 settembre con 334 incontri in cartellone e 570 protagonisti<\/strong> italiani e stranieri: il programma della 24^ edizione sar\u00e0 consultabile online dal 4 agosto, giorno per giorno, nella homepage del sito <strong>pordenonelegge.it<\/strong><strong>.<\/strong><\/p>\n<p> \t<strong>Pordenonelegge<\/strong>, promosso da <strong>Fondazione Pordenonelegge<\/strong>.it e realizzato a cura di <strong>Gian Mario Villalta<\/strong> (direttore artistico), <strong>Alberto Garlini<\/strong> e <strong>Valentina Gasparet<\/strong> si caratterizza per le sue <strong>anteprime e novit\u00e0: <\/strong>sono 62, quest\u2019anno. Firmate da autrici e autori internazionali che hanno scelto quest\u2019anno il festival per presentare il loro nuovo libro.<\/p>\n<p> \tA cominciare da \u201c<strong><em>Api grigie<\/em><\/strong>\u201d, il nuovo romanzo di<strong> Andrei Kurkov<\/strong>, la voce letteraria pi\u00f9 nota dell\u2019Ucraina del nostro tempo: sar\u00e0 lui a inaugurare il festival, mercoled\u00ec 13 settembre, al Teatro Verdi alle 18.<\/p>\n<p> \tIn anteprima assoluta lo scrittore <strong>\u00c9ric-Emmanuel Schmitt <\/strong>racconta<strong> \u201c<em>La sfida di Gerusalemme. Un viaggio in Terra Santa<\/em>\u201d<\/strong> (e\/o con Libreria Editrice Vaticana), diario di un mese fra Betlemme, Nazareth, la Galilea, Gerusalemme, un vero e proprio itinerario tra i dubbi della ragione e le aperture della fede integrato da <strong>una lettera inedita di Papa Francesco all\u2019autore<\/strong>.<\/p>\n<p> \tAl festival in anteprima i nuovi romanzi di <strong>due autrici best seller, Viola Ardone <\/strong>che presenta<strong> \u201c<em>Grande meraviglia<\/em>\u201d (Einaudi),<\/strong> la storia emozionante della giovane Elba e del dottor Meraviglia che la riporter\u00e0 alla vita fuori dal manicomio; e la spagnola<strong> El\u00edsabet Benavent <\/strong>che in anteprima a<strong> pordenonelegge <\/strong>presenta<strong> \u201c<em>Il racconto perfetto<\/em>\u201d (Salani)<\/strong>, il romanzo dal quale \u00e8 tratta la serie Netflix uscita in questi giorni.<\/p>\n<p> \tAl festival, ancora, le anteprime di <strong>autori come Paolo Di Paolo <\/strong>che presenta<strong> \u201c<em>Romanzo senza umani<\/em>\u201d (Feltrinelli)<\/strong>, di <strong>Michela Marzano <\/strong>che firma<strong> \u201c<em>Sto ancora aspettando che qualcuno mi chieda scusa<\/em>\u201d (Rizzoli)<\/strong>, di <strong>G<\/strong><strong>ianni Biondillo<\/strong>, con<strong> \u201cQuello che noi non siamo\u201d (Guanda)<\/strong>, di<strong> Mariolina Venezia<\/strong>, vincitrice del Premio Letterario Friuli Venezia Giulia \u201cIl racconto dei luoghi e del tempo\u201d con il racconto lungo<strong> \u201c<em>Ritorni<\/em>\u201d<\/strong>, di<strong> Nino Haratischwili <\/strong>con<strong> \u201c<em>La luce che manca<\/em>\u201d (Marsilio)<\/strong>.<\/p>\n<p> \tPer la prima volta a pordenonelegge si presentano anche i nuovi libri dei giornalisti<strong> Corrado Augias<\/strong>, che ripercorre la vita e l\u2019apostolato di<strong> \u201c<em>Paolo, l\u2019uomo che invent\u00f2 il Cristianesimo<\/em>\u201d (Rai Libri);<\/strong> e <strong>Federico Rampini<\/strong>, che d\u00e0 voce a<strong> \u201c<em>La speranza africana<\/em>\u201d (Mondadori)<\/strong>.<\/p>\n<p> \tSul filo rosso dell\u2019attualit\u00e0 l\u2019irlandese<strong> Sally Hayden <\/strong>presenta la sua inchiesta<strong> \u201c<em>E la quarta volta siamo annegati<\/em>\u201d (Bollati Boringhieri)<\/strong>, sul sentiero della morte che porta al Mediterraneo. Mentre <strong>Cecilia Sala, <\/strong>pubblica<strong> \u201c<em>L\u2019incendio. Reportage su una generazione tra Iran, Ucraina e Afghanistan<\/em>\u201d (Mondadori)<\/strong>.<\/p>\n<p> \tFra le <strong>anteprime internazionali<\/strong> anche lo statunitense<strong> Michael Bible<\/strong> con <strong>\u201c<em>L\u2019ultima cosa bella sulla faccia della terra<\/em>\u201d<\/strong><strong> (Adelphi)<\/strong>, e l\u2018autrice bestseller vietnamita <strong>Nguye\u0302\u0303n Phan Que\u0302\u0301 Mai <\/strong>con il nuovo romanzo<strong> \u201c<em>Dove vola la polvere<\/em>\u201d (Nord edizioni)<\/strong>.<\/p>\n<p> \tMentre la scrittrice <em>Prix Goncourt<\/em><strong> Lydie Salvayre<\/strong> firma<strong> \u201c<em>La conferenza<\/em>\u201d (Prehistorica)<\/strong>. Poi <strong>Michel Bussi <\/strong>con il nuovo giallo<strong> \u201c<em>Tre vite, una settimana<\/em>\u201d (e\/o)<\/strong>, lo scrittore croato <strong>Robert Peri\u0161ic <\/strong>porta al festival la variopinta galleria di personaggi descritti in<strong> \u201c<\/strong><strong><em>D<\/em><\/strong><strong><em>isastri esistenziali e spese folli<\/em><\/strong><strong>\u201d<\/strong><strong> (Bottega Errante<\/strong>, e la poetessa rumena <strong>Ana Blandiana<\/strong> sar\u00e0 a pordenonelegge con la nuova raccolta<strong> \u201c<em>Variazioni su un tema dato<\/em>\u201d <\/strong>a cura di<strong> Bruno Mazzoni<\/strong>.<\/p>\n<p> \tSono tanti gli<strong> autori e autrici internazionali <\/strong>che hanno scelto pordenonelegge per la<strong> prima presentazione italiana del loro ultimo libro<\/strong>: ci sar\u00e0 la bestseller<strong> R.J. Palacio<\/strong>, autrice di <strong><em>&#8216;Wonder&#8217;<\/em><\/strong>, con il suo ultimo romanzo,<strong> <em>&#8216;Pony&#8217;<\/em> (Giunti)<\/strong>. E arriva al festival <strong>Emilia Hart<\/strong>, l\u2019autrice dell\u2019esordio internazionale dell\u2019anno: il suo <strong>\u201c<em>Weyward<\/em>\u201d (Fazi)<\/strong> ha conquistato l\u2019editoria mondiale suscitando un passaparola istantaneo.<\/p>\n<p> \tCi saranno anche<strong> Philippe Forest<\/strong>, di cui \u00e8 appena uscito <strong>\u201c<em>Io resto re dei miei dolori<\/em>\u201d (Fandango)<\/strong>, il romanziere francese<strong> Laurent Mauvignier<\/strong>, con la sua ultima opera<strong> \u201c<em>La festa di compleanno<\/em>\u201d (Feltrinelli)<\/strong> e l\u2019autore argentino<strong> Alberto Manguel<\/strong>, allievo di Borges, che racconter\u00e0<strong> \u201c<em>Don Chisciotte e i suoi fantasmi<\/em>\u201d (Sellerio). <\/strong><\/p>\n<p> \tAl festival anche<strong> Anil Seth, lo scienziato britannico che si occupa di neuroscienze cognitive<\/strong>: illustrer\u00e0 il suo ultimo saggio<strong> \u201c<em>Come il cervello crea la nostra coscienza<\/em>\u201d (Raffello Cortina<\/strong>). E anche l\u2019accademico<strong> Steven Umbrello <\/strong>sar\u00e0 a pordeonelegge per raccontare, attraverso il suo <strong>\u201c<em>Oggetti buoni<\/em>\u201d (Fandango)<\/strong>, cos\u2019\u00e8 il <em>Value Sensitive Design<\/em> ovvero un design o progettazione sensibile ai valori secondo un\u2019innovazione responsabile e intelligente. Prima anche per l\u2019autrice <strong>Erin Doom<\/strong>, che ha scelto pordenonelegge come unica vetrina festivaliera per raccontare il suo ultimo romanzo, <strong>\u201c<em>Stigma<\/em>\u201d (Salani)<\/strong>.<\/p>\n<p> \tAl festival anche <strong>anteprime italiane<\/strong>, con la prima presentazione dell\u2019autobiografia del grande Maestro della fotografia <strong>Dante Spinotti<\/strong> che per <strong>La nave di Teseo<\/strong> firma \u201c<strong><em>Dante Spinotti, Una vita per le immagini. Il mio cinema, un film alla volta<\/em><\/strong>\u201d. E ci saranno le anteprime dei nuovi libri dello scrittore e drammaturgo <strong>Luca Doninelli<\/strong> in libreria per Bompiani con \u201c<em>Nero Fiorentino<\/em>\u201d, del matematico <strong>Piergiorgio Odifreddi<\/strong> che arriva a pordenonelegge con \u201c<strong><em>A piccole dosi. Contro la crisi di astinenza dalla matematica<\/em><\/strong>\u201d (Raffaello Cortina editore), del filosofo <strong>Marcello Veneziani<\/strong> che presenta \u201c<strong><em>Vico dei miracoli<\/em><\/strong>\u201d (Rizzoli), del giallista <strong>Piergiorgio Pulixi<\/strong> con \u201c<em>Stella di mare<\/em>\u201d (Rizzoli), dello psichiatra <strong>Vittorino Andreoli<\/strong> in uscita per Solferino con \u201c<strong><em>Insieme si vince. La forza della cooperazione nella nostra vita<\/em><\/strong>\u201d, del critico d\u2019arte <strong>Luca Beatrice <\/strong>che firma per Marsilio \u201c<strong><em>Le vite. Un racconto provinciale dell\u2019arte italiana<\/em><\/strong>\u201d.<\/p>\n<p> \tArrivano al Festival con le loro novit\u00e0 il giornalista <strong>Toni Capuozzo<\/strong> che presenta per Biblioteca dell\u2019Immagine \u201c<strong><em>Nessuno pi\u00f9 canta per strada<\/em><\/strong>\u201d, lo psicologo <strong>Paolo Legrenzi<\/strong> con \u201c<strong><em>Le cose non sono come sembrano. Perch\u00e9 la vita \u00e8 meglio di come la immaginiamo<\/em><\/strong>\u201d (Solferino), il giornalista <strong>Francesco De Filippo<\/strong> sfoglier\u00e0 il nuovo romanzo \u201c<strong><em>Trieste \u00e8 un\u2019isola. Le prime involontarie indagini di Vincenzo Tagliente<\/em><\/strong>\u201d (Castelvecchi), il neuroscienziato <strong>Giorgio Vallortigara<\/strong> presenta \u201c<strong><em>Il pulcino di Kant<\/em><\/strong>\u201d (Adelphi), l\u2019autrice e giornalista <strong>Cristina Battocletti<\/strong> in libreria per La nave di Teseo con \u201c<em>Epigenetica<\/em>\u201d, la saggista e conduttrice radiofonica <strong>Gabriella Caramore<\/strong> racconta ne \u201c<strong><em>L\u2019et\u00e0 grande<\/em><\/strong>\u201d (Garzanti) quanto la vecchiaia sia ormai un tempo in cui tutto \u00e8 ancora possibile, lo scrittore <strong>Antonio G. Bortoluzzi<\/strong> presenta per Marsilio \u201c<strong><em>Il saldatore del Vajont<\/em><\/strong>\u201d, e ancora anteprime con l\u2019economista e saggista <strong>Geminello Alvi<\/strong> che sfoglier\u00e0 insieme al pubblico \u201c<strong><em>Io, Virgilio<\/em><\/strong>\u201d (Marsilio), il sociologo <strong>Luca Ricolfi<\/strong> con \u201c<strong><em>La rivoluzione del merito<\/em><\/strong>\u201d in libreria per Rizzoli, la saggista e direttrice IAI &#8211; Istituto Affari Internazionali <strong>Nathalie Tocci<\/strong> con il nuovo libro per Solferino \u201c<strong><em>Fuori dal tunnel. Come l\u2019Europa pu\u00f2 superare la grande crisi<\/em><\/strong>\u201d, il divulgatore ed ex \u201cAngelo\u201d di pordenonelegge <strong>Max Corona<\/strong> in uscita per Vallardi con \u201c<strong><em>Persone che pensano in grande<\/em><\/strong>\u201d, la giornalista <strong>Odette Copat<\/strong> presenta \u201c<strong><em>Minicosmi. Una mappa sentimentale<\/em><\/strong>\u201d (Biblioteca dell\u2019Immagine), il giornalista e scrittore <strong>Franco Faggiani<\/strong> al festival con \u201c<strong><em>La compagnia del gelso<\/em><\/strong>\u201d (Aboca). \u00a0<\/p>\n<p> \tLa <strong>Poesia<\/strong> \u00e8 un festival nel festival, e in anteprima, oltre alla raccolta di <strong>Ana Blandiana<\/strong>, arrivano il libro di <strong>Roberto Galavern<\/strong>i, \u201c<strong><em>Carte correnti. Nove lezioni sul senso della poesia<\/em><\/strong>\u201d, in uscita per <strong>Fazi<\/strong>, e 3 volumi di poesia della <strong>Collana Gialla Oro di pordenonelegge\/Samuele editore<\/strong>, firmati da <strong>Mario De Santis<\/strong> (\u201c<em>Corpi solubili<\/em>\u201d), <strong>Martin Rueff <\/strong><em>(\u201c<\/em><em>Icaro grida in un cielo di crea<\/em><em>\u201d), della poetessa slovena <\/em><strong>Tina Volari\u010d<\/strong><em> (\u201cS<\/em><em>ilenzi a pi\u00f9 voci &#8211; Ve\u010dglasne ti\u0161ine\u201d). Pi\u00f9 3 volumi della <strong>Collana Gialla<\/strong> con le raccolte<\/em><strong> di <\/strong><strong>Alessandro Anil<\/strong> <em>(\u201c<\/em><em>Terra dei ritorni<\/em><em>\u201d), <\/em><strong>Vincenzo Della Mea<\/strong>:<em> (\u201cC<\/em><em>lone 2.0\u201d), <\/em><strong>Giuseppe Nibali<\/strong> (\u201c<em>Eucariota<\/em>\u201d).<\/p>\n<p> \tLe proposte per i <strong>lettori Junior<\/strong> sono quelle di <strong>Piergiorgio Odifreddi<\/strong> per Mondadori Junior, \u201c<strong><em>Perch\u00e9 studiare matematica (non) \u00e8 impossibile<\/em><\/strong>\u201d, mentre <strong>Gherardo Colombo<\/strong> con <strong>Fabio Caon<\/strong> torna in libreria per Salani con \u201c<strong><em>Chi \u00e8 stato? Come diventare cittadini responsabili<\/em><\/strong>\u201d. <strong>Azzurra D\u2019Agostino<\/strong> con <strong>Jacopo Casiraghi<\/strong> firma per Giunti \u201c<strong><em>Ghost light. Insieme fuori dal buio<\/em><\/strong>\u201d. Nuovo libro anche per <strong>Riccardo Gazzaniga<\/strong> in libreria per Rizzoli con \u201c<strong><em>Quello che non dicono. Storie di animali che ci insegnano a essere umani<\/em><\/strong>\u201d, serie di racconti dedicati al mondo animale su cui riflettere e da cui imparare; arrivano anche i ragazzi brillanti, sensibili, sognatori protagonisti di \u201c<strong><em>Case rosse<\/em><\/strong>\u201d (Il Castoro) di <strong>Susanna Mattiangeli<\/strong> con i disegni di <strong>Rita Petruccioli<\/strong>; <strong>Giuseppe Festa<\/strong> presenta \u201c<em>La notte dei cervi volanti<\/em>\u201d (Salani), e <strong>Giovanni Nucci<\/strong> racconta \u201c<strong><em>Roma. I miti e gli eroi<\/em><\/strong>\u201d (Salani).<\/p>\n<p> \tA pordenonelegge anche le novit\u00e0 di autrici e autori in uscita nel mese di settembre: come il nuovo lavoro di <strong>Emanuele Trevi<\/strong> \u201c<strong><em>La casa del mago<\/em><\/strong>\u201d (Ponte alle Grazie), di <strong>Natasha Solomons<\/strong> pubblica per Neri Pozza \u201c<strong><em>Romeo e Rosalina<\/em><\/strong>\u201d, una riscrittura inaspettata e intrigante dell\u2019iconica storia d\u2019amore shakespeariana, <strong>Mauro Corona<\/strong> firma per Mondadori \u201c<strong><em>Le altalene<\/em><\/strong>\u201d, un romanzo monologo dedicato ai suoi luoghi. E ancora, <strong>Tiziano Scarpa<\/strong> arriva al festival con \u201c<strong><em>La verit\u00e0 e la biro<\/em><\/strong>\u201d (Einaudi), una carrellata di racconti di personaggi e momenti rivelatori dei rapporti con gli altri, che, guardando indietro, fanno ridere, soffrire e a volte disperare; <strong>Roberta Scorranese<\/strong> accompagna il lettore in un viaggio nell\u2019arte attraverso i corpi delle donne con il libro \u201c<strong><em>A questo serve il corpo<\/em><\/strong>\u201d \u00a0in libreria per Bompiani e <strong>Paolo Repossi<\/strong> racconta l\u2019antico mestiere del vignaiolo che si tramanda di generazione in generazione nonostante le vicissitudini del tempo e della vita ne \u201c<em>Il rito del filare. Piccola disciplina del vigneto<\/em>\u201d (Ediciclo).<\/p>\n<p> \t\u00a0<\/p>\n","protected":false},"excerpt":{"rendered":"<p>Il romanzo di El\u00edsabet Benavent da cui \u00e8 tratta la serie tv del momento sar\u00e0 tra i protagonisti della nuova edizione della festa del libro con gli autori<\/p>\n","protected":false},"author":28,"featured_media":49720,"comment_status":"closed","ping_status":"closed","sticky":false,"template":"","format":"standard","meta":{"dwc-title":[],"dwc-content":[],"footnotes":""},"categories":[37],"tags":[],"class_list":["post-49719","post","type-post","status-publish","format-standard","has-post-thumbnail","hentry","category-cultura-e-spettacolo"],"rttpg_featured_image_url":{"full":["https:\/\/imagazine.it\/wp-content\/uploads\/2024\/02\/53992-1.webp",750,483,false],"landscape":["https:\/\/imagazine.it\/wp-content\/uploads\/2024\/02\/53992-1.webp",750,483,false],"portraits":["https:\/\/imagazine.it\/wp-content\/uploads\/2024\/02\/53992-1.webp",750,483,false],"thumbnail":["https:\/\/imagazine.it\/wp-content\/uploads\/2024\/02\/53992-1-150x150.webp",150,150,true],"medium":["https:\/\/imagazine.it\/wp-content\/uploads\/2024\/02\/53992-1-300x193.webp",300,193,true],"large":["https:\/\/imagazine.it\/wp-content\/uploads\/2024\/02\/53992-1.webp",640,412,false],"thumblist":["https:\/\/imagazine.it\/wp-content\/uploads\/2024\/02\/53992-1-300x300.webp",300,300,true],"thumbrelated":["https:\/\/imagazine.it\/wp-content\/uploads\/2024\/02\/53992-1-500x483.webp",500,483,true],"meccarouselthumb":["https:\/\/imagazine.it\/wp-content\/uploads\/2024\/02\/53992-1-474x324.webp",474,324,true],"gridsquare":["https:\/\/imagazine.it\/wp-content\/uploads\/2024\/02\/53992-1-391x260.webp",391,260,true],"tileview":["https:\/\/imagazine.it\/wp-content\/uploads\/2024\/02\/53992-1-300x400.webp",300,400,true],"1536x1536":["https:\/\/imagazine.it\/wp-content\/uploads\/2024\/02\/53992-1.webp",750,483,false],"2048x2048":["https:\/\/imagazine.it\/wp-content\/uploads\/2024\/02\/53992-1.webp",750,483,false],"newsup-slider-full":["https:\/\/imagazine.it\/wp-content\/uploads\/2024\/02\/53992-1.webp",750,483,false],"newsup-featured":["https:\/\/imagazine.it\/wp-content\/uploads\/2024\/02\/53992-1.webp",750,483,false],"newsup-medium":["https:\/\/imagazine.it\/wp-content\/uploads\/2024\/02\/53992-1-720x380.webp",720,380,true],"tptn_thumbnail":["https:\/\/imagazine.it\/wp-content\/uploads\/2024\/02\/53992-1.webp",250,161,false],"sow-carousel-default":["https:\/\/imagazine.it\/wp-content\/uploads\/2024\/02\/53992-1.webp",272,175,false]},"rttpg_author":{"display_name":"redazione","author_link":"https:\/\/imagazine.it\/home_desk\/author\/redazione\/"},"rttpg_comment":0,"rttpg_category":"<a href=\"https:\/\/imagazine.it\/home_desk\/category\/cultura-e-spettacolo\/\" rel=\"category tag\">CULTURA&amp;SPETTACOLO<\/a>","rttpg_excerpt":"Il romanzo di El\u00edsabet Benavent da cui \u00e8 tratta la serie tv del momento sar\u00e0 tra i protagonisti della nuova edizione della festa del libro con gli autori","_links":{"self":[{"href":"https:\/\/imagazine.it\/home_desk\/wp-json\/wp\/v2\/posts\/49719","targetHints":{"allow":["GET"]}}],"collection":[{"href":"https:\/\/imagazine.it\/home_desk\/wp-json\/wp\/v2\/posts"}],"about":[{"href":"https:\/\/imagazine.it\/home_desk\/wp-json\/wp\/v2\/types\/post"}],"author":[{"embeddable":true,"href":"https:\/\/imagazine.it\/home_desk\/wp-json\/wp\/v2\/users\/28"}],"replies":[{"embeddable":true,"href":"https:\/\/imagazine.it\/home_desk\/wp-json\/wp\/v2\/comments?post=49719"}],"version-history":[{"count":0,"href":"https:\/\/imagazine.it\/home_desk\/wp-json\/wp\/v2\/posts\/49719\/revisions"}],"wp:featuredmedia":[{"embeddable":true,"href":"https:\/\/imagazine.it\/home_desk\/wp-json\/wp\/v2\/media\/49720"}],"wp:attachment":[{"href":"https:\/\/imagazine.it\/home_desk\/wp-json\/wp\/v2\/media?parent=49719"}],"wp:term":[{"taxonomy":"category","embeddable":true,"href":"https:\/\/imagazine.it\/home_desk\/wp-json\/wp\/v2\/categories?post=49719"},{"taxonomy":"post_tag","embeddable":true,"href":"https:\/\/imagazine.it\/home_desk\/wp-json\/wp\/v2\/tags?post=49719"}],"curies":[{"name":"wp","href":"https:\/\/api.w.org\/{rel}","templated":true}]}}