{"id":49717,"date":"2023-08-03T00:00:00","date_gmt":"2023-08-02T22:00:00","guid":{"rendered":"https:\/\/imagazine.it\/allerta-meteo-laquileia-film-festival-recupera-in-streaming\/"},"modified":"2023-08-03T00:00:00","modified_gmt":"2023-08-02T22:00:00","slug":"allerta-meteo-laquileia-film-festival-recupera-in-streaming","status":"publish","type":"post","link":"https:\/\/imagazine.it\/home_desk\/allerta-meteo-laquileia-film-festival-recupera-in-streaming\/","title":{"rendered":"Allerta meteo, l&#8217;Aquileia Film Festival recupera in streaming"},"content":{"rendered":"<p> \tAQUILEIA \u2013 Successo per la seconda serata dell\u2019<strong>Aquileia<\/strong> <strong>Film Festival<\/strong>, la rassegna internazionale di cinema archeologico organizzata dalla Fondazione Aquileia con Archeologia Viva e Firenze Archeofilm in collaborazione con Comune di Aquileia, Regione Friuli Venezia Giulia, Soprintendenza Archeologia Belle Arti Paesaggio del FVG, Basilica di Aquileia PromoTurismoFvg, Direzione Regionale Musei FVG e Museo archeologico nazionale di Aquileia e il sostegno della Famiglia Mattiussi.<\/p>\n<p> \tDopo l\u2019annullamento della prima serata causa pioggia, ieri sera tutti esauriti gli ottocento posti in platea a cui vanno aggiunti 1.000 spettatori collegati in streaming da Italia, Usa, Irlanda, Canada, Francia, Lussemburgo, Belgio, Argentina, Svizzera.<\/p>\n<p> \tIl sindaco di Aquileia, <strong>Emanuele Zorino<\/strong>, ha aperto la rassegna nel segno dell\u2019Unesco, ricordando la ricorrenza dei 25 anni dall\u2019assegnazione del titolo di Patrimonio dell\u2019Umanit\u00e0 ad Aquileia, ricorrenza che verr\u00e0 celebrata il 5 dicembre.<\/p>\n<p> \t<em>Fil rouge<\/em> della serata il valore universale del patrimonio culturale, concetto su cui si \u00e8 soffermato in apertura anche il Presidente della Fondazione Aquileia, <strong>Roberto Corciulo<\/strong>, sottolineando la volont\u00e0 di tramandare anche alle giovani generazioni il messaggio universale non solo di Aquileia ma del patrimonio culturale che abbiamo ereditato.<\/p>\n<p> \tHa aperto la serata, catturando l\u2019attenzione del pubblico, la proiezione di \u201c<em>Jurassic Cash<\/em>\u201d, il docu-film di<strong> Xavier Lefebvre<\/strong>, produzione Gedeon Programmes, centrato sul business dei fossili di dinosauro e sulle aste milionarie frequentate dai collezionisti di tutto il mondo.<\/p>\n<p> \t<strong>Valentino Nizzo<\/strong>, direttore del Museo Nazionale Etrusco di Villa Giulia, \u00e8 stato il protagonista della conversazione-intervista di <strong>Piero Pruneti<\/strong>, direttore di Archeologia Viva e ha voluto sottolineare che \u00ab<em>l&#8217;archeologia si dimostra sempre di pi\u00f9 una disciplina aperta alla societ\u00e0 e cos\u00ec \u00e8 necessario intenderla, comunicandola e facendo conoscere i suoi risultati a un pubblico pi\u00f9 ampio possibile che da questa consapevolezza potr\u00e0 guadagnare orgoglio e passione rispetto a un passato che \u00e8 di tutti<\/em>\u00bb.<\/p>\n<p> \tIl pubblico ha seguito fino oltre la mezzanotte il secondo film in concorso \u201c<em>L\u2019anello di Grace<\/em>\u201d di <strong>Dario Prosperini<\/strong> con la ricostruzione della vicenda del celebre \u201cGolden Chariot\u201d, la biga etrusca trafugata a Monteleone di Spoleto 120 anni fa e attualmente esposta al Metropolitan Museum of Art di New York.<\/p>\n<p> \t<strong>Stasera, a causa dell\u2019allerta meteo, la serata sulla piazza \u00e8 annullata e il programma previsto verr\u00e0 interamente trasmesso in streaming a partire dalle 21 sul sito <u><a href=\"http:\/\/www.fondazioneaquileia.it\" target=\"_blank\" rel=\"noopener\"><span style=\"color:#0000cd;\">www.fondazioneaquileia.it<\/span><\/a><\/u> <\/strong>Il pubblico potr\u00e0 votare on line sempre dal sito il film preferito.<\/p>\n<p> \t<strong>Venerd\u00ec 4 agosto alle 21<\/strong> va in scena l\u2019ultimo dei film in concorso, <em>I misteri della grotta Cosquer<\/em> regia di<strong> Marie Thiry<\/strong> che ci porta a piu\u0300 di trentacinque metri sotto il mare, nel Parco Nazionale delle Calanques, dove si nasconde l\u2019ingresso di uno dei piu\u0300 grandi capolavori dell\u2019arte rupestre: la grotta Cosquer. Poco nota, in quanto accessibile solo ai subacquei, questa incredibile grotta custodisce dipinti di 27.000 anni. Oggi e\u0300 pero\u0300 minacciata dall\u2019innalzamento delle acque. Il film\u00a0ripercorre l\u2019incredibile storia di una delle grotte dipinte piu\u0300 importanti d\u2019Europa.<\/p>\n<p> \tIn chiusura <strong>conversazione con Licia Col\u00f2<\/strong>, conduttrice di \u201c<em>Eden &#8211; un pianeta da salvare<\/em>\u201d e autrice televisiva, ha collaborato con diverse testate giornalistiche. Ama molto la natura e da sempre \u00e8 impegnata nella difesa dei diritti degli animali e nella salvaguardia dell&#8217;ambiente.<br \/> \t\u00a0<\/p>\n<p> \t\u00a0<\/p>\n","protected":false},"excerpt":{"rendered":"<p>Annullate le proieizioni in piazza previste per oggi, ma l\u2019intero programma si potr\u00e0 seguire online a partire dalle 21<\/p>\n","protected":false},"author":28,"featured_media":49718,"comment_status":"closed","ping_status":"closed","sticky":false,"template":"","format":"standard","meta":{"dwc-title":[],"dwc-content":[],"footnotes":""},"categories":[37],"tags":[],"class_list":["post-49717","post","type-post","status-publish","format-standard","has-post-thumbnail","hentry","category-cultura-e-spettacolo"],"rttpg_featured_image_url":{"full":["https:\/\/imagazine.it\/wp-content\/uploads\/2024\/02\/53991-1.webp",1000,750,false],"landscape":["https:\/\/imagazine.it\/wp-content\/uploads\/2024\/02\/53991-1.webp",1000,750,false],"portraits":["https:\/\/imagazine.it\/wp-content\/uploads\/2024\/02\/53991-1.webp",1000,750,false],"thumbnail":["https:\/\/imagazine.it\/wp-content\/uploads\/2024\/02\/53991-1-150x150.webp",150,150,true],"medium":["https:\/\/imagazine.it\/wp-content\/uploads\/2024\/02\/53991-1-300x225.webp",300,225,true],"large":["https:\/\/imagazine.it\/wp-content\/uploads\/2024\/02\/53991-1.webp",640,480,false],"thumblist":["https:\/\/imagazine.it\/wp-content\/uploads\/2024\/02\/53991-1-300x300.webp",300,300,true],"thumbrelated":["https:\/\/imagazine.it\/wp-content\/uploads\/2024\/02\/53991-1-500x500.webp",500,500,true],"meccarouselthumb":["https:\/\/imagazine.it\/wp-content\/uploads\/2024\/02\/53991-1-474x324.webp",474,324,true],"gridsquare":["https:\/\/imagazine.it\/wp-content\/uploads\/2024\/02\/53991-1-391x260.webp",391,260,true],"tileview":["https:\/\/imagazine.it\/wp-content\/uploads\/2024\/02\/53991-1-300x400.webp",300,400,true],"1536x1536":["https:\/\/imagazine.it\/wp-content\/uploads\/2024\/02\/53991-1.webp",1000,750,false],"2048x2048":["https:\/\/imagazine.it\/wp-content\/uploads\/2024\/02\/53991-1.webp",1000,750,false],"newsup-slider-full":["https:\/\/imagazine.it\/wp-content\/uploads\/2024\/02\/53991-1-1000x720.webp",1000,720,true],"newsup-featured":["https:\/\/imagazine.it\/wp-content\/uploads\/2024\/02\/53991-1.webp",1000,750,false],"newsup-medium":["https:\/\/imagazine.it\/wp-content\/uploads\/2024\/02\/53991-1-720x380.webp",720,380,true],"tptn_thumbnail":["https:\/\/imagazine.it\/wp-content\/uploads\/2024\/02\/53991-1.webp",250,188,false],"sow-carousel-default":["https:\/\/imagazine.it\/wp-content\/uploads\/2024\/02\/53991-1.webp",243,182,false]},"rttpg_author":{"display_name":"redazione","author_link":"https:\/\/imagazine.it\/home_desk\/author\/redazione\/"},"rttpg_comment":0,"rttpg_category":"<a href=\"https:\/\/imagazine.it\/home_desk\/category\/cultura-e-spettacolo\/\" rel=\"category tag\">CULTURA&amp;SPETTACOLO<\/a>","rttpg_excerpt":"Annullate le proieizioni in piazza previste per oggi, ma l\u2019intero programma si potr\u00e0 seguire online a partire dalle 21","_links":{"self":[{"href":"https:\/\/imagazine.it\/home_desk\/wp-json\/wp\/v2\/posts\/49717","targetHints":{"allow":["GET"]}}],"collection":[{"href":"https:\/\/imagazine.it\/home_desk\/wp-json\/wp\/v2\/posts"}],"about":[{"href":"https:\/\/imagazine.it\/home_desk\/wp-json\/wp\/v2\/types\/post"}],"author":[{"embeddable":true,"href":"https:\/\/imagazine.it\/home_desk\/wp-json\/wp\/v2\/users\/28"}],"replies":[{"embeddable":true,"href":"https:\/\/imagazine.it\/home_desk\/wp-json\/wp\/v2\/comments?post=49717"}],"version-history":[{"count":0,"href":"https:\/\/imagazine.it\/home_desk\/wp-json\/wp\/v2\/posts\/49717\/revisions"}],"wp:featuredmedia":[{"embeddable":true,"href":"https:\/\/imagazine.it\/home_desk\/wp-json\/wp\/v2\/media\/49718"}],"wp:attachment":[{"href":"https:\/\/imagazine.it\/home_desk\/wp-json\/wp\/v2\/media?parent=49717"}],"wp:term":[{"taxonomy":"category","embeddable":true,"href":"https:\/\/imagazine.it\/home_desk\/wp-json\/wp\/v2\/categories?post=49717"},{"taxonomy":"post_tag","embeddable":true,"href":"https:\/\/imagazine.it\/home_desk\/wp-json\/wp\/v2\/tags?post=49717"}],"curies":[{"name":"wp","href":"https:\/\/api.w.org\/{rel}","templated":true}]}}