{"id":49715,"date":"2023-08-02T00:00:00","date_gmt":"2023-08-01T22:00:00","guid":{"rendered":"https:\/\/imagazine.it\/jordi-savall-protagonista-a-trieste\/"},"modified":"2023-08-02T00:00:00","modified_gmt":"2023-08-01T22:00:00","slug":"jordi-savall-protagonista-a-trieste","status":"publish","type":"post","link":"https:\/\/imagazine.it\/home_desk\/jordi-savall-protagonista-a-trieste\/","title":{"rendered":"Jordi Savall protagonista a Trieste"},"content":{"rendered":"<p> \tLa prima edizione del &#8220;<em>Festival di Trieste &#8211; Il Faro della Musica<\/em>\u201d, ideato e organizzato dalla <strong>Societ<\/strong><strong>\u00e0 <\/strong><strong>dei Concerti di Trieste<\/strong>, in co-organizzazione con il <strong>Comune di Trieste<\/strong> e con la collaborazione della <strong>Fondazione Teatro Lirico G. Verdi di Trieste<\/strong> <strong>dal 5 al 12 settembre<\/strong> porter\u00e0 a Trieste artisti di fama mondiale.\u00a0Concerti cameristici e sinfonici, eventi speciali, laboratori per le famiglie e per i pi\u00f9 piccoli.<\/p>\n<p> \tIl programma artistico della prima edizione del Festival si presenta con una proposta musicale che proietta la citta\u0300 di Trieste nel panorama dei grandi festival europei. Tra le varie sedi, il <strong>Teatro Verdi di Trieste<\/strong> ospiter\u00e0 due tra i migliori musicisti del mondo, universalmente noti ed entrambi a Trieste\u00a0per la prima volta:\u00a0<strong>Jordi Savall, <\/strong>insieme al suo ensemble<strong> Hesp<\/strong><strong>\u00e8<\/strong><strong>rion\u00a0XXI <\/strong>il <strong>5 settembre <\/strong>alle <strong>20.30<\/strong> e\u00a0il violinista\u00a0<strong>Maxim Vengerov, <\/strong>per l\u2019occasione accompagnato al pianoforte da <strong>Polina Osetinskaya<\/strong>, il<strong> 6 settembre <\/strong>alle <strong>20.30<\/strong>.\u00a0<\/p>\n<p> \tSabato <strong>9 settembre<\/strong> il Festival vedr\u00e0 la partecipazione del violoncellista <strong>Antonio Meneses <\/strong>che\u00a0si esibir\u00e0 nel concerto di Schumann in veste di solista con l\u2019<strong>Orchestra del Teatro Verdi<\/strong> insieme al direttore d\u2019orchestra tedesco <strong>Hartmut Haenchen <\/strong>che, nella seconda parte, diriger\u00e0 la straordinaria sinfonia Pastorale di Beethoven.<\/p>\n<p> \tSempre al Teatro Verdi gran finale del Festival, il\u00a0<strong>12 settembre alle 20.30<\/strong>,\u00a0con la pianista <strong>Angela Hewitt <\/strong>che, nel duplice ruolo di direttore e solista, suoner\u00e0 un programma \u201ctutto Mozart\u201d con i due concerti per pianoforte e orchestra piu\u0300 noti del compositore di Salisburgo in la maggiore e re minore.<\/p>\n<p> \tUna sezione speciale del festival chiamata \u201cPercorsi\u201d quest\u2019anno sar\u00e0 dedicata proprio a Mozart legandosi artisticamente con il concerto finale della pianista Angela Hewitt con due appuntamenti al Museo Civico Sartorio l&#8217;<strong>8 <\/strong>e il <strong>10 settembre<\/strong> con il <strong>Quartetto Eos<\/strong>.<\/p>\n<p> \tUn\u2019ora prima delle esibizioni si terr\u00e0 un incontro-aperitivo insieme agli artisti e al direttore artistico della Societ\u00e0 dei Concerti <strong>M\u00b0 Marco Seco<\/strong> che introdurranno l&#8217;ascolto al concerto.<\/p>\n<p> \tTra le attivit\u00e0 del Festival anche cinque appuntamenti, il <strong>7 settembre<\/strong>, che faranno parte di uno speciale \u201ccontenitore\u201d, il <strong>Festival in citta<\/strong>\u0300, dove Trieste prolungher\u00e0 la kermesse con esecuzioni nelle <strong>case private <\/strong>dei suoi abitanti nella tradizione della Hausmusik e in alcuni dei luoghi piu\u0300 significativi della vita triestina come il <strong>Conservatorio G. Tartini,\u00a0<\/strong>il <strong>Caff\u00e8 San Marco <\/strong>e la <strong>Sede della Rai regionale <\/strong>in via Fabio Severo<strong>. <\/strong><\/p>\n<p> \tQuesti concerti, in cui si esibiranno il\u00a0<strong>Quartetto Reverie<\/strong>, la violinista <strong>Sofia De Martis<\/strong> insieme al pianista <strong>Matteo Di Bella<\/strong>, la violinista <strong>Eva Miola<\/strong>, la pianista <strong>Teodora Kapinkowska<\/strong>\u00a0sono realizzati in collaborazione con il Conservatorio G. Tartini, e saranno a ingresso gratuito fino esaurimento dei posti disponibili (\u00e8 necessario realizzare la prenotazione tramite iscrizione sul portale web del festival).\u00a0Invece al concerto all\u2019Antico Caff\u00e8 San Marco si esibir\u00e0 il gruppo Norah Moss &#038; The Cats dove sar\u00e0 anche possibile cenare.<\/p>\n<p> \tInfine, un\u2019ulteriore sezione, che si terr\u00e0 alla <strong>Casa della Musica,\u00a0<\/strong>\u00e8 stata pensata per coinvolgere famiglie e bambini attraverso un laboratorio musicale per i piu\u0300 piccoli,\u00a0il giorno <strong>7 settembre<\/strong> alle<strong> 17<\/strong>,\u00a0insieme a\u00a0<strong>Vincenzo Stera\u00a0<\/strong>con\u00a0<strong>\u201c<em>Zoo Party: la musica e la danza degli animali<\/em>&#8220;<\/strong> e l&#8217;<strong>11 settembre<\/strong>,\u00a0alle <strong>18<\/strong>, con lo spettacolo <strong>&#8220;<em>Una stella Marina<\/em>&#8220;<\/strong> per le famiglie che oltre la musica dal vivo coinvolge arte e recitazione nelle speciali scenografie pop up di <strong>Annalisa Metus<\/strong>.\u00a0<\/p>\n<p> \tInfo: <u><a href=\"http:\/\/www.societadeiconcerti.it\/fest23\" target=\"_blank\" rel=\"noopener\"><span style=\"color:#0000cd;\">www.societadeiconcerti.it\/fest23<\/span><\/a><\/u><\/p>\n<p> \t\u00a0<\/p>\n","protected":false},"excerpt":{"rendered":"<p>Una settimana di concerti che vuole porre il capoluogo regionale nella mappa dei grandi festival europei. In arrivo artisti di grande calibro, tra cui anche Maxim Vengerov<\/p>\n","protected":false},"author":28,"featured_media":49716,"comment_status":"closed","ping_status":"closed","sticky":false,"template":"","format":"standard","meta":{"dwc-title":[],"dwc-content":[],"footnotes":""},"categories":[37],"tags":[],"class_list":["post-49715","post","type-post","status-publish","format-standard","has-post-thumbnail","hentry","category-cultura-e-spettacolo"],"rttpg_featured_image_url":{"full":["https:\/\/imagazine.it\/wp-content\/uploads\/2024\/02\/53990-1-scaled.webp",2560,1693,false],"landscape":["https:\/\/imagazine.it\/wp-content\/uploads\/2024\/02\/53990-1-scaled.webp",2560,1693,false],"portraits":["https:\/\/imagazine.it\/wp-content\/uploads\/2024\/02\/53990-1-scaled.webp",2560,1693,false],"thumbnail":["https:\/\/imagazine.it\/wp-content\/uploads\/2024\/02\/53990-1-150x150.webp",150,150,true],"medium":["https:\/\/imagazine.it\/wp-content\/uploads\/2024\/02\/53990-1-300x198.webp",300,198,true],"large":["https:\/\/imagazine.it\/wp-content\/uploads\/2024\/02\/53990-1-1024x677.webp",640,423,true],"thumblist":["https:\/\/imagazine.it\/wp-content\/uploads\/2024\/02\/53990-1-300x300.webp",300,300,true],"thumbrelated":["https:\/\/imagazine.it\/wp-content\/uploads\/2024\/02\/53990-1-500x500.webp",500,500,true],"meccarouselthumb":["https:\/\/imagazine.it\/wp-content\/uploads\/2024\/02\/53990-1-474x324.webp",474,324,true],"gridsquare":["https:\/\/imagazine.it\/wp-content\/uploads\/2024\/02\/53990-1-391x260.webp",391,260,true],"tileview":["https:\/\/imagazine.it\/wp-content\/uploads\/2024\/02\/53990-1-300x400.webp",300,400,true],"1536x1536":["https:\/\/imagazine.it\/wp-content\/uploads\/2024\/02\/53990-1-1536x1016.webp",1536,1016,true],"2048x2048":["https:\/\/imagazine.it\/wp-content\/uploads\/2024\/02\/53990-1-2048x1355.webp",2048,1355,true],"newsup-slider-full":["https:\/\/imagazine.it\/wp-content\/uploads\/2024\/02\/53990-1-1280x720.webp",1280,720,true],"newsup-featured":["https:\/\/imagazine.it\/wp-content\/uploads\/2024\/02\/53990-1-1024x677.webp",1024,677,true],"newsup-medium":["https:\/\/imagazine.it\/wp-content\/uploads\/2024\/02\/53990-1-720x380.webp",720,380,true],"tptn_thumbnail":["https:\/\/imagazine.it\/wp-content\/uploads\/2024\/02\/53990-1-scaled.webp",250,165,false],"sow-carousel-default":["https:\/\/imagazine.it\/wp-content\/uploads\/2024\/02\/53990-1-scaled.webp",272,180,false]},"rttpg_author":{"display_name":"redazione","author_link":"https:\/\/imagazine.it\/home_desk\/author\/redazione\/"},"rttpg_comment":0,"rttpg_category":"<a href=\"https:\/\/imagazine.it\/home_desk\/category\/cultura-e-spettacolo\/\" rel=\"category tag\">CULTURA&amp;SPETTACOLO<\/a>","rttpg_excerpt":"Una settimana di concerti che vuole porre il capoluogo regionale nella mappa dei grandi festival europei. In arrivo artisti di grande calibro, tra cui anche Maxim Vengerov","_links":{"self":[{"href":"https:\/\/imagazine.it\/home_desk\/wp-json\/wp\/v2\/posts\/49715","targetHints":{"allow":["GET"]}}],"collection":[{"href":"https:\/\/imagazine.it\/home_desk\/wp-json\/wp\/v2\/posts"}],"about":[{"href":"https:\/\/imagazine.it\/home_desk\/wp-json\/wp\/v2\/types\/post"}],"author":[{"embeddable":true,"href":"https:\/\/imagazine.it\/home_desk\/wp-json\/wp\/v2\/users\/28"}],"replies":[{"embeddable":true,"href":"https:\/\/imagazine.it\/home_desk\/wp-json\/wp\/v2\/comments?post=49715"}],"version-history":[{"count":0,"href":"https:\/\/imagazine.it\/home_desk\/wp-json\/wp\/v2\/posts\/49715\/revisions"}],"wp:featuredmedia":[{"embeddable":true,"href":"https:\/\/imagazine.it\/home_desk\/wp-json\/wp\/v2\/media\/49716"}],"wp:attachment":[{"href":"https:\/\/imagazine.it\/home_desk\/wp-json\/wp\/v2\/media?parent=49715"}],"wp:term":[{"taxonomy":"category","embeddable":true,"href":"https:\/\/imagazine.it\/home_desk\/wp-json\/wp\/v2\/categories?post=49715"},{"taxonomy":"post_tag","embeddable":true,"href":"https:\/\/imagazine.it\/home_desk\/wp-json\/wp\/v2\/tags?post=49715"}],"curies":[{"name":"wp","href":"https:\/\/api.w.org\/{rel}","templated":true}]}}