{"id":49713,"date":"2023-08-02T00:00:00","date_gmt":"2023-08-01T22:00:00","guid":{"rendered":"https:\/\/imagazine.it\/go2025-asse-gorizia-trieste\/"},"modified":"2023-08-02T00:00:00","modified_gmt":"2023-08-01T22:00:00","slug":"go2025-asse-gorizia-trieste","status":"publish","type":"post","link":"https:\/\/imagazine.it\/home_desk\/go2025-asse-gorizia-trieste\/","title":{"rendered":"GO!2025, asse Gorizia-Trieste"},"content":{"rendered":"<p> \tGORIZIA \u2013 Proseguono gli incontri istituzionali volti a creare una rete tra Gorizia e le citt\u00e0 della regione nel cammino verso <strong>Go!2025<\/strong>.<\/p>\n<p> \tL\u2019<strong>alleanza<\/strong> <strong>con Trieste<\/strong> \u00e8 stata suggellata dal confronto tra il sindaco, <strong>Rodolfo Ziberna<\/strong>, e l\u2019assessore comunale alla Cultura e Turismo del capoluogo regionale, <strong>Giorgio Rossi<\/strong>, ospite in municipio.<\/p>\n<p> \tLe due citt\u00e0 condivideranno un programma di appuntamenti culturali anche in un\u2019ottica di sviluppo turistico, valorizzando le rispettive peculiarit\u00e0, inoltre tra le idee su cui si lavorer\u00e0 vi \u00e8 l\u2019organizzazione a Gorizia delle <strong><em>preview<\/em><\/strong>, ovvero delle anticipazioni dei grandi eventi culturali ospitati da Trieste, e viceversa.<\/p>\n<p> \t\u201cDopo gli incontri con i sindaci di altre citt\u00e0 della regione e i contatti gi\u00e0 avuti con il sindaco di Trieste, Roberto Dipiazza, non poteva mancare l\u2019incontro con l\u2019assessore Rossi, che ha confermato la propria disponibilit\u00e0 a tutto campo a collaborare\u201d, spiega il sindaco Ziberna.<\/p>\n<p> \t\u201cRiconoscendo che Trieste \u2013 aggiunge il sindaco \u2013 \u00e8 il luogo pi\u00f9 attrattivo del nostro territorio dal punto di vista turistico e che pu\u00f2 vantare una produzione culturale di altissimo spessore, abbiamo pensato che i grandi eventi l\u00ec ospitati potrebbero avere un collegamento con la nostra citt\u00e0 tramite <em>preview<\/em> o altre formule che andranno studiate. Chiaramente faremmo lo stesso con gli appuntamenti culturali di rilievo in programma a Gorizia, facendoli precedere da una <em>preview<\/em> a Trieste. Dagli spettacoli teatrali di prosa all\u2019operetta, dalle mostre d\u2019arte ai concerti, si tratta di un progetto che pu\u00f2 essere declinato e applicato con successo in vari campi. Ecco perch\u00e9 daremo seguito a questa intesa attraverso altri incontri\u201d.<\/p>\n<p> \tA settembre sar\u00e0 cos\u00ec organizzato un ulteriore approfondimento, non solo con Trieste, ma anche con le altre citt\u00e0 della regione. \u00c8 in via di definizione proprio in questi giorni in particolare una riunione con gli altri Comuni capoluogo, da calendarizzare il prossimo mese.<\/p>\n<p> \tAll\u2019incontro con l\u2019assessore Rossi sono intervenuti anche gli assessori comunali di Gorizia <strong>Fabrizio Oreti<\/strong> e <strong>Luca Cagliari<\/strong>, rispettivamente a Cultura e Turismo, e la portavoce del sindaco Ziberna, <strong>Patrizia Artico<\/strong>.<\/p>\n<p> \t\u00a0<\/p>\n","protected":false},"excerpt":{"rendered":"<p>Le due citt\u00e0 condivideranno un programma di appuntamenti culturali anche in un\u2019ottica di sviluppo turistico, valorizzando le rispettive peculiarit\u00e0<\/p>\n","protected":false},"author":28,"featured_media":49714,"comment_status":"closed","ping_status":"closed","sticky":false,"template":"","format":"standard","meta":{"dwc-title":[],"dwc-content":[],"footnotes":""},"categories":[5],"tags":[],"class_list":["post-49713","post","type-post","status-publish","format-standard","has-post-thumbnail","hentry","category-attualita"],"rttpg_featured_image_url":{"full":["https:\/\/imagazine.it\/wp-content\/uploads\/2024\/02\/53988-1.webp",800,564,false],"landscape":["https:\/\/imagazine.it\/wp-content\/uploads\/2024\/02\/53988-1.webp",800,564,false],"portraits":["https:\/\/imagazine.it\/wp-content\/uploads\/2024\/02\/53988-1.webp",800,564,false],"thumbnail":["https:\/\/imagazine.it\/wp-content\/uploads\/2024\/02\/53988-1-150x150.webp",150,150,true],"medium":["https:\/\/imagazine.it\/wp-content\/uploads\/2024\/02\/53988-1-300x212.webp",300,212,true],"large":["https:\/\/imagazine.it\/wp-content\/uploads\/2024\/02\/53988-1.webp",640,451,false],"thumblist":["https:\/\/imagazine.it\/wp-content\/uploads\/2024\/02\/53988-1-300x300.webp",300,300,true],"thumbrelated":["https:\/\/imagazine.it\/wp-content\/uploads\/2024\/02\/53988-1-500x500.webp",500,500,true],"meccarouselthumb":["https:\/\/imagazine.it\/wp-content\/uploads\/2024\/02\/53988-1-474x324.webp",474,324,true],"gridsquare":["https:\/\/imagazine.it\/wp-content\/uploads\/2024\/02\/53988-1-391x260.webp",391,260,true],"tileview":["https:\/\/imagazine.it\/wp-content\/uploads\/2024\/02\/53988-1-300x400.webp",300,400,true],"1536x1536":["https:\/\/imagazine.it\/wp-content\/uploads\/2024\/02\/53988-1.webp",800,564,false],"2048x2048":["https:\/\/imagazine.it\/wp-content\/uploads\/2024\/02\/53988-1.webp",800,564,false],"newsup-slider-full":["https:\/\/imagazine.it\/wp-content\/uploads\/2024\/02\/53988-1.webp",800,564,false],"newsup-featured":["https:\/\/imagazine.it\/wp-content\/uploads\/2024\/02\/53988-1.webp",800,564,false],"newsup-medium":["https:\/\/imagazine.it\/wp-content\/uploads\/2024\/02\/53988-1-720x380.webp",720,380,true],"tptn_thumbnail":["https:\/\/imagazine.it\/wp-content\/uploads\/2024\/02\/53988-1.webp",250,176,false],"sow-carousel-default":["https:\/\/imagazine.it\/wp-content\/uploads\/2024\/02\/53988-1.webp",258,182,false]},"rttpg_author":{"display_name":"redazione","author_link":"https:\/\/imagazine.it\/home_desk\/author\/redazione\/"},"rttpg_comment":0,"rttpg_category":"<a href=\"https:\/\/imagazine.it\/home_desk\/category\/attualita\/\" rel=\"category tag\">ATTUALIT\u00c0<\/a>","rttpg_excerpt":"Le due citt\u00e0 condivideranno un programma di appuntamenti culturali anche in un\u2019ottica di sviluppo turistico, valorizzando le rispettive peculiarit\u00e0","_links":{"self":[{"href":"https:\/\/imagazine.it\/home_desk\/wp-json\/wp\/v2\/posts\/49713","targetHints":{"allow":["GET"]}}],"collection":[{"href":"https:\/\/imagazine.it\/home_desk\/wp-json\/wp\/v2\/posts"}],"about":[{"href":"https:\/\/imagazine.it\/home_desk\/wp-json\/wp\/v2\/types\/post"}],"author":[{"embeddable":true,"href":"https:\/\/imagazine.it\/home_desk\/wp-json\/wp\/v2\/users\/28"}],"replies":[{"embeddable":true,"href":"https:\/\/imagazine.it\/home_desk\/wp-json\/wp\/v2\/comments?post=49713"}],"version-history":[{"count":0,"href":"https:\/\/imagazine.it\/home_desk\/wp-json\/wp\/v2\/posts\/49713\/revisions"}],"wp:featuredmedia":[{"embeddable":true,"href":"https:\/\/imagazine.it\/home_desk\/wp-json\/wp\/v2\/media\/49714"}],"wp:attachment":[{"href":"https:\/\/imagazine.it\/home_desk\/wp-json\/wp\/v2\/media?parent=49713"}],"wp:term":[{"taxonomy":"category","embeddable":true,"href":"https:\/\/imagazine.it\/home_desk\/wp-json\/wp\/v2\/categories?post=49713"},{"taxonomy":"post_tag","embeddable":true,"href":"https:\/\/imagazine.it\/home_desk\/wp-json\/wp\/v2\/tags?post=49713"}],"curies":[{"name":"wp","href":"https:\/\/api.w.org\/{rel}","templated":true}]}}