{"id":49655,"date":"2023-07-25T00:00:00","date_gmt":"2023-07-24T22:00:00","guid":{"rendered":"https:\/\/imagazine.it\/il-rock-dei-rozedale-accende-il-blue-notte-gorizia-festival\/"},"modified":"2023-07-25T00:00:00","modified_gmt":"2023-07-24T22:00:00","slug":"il-rock-dei-rozedale-accende-il-blue-notte-gorizia-festival","status":"publish","type":"post","link":"https:\/\/imagazine.it\/home_desk\/il-rock-dei-rozedale-accende-il-blue-notte-gorizia-festival\/","title":{"rendered":"Il rock dei Rozedale accende il Blue Notte Gorizia Festival"},"content":{"rendered":"<p> \t\u0160EMPETER PRI GORICI (SLO) \u2013 Con il concerto dei <strong>Rozedale<\/strong> entra nel vivo <strong>Blue Notte Gorizia Festival<\/strong>, rassegna culturale musicale transfrontaliera organizzata dall\u2019Associazione culturale <strong>BlueBird<\/strong> di Gorizia e da <strong>Contea Societ\u00e0 Cooperativa Sociale<\/strong>.<\/p>\n<p> \tLa band francese salir\u00e0 sul palco allestito in Piazza Ivana Roba a \u0160empeter pri Gorici venerd\u00ec <strong>28 luglio alle 21.<\/strong>\u00a0 Con <em>Long Way To Go<\/em> (2017) e <em>Wide Awake<\/em> (&#8220;Blues album of the year&#8221; 2018 in Francia), i Rozedale hanno lasciato il segno sulla scena rock blues europea. Dopo i due album di debutto e performance di rilievo come l\u2019apertura per Ben Harper al Vienna Antique Theatre, la band ha trascorso parte del 2020 in residenza presso i prestigiosi ICP Studios di Bruxelles.<\/p>\n<p> \tL\u00ec \u00e8 stato registrato <em>ROZEDALE<\/em> (2021), mixato da <strong>Chris Sheldon<\/strong> (Radiohead, Foo Fighters). Oltra alla voce di <strong>Amandyn Rose<\/strong> e <strong>Charlie Fabert<\/strong> alla chitarra, la band \u00e8 formata da <strong>Guillaume Pihet<\/strong>\u00a0alla batteria e <strong>Nicolas Fageot<\/strong>\u00a0al basso.<\/p>\n<p> \tI Rozedale saranno preceduti, alle 20, dal <strong>Matija Podbersi\u010d Kvintet<\/strong> (<strong>David Vinazza<\/strong>\u00a0\u2013 chitarra, <strong>Matija Podbersi\u010d\u00a0<\/strong>\u2013 tromba, <strong>Bla\u017e Pahor<\/strong>\u00a0\u2013 pianoforte, <strong>Jernej Budin<\/strong>\u00a0\u2013 contrabasso, <strong>Filip Mozeti\u010d<\/strong>\u00a0\u2013 batteria).<\/p>\n<p> \tI concerti sono a ingresso gratuito; in caso di maltempo si svolgeranno al Kulturni center Lojze Bratu\u017e di Gorizia.<\/p>\n<p> \tSabato <strong>29 luglio<\/strong> alle 21, in <strong>piazza della Vittoria a Gorizia<\/strong>, si esibir\u00e0 invece <strong>Kyla Brox, <\/strong>una delle voci pi\u00f9 significative del blues europeo. Vincitrice dell&#8217;European Blues Challenge 2019 e dell&#8217;UK Blues Challenge 2018, la cantante di Manchester \u00e8 stata incoronata Best Female Vocalist agli European Blues Awards 2019 e ha rappresentato la Gran Bretagna all&#8217;International Blues Challenge di Memphis, nel gennaio 2020.<\/p>\n<p> \tInfo: <u><a href=\"http:\/\/www.bluenottegorizia.com\" target=\"_blank\" rel=\"noopener\"><span style=\"color:#0000cd;\">www.bluenottegorizia.com<\/span><\/a><\/u><\/p>\n<p> \t\u00a0<\/p>\n","protected":false},"excerpt":{"rendered":"<p>La band francese protagonista della prima serata dell&#8217;evento. Sabato Kyla Brox in concerto in piazza Vittoria<\/p>\n","protected":false},"author":28,"featured_media":49656,"comment_status":"closed","ping_status":"closed","sticky":false,"template":"","format":"standard","meta":{"dwc-title":[],"dwc-content":[],"footnotes":""},"categories":[37],"tags":[],"class_list":["post-49655","post","type-post","status-publish","format-standard","has-post-thumbnail","hentry","category-cultura-e-spettacolo"],"rttpg_featured_image_url":{"full":["https:\/\/imagazine.it\/wp-content\/uploads\/2024\/02\/53903-1.webp",1000,778,false],"landscape":["https:\/\/imagazine.it\/wp-content\/uploads\/2024\/02\/53903-1.webp",1000,778,false],"portraits":["https:\/\/imagazine.it\/wp-content\/uploads\/2024\/02\/53903-1.webp",1000,778,false],"thumbnail":["https:\/\/imagazine.it\/wp-content\/uploads\/2024\/02\/53903-1-150x150.webp",150,150,true],"medium":["https:\/\/imagazine.it\/wp-content\/uploads\/2024\/02\/53903-1-300x233.webp",300,233,true],"large":["https:\/\/imagazine.it\/wp-content\/uploads\/2024\/02\/53903-1.webp",640,498,false],"thumblist":["https:\/\/imagazine.it\/wp-content\/uploads\/2024\/02\/53903-1-300x300.webp",300,300,true],"thumbrelated":["https:\/\/imagazine.it\/wp-content\/uploads\/2024\/02\/53903-1-500x500.webp",500,500,true],"meccarouselthumb":["https:\/\/imagazine.it\/wp-content\/uploads\/2024\/02\/53903-1-474x324.webp",474,324,true],"gridsquare":["https:\/\/imagazine.it\/wp-content\/uploads\/2024\/02\/53903-1-391x260.webp",391,260,true],"tileview":["https:\/\/imagazine.it\/wp-content\/uploads\/2024\/02\/53903-1-300x400.webp",300,400,true],"1536x1536":["https:\/\/imagazine.it\/wp-content\/uploads\/2024\/02\/53903-1.webp",1000,778,false],"2048x2048":["https:\/\/imagazine.it\/wp-content\/uploads\/2024\/02\/53903-1.webp",1000,778,false],"newsup-slider-full":["https:\/\/imagazine.it\/wp-content\/uploads\/2024\/02\/53903-1-1000x720.webp",1000,720,true],"newsup-featured":["https:\/\/imagazine.it\/wp-content\/uploads\/2024\/02\/53903-1.webp",1000,778,false],"newsup-medium":["https:\/\/imagazine.it\/wp-content\/uploads\/2024\/02\/53903-1-720x380.webp",720,380,true],"tptn_thumbnail":["https:\/\/imagazine.it\/wp-content\/uploads\/2024\/02\/53903-1.webp",250,195,false],"sow-carousel-default":["https:\/\/imagazine.it\/wp-content\/uploads\/2024\/02\/53903-1.webp",234,182,false]},"rttpg_author":{"display_name":"redazione","author_link":"https:\/\/imagazine.it\/home_desk\/author\/redazione\/"},"rttpg_comment":0,"rttpg_category":"<a href=\"https:\/\/imagazine.it\/home_desk\/category\/cultura-e-spettacolo\/\" rel=\"category tag\">CULTURA&amp;SPETTACOLO<\/a>","rttpg_excerpt":"La band francese protagonista della prima serata dell'evento. Sabato Kyla Brox in concerto in piazza Vittoria","_links":{"self":[{"href":"https:\/\/imagazine.it\/home_desk\/wp-json\/wp\/v2\/posts\/49655","targetHints":{"allow":["GET"]}}],"collection":[{"href":"https:\/\/imagazine.it\/home_desk\/wp-json\/wp\/v2\/posts"}],"about":[{"href":"https:\/\/imagazine.it\/home_desk\/wp-json\/wp\/v2\/types\/post"}],"author":[{"embeddable":true,"href":"https:\/\/imagazine.it\/home_desk\/wp-json\/wp\/v2\/users\/28"}],"replies":[{"embeddable":true,"href":"https:\/\/imagazine.it\/home_desk\/wp-json\/wp\/v2\/comments?post=49655"}],"version-history":[{"count":0,"href":"https:\/\/imagazine.it\/home_desk\/wp-json\/wp\/v2\/posts\/49655\/revisions"}],"wp:featuredmedia":[{"embeddable":true,"href":"https:\/\/imagazine.it\/home_desk\/wp-json\/wp\/v2\/media\/49656"}],"wp:attachment":[{"href":"https:\/\/imagazine.it\/home_desk\/wp-json\/wp\/v2\/media?parent=49655"}],"wp:term":[{"taxonomy":"category","embeddable":true,"href":"https:\/\/imagazine.it\/home_desk\/wp-json\/wp\/v2\/categories?post=49655"},{"taxonomy":"post_tag","embeddable":true,"href":"https:\/\/imagazine.it\/home_desk\/wp-json\/wp\/v2\/tags?post=49655"}],"curies":[{"name":"wp","href":"https:\/\/api.w.org\/{rel}","templated":true}]}}