{"id":49651,"date":"2023-07-24T00:00:00","date_gmt":"2023-07-23T22:00:00","guid":{"rendered":"https:\/\/imagazine.it\/turismo-rurale-da-grado-nuove-prospettive\/"},"modified":"2023-07-24T00:00:00","modified_gmt":"2023-07-23T22:00:00","slug":"turismo-rurale-da-grado-nuove-prospettive","status":"publish","type":"post","link":"https:\/\/imagazine.it\/home_desk\/turismo-rurale-da-grado-nuove-prospettive\/","title":{"rendered":"Turismo rurale, da Grado nuove prospettive"},"content":{"rendered":"<p> \tGRADO \u2013 La strategia di Cooperazione per lo sviluppo territoriale &#8220;Mar e Tiaris&#8221; ha ufficialmente presentato il suo logo, realizzato dalla Societ\u00e0 di Comunicazione PIRENE SRL, frutto di un risultato significativo e prezioso, ottenuto attraverso un percorso collaborativo e una scelta condivisa all&#8217;interno del partenariato. Il progetto, guidato dal Comune di Grado, mira a valorizzare le due principali peculiarit\u00e0 del territorio: la ruralit\u00e0 con la sua tradizione e professionalit\u00e0 agricola e l&#8217;offerta turistica, culturale, storica, naturalistica ed enogastronomica. Il Comune di Grado \u00e8 capofila e coinvolge i Comuni di Aquileia, Terzo di Aquileia, Cervignano del Friuli, Fiumicello Villa Vicentina, Ruda, Turriaco, San Canzian d\u2019Isonzo e Staranzano. <strong>Il logo vuole essere un simbolo di unit\u00e0 all&#8217;interno del partenariato e sar\u00e0 utilizzato con orgoglio per rappresentare la visione condivisa e i valori comuni in tutte le attivit\u00e0 future.<\/strong><\/p>\n<p> \tAlla conferenza stampa di presentazione, svoltasi presso il Centro Visite della RNR Valle Cavanata a Fossalon di Grado, hanno partecipato, tra gli altri, <strong>il Sindaco di Grado, Claudio Kovatsch<\/strong>, <strong>Francesca Trapani<\/strong>, Project manager Strategia Mar e Tiaris &#8211; tecnico del Comune di Grado, Giovanni Dean, supporto e gestione alla Strategia &#8211; Confcooperative FVG, il <strong>Presidente del consorzio Grado Turismo, Thomas Soyer<\/strong>, e l&#8217;<strong>Assessore Regionale alle Risorse agroalimentari, forestali e ittiche, Stefano Zannier<\/strong>.<\/p>\n<p> \tLa strategia di Cooperazione per lo sviluppo territoriale &#8220;Mar e Tiaris&#8221; guarda al futuro con ottimismo e, nell\u2019occasione, \u00e8 stato <strong>annunciato un evento itinerante previsto dal 14 al 17 settembre<\/strong>, l\u2019opportunit\u00e0 per avvicinare la cittadinanza e non solo a questo progetto.<\/p>\n<p> \t\u201cOggi \u2013 ha affermato il sindaco di Grado, <strong>Claudio Kovatsch<\/strong> \u2013 \u00e8 stato fatto un importante passo avanti nella strategia di sviluppo territoriale Mar e Tiaris. \u00c8 stato ufficialmente svelato il logo, un simbolo tangibile dei valori condivisi che guidano questa iniziativa collaborativa. Siamo fiduciosi che Mar e Tiaris sia la chiave per unire le nostre eccellenze, creare nuove opportunit\u00e0 turistiche e promuovere uno sviluppo sostenibile. Grazie a tutte le parti coinvolte per il sostegno e la partecipazione. Insieme, possiamo raggiungere traguardi straordinari e costruire un futuro di successo per noi e le generazioni a venire\u201d.<\/p>\n<p> \t\u201cSta entrando nella sua fase conclusiva la strategia &#8216;Mar e Tiaris&#8217;, il partenariato pubblico-privato che dal 2016 raggruppa ben 76 diversi soggetti impegnati a realizzare progetti di valorizzazione del territorio rurale per quasi 3 milioni di euro. Si tratta di una iniziativa che nasce dal Programma di sviluppo rurale, una misura particolarmente innovativa ma anche molto complessa per i suoi meccanismi di attuazione. Le attivit\u00e0 svolta dai privati e dagli enti pubblici scontano infatti tempistiche differenti, ma grazie a una solida visione comune stiamo finalmente affrontando l&#8217;ultimo tratto di strada. La messa a terra di questo articolato programma, con le conseguenti attivit\u00e0 di promozione, finir\u00e0 per portare vantaggi considerevoli a questa area del Friuli Venezia Giulia&#8221;, ha aggiunto l\u2019assessore regionale alle Risorse agroalimentari, forestali e ittiche, <strong>Stefano Zannier<\/strong>.<\/p>\n<p> \t\u201cIl marchio del territorio per i prodotti agricoli \u2013 ha sottolineato il presidente del consorzio Grado Turismo, <strong>Thomas Soyer<\/strong> \u2013 pu\u00f2 essere un potente strumento di marketing turistico. Grazie a un marchio del territorio ben definito, gli alberghi e i ristoranti possono promuovere i prodotti locali come caratteristica distintiva del loro menu, che si traduce in un aumento delle prenotazioni e della reputazione degli esercizi commerciali. I produttori locali trarranno vantaggio dall&#8217;adesione a un marchio del territorio. La collaborazione con altre aziende locali e l&#8217;uso di un marchio comune aumenter\u00e0 la visibilit\u00e0 dei loro prodotti e consentir\u00e0 loro di competere in modo pi\u00f9 efficace sui mercati regionali. Inoltre, grazie alla promozione turistica generata dal marchio del territorio, i produttori potranno accedere a nuovi canali di distribuzione, inclusi hotel e ristoranti della zona, portando a un incremento delle vendite\u201d.<\/p>\n<p> \t\u201cLa Strategia Mar e Tiaris \u2013 hanno concluso <strong>Francesca Trapani<\/strong>, project manager Strategia Mar e Tiaris, tecnico del Comune di Grado, e <strong>Giovanni Dean<\/strong>, supporto e gestione alla Strategia di \u00a0Confcooperative FVG \u2013 intende valorizzare le due maggiori tipicit\u00e0 del territorio: la ruralit\u00e0, con la sua tradizione e professionalit\u00e0 agricola, e l\u2019offerta turistica, culturale, storica, naturalistica ed enogastronomica. La creazione di una rete tra il mondo agricolo dell\u2019intero territorio e le strutture ricettive\/ristorative \u00e8 il fulcro della strategia ma anche la maggiore sfida che ci aspetta. La fruizione del territorio e delle ricchezze storiche, paesaggistiche ed enogastronomiche si svilupper\u00e0 lungo una rete di percorsi ciclabili che utilizzano le strade bianche, secondarie ed interpoderali e che collegheranno le due dorsali Nord-Sud (ciclovia Alpe Adria) ed Est-Ovest (ciclovia Adriatica). I percorsi esperienziali slow saranno tematizzati con punti informativi di sosta in appositi luoghi di connessione. Conoscenza dei luoghi, qualit\u00e0 della vita, rispetto dell\u2019ambiente, valorizzazione delle peculiarit\u00e0 identitarie del territorio di Mar e Tiaris sono obiettivi che promuoveremo d\u2019ora in poi coinvolgendo l\u2019intero partenariato e il logo che oggi presenteremo ci identificher\u00e0 nelle azioni e negli eventi che comunicheremo in un calendario annuale che troverete sempre aggiornato sul geoportale e sui social e nell\u2019evento itinerante annuale\u201d.<\/p>\n<p> \t\u00a0<\/p>\n","protected":false},"excerpt":{"rendered":"<p>Valorizzare le risorse ambientali, culturali, archeologiche e paesaggistiche attraverso percorsi cicabili e progettualit\u00e0 delle aziende agricole: investiti 3 milioni di euro<\/p>\n","protected":false},"author":23,"featured_media":49652,"comment_status":"closed","ping_status":"closed","sticky":false,"template":"","format":"standard","meta":{"dwc-title":[],"dwc-content":[],"footnotes":""},"categories":[8],"tags":[],"class_list":["post-49651","post","type-post","status-publish","format-standard","has-post-thumbnail","hentry","category-turismo"],"rttpg_featured_image_url":{"full":["https:\/\/imagazine.it\/wp-content\/uploads\/2024\/02\/53882-1.webp",750,527,false],"landscape":["https:\/\/imagazine.it\/wp-content\/uploads\/2024\/02\/53882-1.webp",750,527,false],"portraits":["https:\/\/imagazine.it\/wp-content\/uploads\/2024\/02\/53882-1.webp",750,527,false],"thumbnail":["https:\/\/imagazine.it\/wp-content\/uploads\/2024\/02\/53882-1-150x150.webp",150,150,true],"medium":["https:\/\/imagazine.it\/wp-content\/uploads\/2024\/02\/53882-1-300x211.webp",300,211,true],"large":["https:\/\/imagazine.it\/wp-content\/uploads\/2024\/02\/53882-1.webp",640,450,false],"thumblist":["https:\/\/imagazine.it\/wp-content\/uploads\/2024\/02\/53882-1-300x300.webp",300,300,true],"thumbrelated":["https:\/\/imagazine.it\/wp-content\/uploads\/2024\/02\/53882-1-500x500.webp",500,500,true],"meccarouselthumb":["https:\/\/imagazine.it\/wp-content\/uploads\/2024\/02\/53882-1-474x324.webp",474,324,true],"gridsquare":["https:\/\/imagazine.it\/wp-content\/uploads\/2024\/02\/53882-1-391x260.webp",391,260,true],"tileview":["https:\/\/imagazine.it\/wp-content\/uploads\/2024\/02\/53882-1-300x400.webp",300,400,true],"1536x1536":["https:\/\/imagazine.it\/wp-content\/uploads\/2024\/02\/53882-1.webp",750,527,false],"2048x2048":["https:\/\/imagazine.it\/wp-content\/uploads\/2024\/02\/53882-1.webp",750,527,false],"newsup-slider-full":["https:\/\/imagazine.it\/wp-content\/uploads\/2024\/02\/53882-1.webp",750,527,false],"newsup-featured":["https:\/\/imagazine.it\/wp-content\/uploads\/2024\/02\/53882-1.webp",750,527,false],"newsup-medium":["https:\/\/imagazine.it\/wp-content\/uploads\/2024\/02\/53882-1-720x380.webp",720,380,true],"tptn_thumbnail":["https:\/\/imagazine.it\/wp-content\/uploads\/2024\/02\/53882-1.webp",250,176,false],"sow-carousel-default":["https:\/\/imagazine.it\/wp-content\/uploads\/2024\/02\/53882-1.webp",259,182,false]},"rttpg_author":{"display_name":"Margherita Reguitti","author_link":"https:\/\/imagazine.it\/home_desk\/author\/reguitti\/"},"rttpg_comment":0,"rttpg_category":"<a href=\"https:\/\/imagazine.it\/home_desk\/category\/turismo\/\" rel=\"category tag\">TURISMO<\/a>","rttpg_excerpt":"Valorizzare le risorse ambientali, culturali, archeologiche e paesaggistiche attraverso percorsi cicabili e progettualit\u00e0 delle aziende agricole: investiti 3 milioni di euro","_links":{"self":[{"href":"https:\/\/imagazine.it\/home_desk\/wp-json\/wp\/v2\/posts\/49651","targetHints":{"allow":["GET"]}}],"collection":[{"href":"https:\/\/imagazine.it\/home_desk\/wp-json\/wp\/v2\/posts"}],"about":[{"href":"https:\/\/imagazine.it\/home_desk\/wp-json\/wp\/v2\/types\/post"}],"author":[{"embeddable":true,"href":"https:\/\/imagazine.it\/home_desk\/wp-json\/wp\/v2\/users\/23"}],"replies":[{"embeddable":true,"href":"https:\/\/imagazine.it\/home_desk\/wp-json\/wp\/v2\/comments?post=49651"}],"version-history":[{"count":0,"href":"https:\/\/imagazine.it\/home_desk\/wp-json\/wp\/v2\/posts\/49651\/revisions"}],"wp:featuredmedia":[{"embeddable":true,"href":"https:\/\/imagazine.it\/home_desk\/wp-json\/wp\/v2\/media\/49652"}],"wp:attachment":[{"href":"https:\/\/imagazine.it\/home_desk\/wp-json\/wp\/v2\/media?parent=49651"}],"wp:term":[{"taxonomy":"category","embeddable":true,"href":"https:\/\/imagazine.it\/home_desk\/wp-json\/wp\/v2\/categories?post=49651"},{"taxonomy":"post_tag","embeddable":true,"href":"https:\/\/imagazine.it\/home_desk\/wp-json\/wp\/v2\/tags?post=49651"}],"curies":[{"name":"wp","href":"https:\/\/api.w.org\/{rel}","templated":true}]}}