{"id":49649,"date":"2023-07-24T00:00:00","date_gmt":"2023-07-23T22:00:00","guid":{"rendered":"https:\/\/imagazine.it\/udine-trieste-e-verona-corrono-in-rete\/"},"modified":"2023-07-24T00:00:00","modified_gmt":"2023-07-23T22:00:00","slug":"udine-trieste-e-verona-corrono-in-rete","status":"publish","type":"post","link":"https:\/\/imagazine.it\/home_desk\/udine-trieste-e-verona-corrono-in-rete\/","title":{"rendered":"Udine, Trieste e Verona corrono in rete"},"content":{"rendered":"<p> \tUDINE \u2013 La <strong>Maratonina di Udine<\/strong> si mette <strong>in rete con altri due eventi sportivi<\/strong>: nasce &#8220;<strong><em>Fai Tris<\/em><\/strong>&#8220;, circuito podistico di rilievo e di attrattiva internazionale che unisce le citt\u00e0 di<strong> Udine, Trieste e Verona<\/strong>, sede, rispettivamente, della <strong>Maratonina<\/strong>, appunto, della <strong>Corsa dei Castelli<\/strong> \u2013 sulla distanza di 10 km \u2013 e della\u00a0<strong>Zero Wind Verona Run Marathon<\/strong>, su quella della mezza maratona, 21 chilometri.<\/p>\n<p> \tIl tutto nell&#8217;arco di <strong>due mesi<\/strong>, <strong>partendo proprio da Udine, che riaccoglier\u00e0 la Maratonina (edizione numero 23)<\/strong><strong>\u00a0domenica 17 settembre<\/strong>: la partenza avverr\u00e0 da piazza Primo Maggio, l&#8217;arrivo \u00e8 previsto in via Vittorio Veneto, al termine di un tracciato che toccher\u00e0 l\u2019intero territorio comunale e che viene considerato uno dei pi\u00f9\u00a0veloci\u00a0del panorama internazionale: un\u2019occasione unica per gli atleti, dunque, per prepararsi alle grandi maratone autunnali o per migliorare il proprio primato personale.<\/p>\n<p> \tIl testimone passer\u00e0 poi a <strong>Trieste<\/strong>, dove\u00a0<strong>domenica 15 ottobre<\/strong> si disputer\u00e0 la 7^ edizione de \u201cLa Corsa dei Castelli\u201d: la gara \u00e8 inserita nel calendario nazionale Fidal e si snoder\u00e0 su un percorso omologato, costituito da un giro unico dal\u00a0Castello di Miramare\u00a0a quello di San Giusto, che sar\u00e0 raggiunto dopo un grosso sforzo conclusivo: nelle ultime centinaia di metri, infatti, i corridori dovranno affrontare l&#8217;impegnativa pendenza di un tratto che, non a caso, viene chiamato \u201cIl Muro\u201d.<\/p>\n<p> \t<strong>Gran finale a Verona<\/strong>, scenario, <strong>domenica 19 novembre<\/strong>, della 9^ Zero Wind\u00a0Verona Run Marathon 21 km, che sar\u00e0 disputata\u00a0in concomitanza con la Verona Run Marathon (su 42 km). L&#8217;arrivo avverr\u00e0 nella spettacolare Piazza Bra, proprio davanti all\u2019Arena, dopo aver lambito il Lungadige e attraversato il centro storico della citt\u00e0\u00a0patrimonio Unesco.<\/p>\n<p> \t<strong>Le iscrizioni al pacchetto completo sono aperte sul sito delle singole manifestazioni<\/strong>, al costo di\u00a060 euro complessivi: il termine per le adesioni \u00e8 domenica 10 settembre, se non verr\u00e0 raggiunto prima il limite delle 200 iscrizioni. Ai partecipanti saranno consegnati dei gadget esclusivi, da ritirare in occasione dell\u2019ultima tappa all\u2019Expo Village della Zero Wind Verona Run Marathon 21k.<\/p>\n<p> \t\u00a0<\/p>\n","protected":false},"excerpt":{"rendered":"<p>Nasce il circuito podistico di attrattiva internazionale che unisce la Maratonina, la Corsa dei Castelli e Zero Wind Run Marathon<\/p>\n","protected":false},"author":28,"featured_media":49650,"comment_status":"closed","ping_status":"closed","sticky":false,"template":"","format":"standard","meta":{"dwc-title":[],"dwc-content":[],"footnotes":""},"categories":[38],"tags":[],"class_list":["post-49649","post","type-post","status-publish","format-standard","has-post-thumbnail","hentry","category-sport"],"rttpg_featured_image_url":{"full":["https:\/\/imagazine.it\/wp-content\/uploads\/2024\/02\/53880-1.webp",1000,667,false],"landscape":["https:\/\/imagazine.it\/wp-content\/uploads\/2024\/02\/53880-1.webp",1000,667,false],"portraits":["https:\/\/imagazine.it\/wp-content\/uploads\/2024\/02\/53880-1.webp",1000,667,false],"thumbnail":["https:\/\/imagazine.it\/wp-content\/uploads\/2024\/02\/53880-1-150x150.webp",150,150,true],"medium":["https:\/\/imagazine.it\/wp-content\/uploads\/2024\/02\/53880-1-300x200.webp",300,200,true],"large":["https:\/\/imagazine.it\/wp-content\/uploads\/2024\/02\/53880-1.webp",640,427,false],"thumblist":["https:\/\/imagazine.it\/wp-content\/uploads\/2024\/02\/53880-1-300x300.webp",300,300,true],"thumbrelated":["https:\/\/imagazine.it\/wp-content\/uploads\/2024\/02\/53880-1-500x500.webp",500,500,true],"meccarouselthumb":["https:\/\/imagazine.it\/wp-content\/uploads\/2024\/02\/53880-1-474x324.webp",474,324,true],"gridsquare":["https:\/\/imagazine.it\/wp-content\/uploads\/2024\/02\/53880-1-391x260.webp",391,260,true],"tileview":["https:\/\/imagazine.it\/wp-content\/uploads\/2024\/02\/53880-1-300x400.webp",300,400,true],"1536x1536":["https:\/\/imagazine.it\/wp-content\/uploads\/2024\/02\/53880-1.webp",1000,667,false],"2048x2048":["https:\/\/imagazine.it\/wp-content\/uploads\/2024\/02\/53880-1.webp",1000,667,false],"newsup-slider-full":["https:\/\/imagazine.it\/wp-content\/uploads\/2024\/02\/53880-1.webp",1000,667,false],"newsup-featured":["https:\/\/imagazine.it\/wp-content\/uploads\/2024\/02\/53880-1.webp",1000,667,false],"newsup-medium":["https:\/\/imagazine.it\/wp-content\/uploads\/2024\/02\/53880-1-720x380.webp",720,380,true],"tptn_thumbnail":["https:\/\/imagazine.it\/wp-content\/uploads\/2024\/02\/53880-1.webp",250,167,false],"sow-carousel-default":["https:\/\/imagazine.it\/wp-content\/uploads\/2024\/02\/53880-1.webp",272,182,false]},"rttpg_author":{"display_name":"redazione","author_link":"https:\/\/imagazine.it\/home_desk\/author\/redazione\/"},"rttpg_comment":0,"rttpg_category":"<a href=\"https:\/\/imagazine.it\/home_desk\/category\/sport\/\" rel=\"category tag\">SPORT<\/a>","rttpg_excerpt":"Nasce il circuito podistico di attrattiva internazionale che unisce la Maratonina, la Corsa dei Castelli e Zero Wind Run Marathon","_links":{"self":[{"href":"https:\/\/imagazine.it\/home_desk\/wp-json\/wp\/v2\/posts\/49649","targetHints":{"allow":["GET"]}}],"collection":[{"href":"https:\/\/imagazine.it\/home_desk\/wp-json\/wp\/v2\/posts"}],"about":[{"href":"https:\/\/imagazine.it\/home_desk\/wp-json\/wp\/v2\/types\/post"}],"author":[{"embeddable":true,"href":"https:\/\/imagazine.it\/home_desk\/wp-json\/wp\/v2\/users\/28"}],"replies":[{"embeddable":true,"href":"https:\/\/imagazine.it\/home_desk\/wp-json\/wp\/v2\/comments?post=49649"}],"version-history":[{"count":0,"href":"https:\/\/imagazine.it\/home_desk\/wp-json\/wp\/v2\/posts\/49649\/revisions"}],"wp:featuredmedia":[{"embeddable":true,"href":"https:\/\/imagazine.it\/home_desk\/wp-json\/wp\/v2\/media\/49650"}],"wp:attachment":[{"href":"https:\/\/imagazine.it\/home_desk\/wp-json\/wp\/v2\/media?parent=49649"}],"wp:term":[{"taxonomy":"category","embeddable":true,"href":"https:\/\/imagazine.it\/home_desk\/wp-json\/wp\/v2\/categories?post=49649"},{"taxonomy":"post_tag","embeddable":true,"href":"https:\/\/imagazine.it\/home_desk\/wp-json\/wp\/v2\/tags?post=49649"}],"curies":[{"name":"wp","href":"https:\/\/api.w.org\/{rel}","templated":true}]}}