{"id":49647,"date":"2023-07-19T00:00:00","date_gmt":"2023-07-18T22:00:00","guid":{"rendered":"https:\/\/imagazine.it\/da-terzo-a-barbana-per-il-voto-secolare\/"},"modified":"2023-07-19T00:00:00","modified_gmt":"2023-07-18T22:00:00","slug":"da-terzo-a-barbana-per-il-voto-secolare","status":"publish","type":"post","link":"https:\/\/imagazine.it\/home_desk\/da-terzo-a-barbana-per-il-voto-secolare\/","title":{"rendered":"Da Terzo a Barbana per il voto secolare"},"content":{"rendered":"<p> \tTERZO D&#8217;AQUILEIA \u2013 Era il 1815 quando per la prima volta le comunit\u00e0 di Terzo d\u2018Aquileia e San Martino si sono recate in pellegrinaggio al Santuario Mariano di Barbana per ringraziare della grazia ricevuta: grazie all\u2019intercessione della Madonna la grande pandemia che aveva sterminato gli animali del paese termin\u00f2.<\/p>\n<p> \tVenne richiamato questo voto in quanto nel 1870 si ripet\u00e9 l\u2019epidemia.<\/p>\n<p> \tE dopo 208 anni il momento di devozione si \u00e8 ripetuto, con l\u2019arrivo sull\u2019isola in motoscafo e la celebrazione della messa da parte del parroco <strong>don Sinuhe Marotta<\/strong>, concelebranti il <strong>cardinale Oscar Cantoni<\/strong>, vescovo di Como (in ferie sull\u2019isola), e <strong>don Paul<\/strong>; il coro parrocchiale ha accompagnato la funzione religiosa con all\u2019organo <strong>don Pino Franceschin<\/strong>, gi\u00e0 parroco di Terzo, presente anche il primo cittadino <strong>Giosualdo Quaini<\/strong>.<\/p>\n<p> \tAl termine sono stati ricordati gli emigranti ti Terzo che hanno lasciato il paese dal 1877 al 1910 nel periodo dell\u2019impero Austro Ungarico. Si \u00e8 iniziato ricordando il canto \u201c<em>l\u2019Inno dolente alla Beata Vergine di Barbana&#8230; partendo<\/em>\u201d, intonato da <strong>Paola Toso<\/strong>. L&#8217;autore \u00e8 <strong>Ezio Stabile<\/strong> di Terzo. Scritto e cantato in occasione del pellegrinaggio a Barbana del 1924, presenti una decina di famiglie di Terzo in partenza per il Brasile e altre per la Francia.<\/p>\n<p> \tDal 1877 met\u00e0 della popolazione di Terzo viveva in povert\u00e0 e molte famiglie hanno fatto una scelta estrema, chi non possiede nulla e pu\u00f2 contare per vivere unicamente sul ricavato del lavoro delle sue braccia, se manca il lavoro non ha altra scelta che andarlo a cercare dove abbonda. Perci\u00f2 molte famiglie sono partite, ma prima di lasciare il paese era d\u2019obbligo andare a Barbana per un saluto, triste ma speranzoso verso la Madonna.<\/p>\n<p> \tAlla fine della cerimonia religiosa c\u2019\u00e8 stato il momento del pranzo comunitario.<\/p>\n<p> \t\u00a0<\/p>\n","protected":false},"excerpt":{"rendered":"<p>A 208 anni dalla prima volta, la comunit\u00e0 locale \u00e8 rinnovato il voto presso il santuario dell&#8217;isola<\/p>\n","protected":false},"author":22,"featured_media":49648,"comment_status":"closed","ping_status":"closed","sticky":false,"template":"","format":"standard","meta":{"dwc-title":[],"dwc-content":[],"footnotes":""},"categories":[5],"tags":[],"class_list":["post-49647","post","type-post","status-publish","format-standard","has-post-thumbnail","hentry","category-attualita"],"rttpg_featured_image_url":{"full":["https:\/\/imagazine.it\/wp-content\/uploads\/2024\/02\/53877-1.webp",1000,562,false],"landscape":["https:\/\/imagazine.it\/wp-content\/uploads\/2024\/02\/53877-1.webp",1000,562,false],"portraits":["https:\/\/imagazine.it\/wp-content\/uploads\/2024\/02\/53877-1.webp",1000,562,false],"thumbnail":["https:\/\/imagazine.it\/wp-content\/uploads\/2024\/02\/53877-1-150x150.webp",150,150,true],"medium":["https:\/\/imagazine.it\/wp-content\/uploads\/2024\/02\/53877-1-300x169.webp",300,169,true],"large":["https:\/\/imagazine.it\/wp-content\/uploads\/2024\/02\/53877-1.webp",640,360,false],"thumblist":["https:\/\/imagazine.it\/wp-content\/uploads\/2024\/02\/53877-1-300x300.webp",300,300,true],"thumbrelated":["https:\/\/imagazine.it\/wp-content\/uploads\/2024\/02\/53877-1-500x500.webp",500,500,true],"meccarouselthumb":["https:\/\/imagazine.it\/wp-content\/uploads\/2024\/02\/53877-1-474x324.webp",474,324,true],"gridsquare":["https:\/\/imagazine.it\/wp-content\/uploads\/2024\/02\/53877-1-391x260.webp",391,260,true],"tileview":["https:\/\/imagazine.it\/wp-content\/uploads\/2024\/02\/53877-1-300x400.webp",300,400,true],"1536x1536":["https:\/\/imagazine.it\/wp-content\/uploads\/2024\/02\/53877-1.webp",1000,562,false],"2048x2048":["https:\/\/imagazine.it\/wp-content\/uploads\/2024\/02\/53877-1.webp",1000,562,false],"newsup-slider-full":["https:\/\/imagazine.it\/wp-content\/uploads\/2024\/02\/53877-1.webp",1000,562,false],"newsup-featured":["https:\/\/imagazine.it\/wp-content\/uploads\/2024\/02\/53877-1.webp",1000,562,false],"newsup-medium":["https:\/\/imagazine.it\/wp-content\/uploads\/2024\/02\/53877-1-720x380.webp",720,380,true],"tptn_thumbnail":["https:\/\/imagazine.it\/wp-content\/uploads\/2024\/02\/53877-1.webp",250,141,false],"sow-carousel-default":["https:\/\/imagazine.it\/wp-content\/uploads\/2024\/02\/53877-1.webp",272,153,false]},"rttpg_author":{"display_name":"Livio Nonis","author_link":"https:\/\/imagazine.it\/home_desk\/author\/nonis\/"},"rttpg_comment":0,"rttpg_category":"<a href=\"https:\/\/imagazine.it\/home_desk\/category\/attualita\/\" rel=\"category tag\">ATTUALIT\u00c0<\/a>","rttpg_excerpt":"A 208 anni dalla prima volta, la comunit\u00e0 locale \u00e8 rinnovato il voto presso il santuario dell'isola","_links":{"self":[{"href":"https:\/\/imagazine.it\/home_desk\/wp-json\/wp\/v2\/posts\/49647","targetHints":{"allow":["GET"]}}],"collection":[{"href":"https:\/\/imagazine.it\/home_desk\/wp-json\/wp\/v2\/posts"}],"about":[{"href":"https:\/\/imagazine.it\/home_desk\/wp-json\/wp\/v2\/types\/post"}],"author":[{"embeddable":true,"href":"https:\/\/imagazine.it\/home_desk\/wp-json\/wp\/v2\/users\/22"}],"replies":[{"embeddable":true,"href":"https:\/\/imagazine.it\/home_desk\/wp-json\/wp\/v2\/comments?post=49647"}],"version-history":[{"count":0,"href":"https:\/\/imagazine.it\/home_desk\/wp-json\/wp\/v2\/posts\/49647\/revisions"}],"wp:featuredmedia":[{"embeddable":true,"href":"https:\/\/imagazine.it\/home_desk\/wp-json\/wp\/v2\/media\/49648"}],"wp:attachment":[{"href":"https:\/\/imagazine.it\/home_desk\/wp-json\/wp\/v2\/media?parent=49647"}],"wp:term":[{"taxonomy":"category","embeddable":true,"href":"https:\/\/imagazine.it\/home_desk\/wp-json\/wp\/v2\/categories?post=49647"},{"taxonomy":"post_tag","embeddable":true,"href":"https:\/\/imagazine.it\/home_desk\/wp-json\/wp\/v2\/tags?post=49647"}],"curies":[{"name":"wp","href":"https:\/\/api.w.org\/{rel}","templated":true}]}}