{"id":49643,"date":"2023-07-22T00:00:00","date_gmt":"2023-07-21T22:00:00","guid":{"rendered":"https:\/\/imagazine.it\/larcheologia-del-mondo-sul-grande-schermo-di-aquileia\/"},"modified":"2023-07-22T00:00:00","modified_gmt":"2023-07-21T22:00:00","slug":"larcheologia-del-mondo-sul-grande-schermo-di-aquileia","status":"publish","type":"post","link":"https:\/\/imagazine.it\/home_desk\/larcheologia-del-mondo-sul-grande-schermo-di-aquileia\/","title":{"rendered":"L&#8217;archeologia del mondo sul grande schermo di Aquileia"},"content":{"rendered":"<p> \tAQUILEIA \u2013 L\u2019archeologia ritorna sul grande schermo ad Aquileia <strong>dall\u20191 all\u20198 agosto per la XIV edizione dell\u2019Aquileia Film Festival<\/strong>, la rassegna internazionale di cinema archeologico <strong>organizzata dalla Fondazione Aquileia con Archeologia Viva e Firenze Archeofilm<\/strong> in collaborazione con Comune di Aquileia, Regione Friuli Venezia Giulia, Soprintendenza Archeologia Belle Arti Paesaggio del FVG, Basilica di Aquileia PromoTurismoFvg, Direzione Regionale Musei FVG e Museo archeologico nazionale di Aquileia e il sostegno della Famiglia Mattiussi.<\/p>\n<p> \t<strong>Antiche vie, mosaici sommersi, dinosauri, capolavori di arte etrusca, il mistero dei geroglifici e le pitture rupestri <\/strong>al centro dei documentari di produzione internazionale che si alterneranno agli esperti sul palco sotto le stelle di piazza Capitolo da marted\u00ec 1 \u2013<strong> serata dedicata alla ricorrenza dei 25 anni dal riconoscimento del titolo Unesco ad Aquileia <\/strong>\u2013 a venerd\u00ec 4 agosto alle ore 21.<\/p>\n<p> \tIl Festival, dopo la pausa del 5 e 6 agosto, proseguir\u00e0<strong> luned\u00ec 7 e marted\u00ec 8 agosto con due serate dedicate ad \u201c<em>Aquileia, una guida<\/em>\u201d<\/strong>, il manuale di viaggio di <strong>Elena Commessatti <\/strong>e al film<strong> \u201c<em>Le donne di Pasolini<\/em>\u201d<\/strong>, una coproduzione <strong>Rai Documentari<\/strong> e <strong>Anele<\/strong>, con il contributo di <strong>Rai Teche<\/strong> e con il sostegno di <strong>Fondazione Aquileia<\/strong><strong>. <\/strong><\/p>\n<p> \tTutte le serate sono a <strong>ingresso gratuito<\/strong> e prenotazione obbligatoria su <u><a href=\"http:\/\/www.fondazioneaquleia.it\" target=\"_blank\" rel=\"noopener\"><span style=\"color:#0000cd;\">www.fondazioneaquleia.it<\/span><\/a><\/u>.<\/p>\n<p> \t\u00abDa 14 anni l\u2019Aquileia Film Festival, grazie alle proiezioni che ci porteranno alla scoperta di antiche civilt\u00e0 e agli incontri con i protagonisti del mondo culturale si impegna a diffondere \u2013 sottolinea <strong>Roberto Corciulo<\/strong>, presidente della Fondazione Aquileia \u2013 un messaggio di conoscenza e maggior consapevolezza del valore del patrimonio culturale. Quest\u2019anno in particolare, in occasione dei 25 anni dall\u2019assegnazione del riconoscimento Unesco ad Aquileia ci teniamo a ricordare, da questo palcoscenico unico che vede protagonista la Basilica dei Patriarchi e il suo campanile millenario, che il patrimonio \u00e8 l\u2019eredit\u00e0 culturale di ognuno di noi e richiede l\u2019impegno di tutti per essere trasmesso alle generazioni future\u00bb.<\/p>\n<p> \t\u00abCome ogni anno \u2013 spiega il <strong>direttore della Fondazione Aquileia Cristiano Tiussi <\/strong>\u2013 la rassegna rappresenta una utilissima occasione di confronto, anche dietro le quinte, con gli ospiti, rappresentanti di prestigiosi enti e istituzioni italiane e non, con i quali si tessono o si rafforzano rapporti e relazioni in grado di proiettare sempre pi\u00f9 Aquileia in una dimensione internazionale\u00bb.<\/p>\n<p> \tUn programma ricco di appuntamenti che permetteranno al pubblico tra immagini inedite, grandi scoperte e scenari mozzafiato di viaggiare in universi lontani, nel tempo e nello spazio, soffermandosi, con gli ospiti intervistati da <strong>Piero Pruneti<\/strong>, direttore di <em>Archeologia Viva<\/em>, anche su tematiche di attualit\u00e0, come il cambiamento climatico, il traffico di opere d\u2019arte, l\u2019archeologia ferita nel Mediterraneo. Ospiti delle serate saranno <strong>Eugenio Farioli Vecchioli<\/strong>, responsabile Rai Cultura con <strong>Angela Maria Ferroni e Laura Acampora<\/strong> funzionarie dell\u2019Ufficio Unesco del Ministero della Cultura (1 agosto), <strong>Valentino Nizzo<\/strong>, direttore del Museo Nazionale Etrusco di Villa Giulia (2 agosto),<strong> Fatma Nai\u0308t Yghil<\/strong>, direttrice del Museo Nazionale del Bardo a Tunisi (3 agosto),<strong> Licia Col\u00f2<\/strong>, conduttrice di \u201cEden- un pianeta da salvare\u201d (4 agosto).<\/p>\n<p> \t<strong>Luned\u00ec 7 agosto<\/strong> il festival proseguir\u00e0 con una serata, condotta da <strong>Alessandra Salvatori<\/strong>, dedicata ad \u201c<em>Aquileia, una guida<\/em>\u201d di Elena Commessatti che vedr\u00e0 protagonisti sul palco, oltre alla scrittrice, gli autori della sezione \u201cle Top 5 dei luoghi del cuore\u201d: da <strong>Gigi Delneri a Emilio Rigatti e Francesco Tullio Altan<\/strong> alle guide turistiche, ai rappresentanti delle istituzioni e del mondo imprenditoriale.<\/p>\n<p> \t<strong>Marted\u00ec 8 agosto<\/strong> la serata conclusiva condotta dalla scrittrice Elena Commessatti ospiter\u00e0 la proiezione di \u201c<em>Le donne di Pasolini<\/em>\u201d e ospiter\u00e0 sul palco l\u2019attrice<strong> Anna Ferruzzo<\/strong>, il regista<strong> Eugenio Cappuccio <\/strong>e la produttrice<strong> Gloria Giorgianni<\/strong>.<\/p>\n<p> \tIl pubblico sar\u00e0\u00a0chiamato a votare\u00a0ogni sera il proprio film preferito e il vincitore ricever\u00e0 il <strong>Premio Aquileia<\/strong>, un mosaico realizzato dalla Scuola Mosaicisti del Friuli che sar\u00e0 consegnato la sera di venerd\u00ec 4 agosto.<\/p>\n<p> \t<strong><u><a href=\"https:\/\/www.imagazine.it\/eventi\/45267\" target=\"_blank\" rel=\"noopener\"><span style=\"color:#0000cd;\">Clicca qui per il programma completo<\/span><\/a><\/u><\/strong><\/p>\n<p> \t\u00a0<\/p>\n","protected":false},"excerpt":{"rendered":"<p>Il patrimonio culturale al centro di sei serate tra cinema, libri, esperti, scrittori e divulgatori. Con le nozze d&#8217;argento per il riconoscimento Unesco<\/p>\n","protected":false},"author":28,"featured_media":49644,"comment_status":"closed","ping_status":"closed","sticky":false,"template":"","format":"standard","meta":{"dwc-title":[],"dwc-content":[],"footnotes":""},"categories":[37],"tags":[],"class_list":["post-49643","post","type-post","status-publish","format-standard","has-post-thumbnail","hentry","category-cultura-e-spettacolo"],"rttpg_featured_image_url":{"full":["https:\/\/imagazine.it\/wp-content\/uploads\/2024\/02\/53871-1.webp",1000,664,false],"landscape":["https:\/\/imagazine.it\/wp-content\/uploads\/2024\/02\/53871-1.webp",1000,664,false],"portraits":["https:\/\/imagazine.it\/wp-content\/uploads\/2024\/02\/53871-1.webp",1000,664,false],"thumbnail":["https:\/\/imagazine.it\/wp-content\/uploads\/2024\/02\/53871-1-150x150.webp",150,150,true],"medium":["https:\/\/imagazine.it\/wp-content\/uploads\/2024\/02\/53871-1-300x199.webp",300,199,true],"large":["https:\/\/imagazine.it\/wp-content\/uploads\/2024\/02\/53871-1.webp",640,425,false],"thumblist":["https:\/\/imagazine.it\/wp-content\/uploads\/2024\/02\/53871-1-300x300.webp",300,300,true],"thumbrelated":["https:\/\/imagazine.it\/wp-content\/uploads\/2024\/02\/53871-1-500x500.webp",500,500,true],"meccarouselthumb":["https:\/\/imagazine.it\/wp-content\/uploads\/2024\/02\/53871-1-474x324.webp",474,324,true],"gridsquare":["https:\/\/imagazine.it\/wp-content\/uploads\/2024\/02\/53871-1-391x260.webp",391,260,true],"tileview":["https:\/\/imagazine.it\/wp-content\/uploads\/2024\/02\/53871-1-300x400.webp",300,400,true],"1536x1536":["https:\/\/imagazine.it\/wp-content\/uploads\/2024\/02\/53871-1.webp",1000,664,false],"2048x2048":["https:\/\/imagazine.it\/wp-content\/uploads\/2024\/02\/53871-1.webp",1000,664,false],"newsup-slider-full":["https:\/\/imagazine.it\/wp-content\/uploads\/2024\/02\/53871-1.webp",1000,664,false],"newsup-featured":["https:\/\/imagazine.it\/wp-content\/uploads\/2024\/02\/53871-1.webp",1000,664,false],"newsup-medium":["https:\/\/imagazine.it\/wp-content\/uploads\/2024\/02\/53871-1-720x380.webp",720,380,true],"tptn_thumbnail":["https:\/\/imagazine.it\/wp-content\/uploads\/2024\/02\/53871-1.webp",250,166,false],"sow-carousel-default":["https:\/\/imagazine.it\/wp-content\/uploads\/2024\/02\/53871-1.webp",272,182,false]},"rttpg_author":{"display_name":"redazione","author_link":"https:\/\/imagazine.it\/home_desk\/author\/redazione\/"},"rttpg_comment":0,"rttpg_category":"<a href=\"https:\/\/imagazine.it\/home_desk\/category\/cultura-e-spettacolo\/\" rel=\"category tag\">CULTURA&amp;SPETTACOLO<\/a>","rttpg_excerpt":"Il patrimonio culturale al centro di sei serate tra cinema, libri, esperti, scrittori e divulgatori. Con le nozze d'argento per il riconoscimento Unesco","_links":{"self":[{"href":"https:\/\/imagazine.it\/home_desk\/wp-json\/wp\/v2\/posts\/49643","targetHints":{"allow":["GET"]}}],"collection":[{"href":"https:\/\/imagazine.it\/home_desk\/wp-json\/wp\/v2\/posts"}],"about":[{"href":"https:\/\/imagazine.it\/home_desk\/wp-json\/wp\/v2\/types\/post"}],"author":[{"embeddable":true,"href":"https:\/\/imagazine.it\/home_desk\/wp-json\/wp\/v2\/users\/28"}],"replies":[{"embeddable":true,"href":"https:\/\/imagazine.it\/home_desk\/wp-json\/wp\/v2\/comments?post=49643"}],"version-history":[{"count":0,"href":"https:\/\/imagazine.it\/home_desk\/wp-json\/wp\/v2\/posts\/49643\/revisions"}],"wp:featuredmedia":[{"embeddable":true,"href":"https:\/\/imagazine.it\/home_desk\/wp-json\/wp\/v2\/media\/49644"}],"wp:attachment":[{"href":"https:\/\/imagazine.it\/home_desk\/wp-json\/wp\/v2\/media?parent=49643"}],"wp:term":[{"taxonomy":"category","embeddable":true,"href":"https:\/\/imagazine.it\/home_desk\/wp-json\/wp\/v2\/categories?post=49643"},{"taxonomy":"post_tag","embeddable":true,"href":"https:\/\/imagazine.it\/home_desk\/wp-json\/wp\/v2\/tags?post=49643"}],"curies":[{"name":"wp","href":"https:\/\/api.w.org\/{rel}","templated":true}]}}