{"id":49615,"date":"2023-07-08T00:00:00","date_gmt":"2023-07-07T22:00:00","guid":{"rendered":"https:\/\/imagazine.it\/strassoldo-donatori-di-sangue-in-festa\/"},"modified":"2023-07-08T00:00:00","modified_gmt":"2023-07-07T22:00:00","slug":"strassoldo-donatori-di-sangue-in-festa","status":"publish","type":"post","link":"https:\/\/imagazine.it\/home_desk\/strassoldo-donatori-di-sangue-in-festa\/","title":{"rendered":"Strassoldo, donatori di sangue in festa"},"content":{"rendered":"<p> \tCERVIGNANO DEL FRIULI \u2013 L\u2019<strong>Associazione Volontari Italiana Sangue (A.V.I.S.) sezione di Strassoldo<\/strong> si \u00e8 riunita per la consueta assemblea annuale.<\/p>\n<p> \tAlla manifestazione hanno presenziato numerose consorelle venute da tutta la regione, ma anche membri dell\u2019A.F.D.S, dell\u2019A.D.O., dell\u2019A.D.M.O. e del GADAS. Le istituzioni erano presenti con l\u2019assessore comunale <strong>Barbara Nalon<\/strong>, il presidente A.V.I.S. provinciale <strong>Celestino Buffon<\/strong>, il presidente A.V.I.S. regionale <strong>Elisa Pivetta<\/strong>, il presidente A.D.M.O. <strong>Paola Rugo<\/strong> e il padrone di casa, il presidente A.V.I.S. locale <strong>Giacomo Fogar<\/strong>. Rappresentata anche la sezione degli alpini di Aiello del Friuli.<\/p>\n<p> \tIl pomeriggio \u00e8 iniziato con la sfilata dei labari che hanno percorso le vie della borgata per poi raggiungere la chiesetta dedicata a San Nicol\u00f2 Vescovo dove il parroco, <strong>don Sinuhe Marotta<\/strong>, ha celebrato la messa.<\/p>\n<p> \tIl corteo quindi si \u00e8 riformato per recarsi a Villa Vitas dove si sono tenuti i discorsi ufficiali e dove \u00e8 stata evidenziata la volont\u00e0 collettiva di continuare a perseverare nella donazione al fine di non lasciare sguarniti gli ospedali proprio nel periodo estivo, quando le persone vanno in ferie.<\/p>\n<p> \tIl tutto si \u00e8 concluso con un convivio.\u00a0\u00a0\u00a0\u00a0\u00a0<\/p>\n<p> \t\u00a0<\/p>\n","protected":false},"excerpt":{"rendered":"<p>Numerose consorelle e altre realt\u00e0 di volontariato hanno presenziato alla giornata evento della locale sezione AVIS<\/p>\n","protected":false},"author":22,"featured_media":49616,"comment_status":"closed","ping_status":"closed","sticky":false,"template":"","format":"standard","meta":{"dwc-title":[],"dwc-content":[],"footnotes":""},"categories":[5],"tags":[],"class_list":["post-49615","post","type-post","status-publish","format-standard","has-post-thumbnail","hentry","category-attualita"],"rttpg_featured_image_url":{"full":["https:\/\/imagazine.it\/wp-content\/uploads\/2024\/02\/53831-1.webp",1000,750,false],"landscape":["https:\/\/imagazine.it\/wp-content\/uploads\/2024\/02\/53831-1.webp",1000,750,false],"portraits":["https:\/\/imagazine.it\/wp-content\/uploads\/2024\/02\/53831-1.webp",1000,750,false],"thumbnail":["https:\/\/imagazine.it\/wp-content\/uploads\/2024\/02\/53831-1-150x150.webp",150,150,true],"medium":["https:\/\/imagazine.it\/wp-content\/uploads\/2024\/02\/53831-1-300x225.webp",300,225,true],"large":["https:\/\/imagazine.it\/wp-content\/uploads\/2024\/02\/53831-1.webp",640,480,false],"thumblist":["https:\/\/imagazine.it\/wp-content\/uploads\/2024\/02\/53831-1-300x300.webp",300,300,true],"thumbrelated":["https:\/\/imagazine.it\/wp-content\/uploads\/2024\/02\/53831-1-500x500.webp",500,500,true],"meccarouselthumb":["https:\/\/imagazine.it\/wp-content\/uploads\/2024\/02\/53831-1-474x324.webp",474,324,true],"gridsquare":["https:\/\/imagazine.it\/wp-content\/uploads\/2024\/02\/53831-1-391x260.webp",391,260,true],"tileview":["https:\/\/imagazine.it\/wp-content\/uploads\/2024\/02\/53831-1-300x400.webp",300,400,true],"1536x1536":["https:\/\/imagazine.it\/wp-content\/uploads\/2024\/02\/53831-1.webp",1000,750,false],"2048x2048":["https:\/\/imagazine.it\/wp-content\/uploads\/2024\/02\/53831-1.webp",1000,750,false],"newsup-slider-full":["https:\/\/imagazine.it\/wp-content\/uploads\/2024\/02\/53831-1-1000x720.webp",1000,720,true],"newsup-featured":["https:\/\/imagazine.it\/wp-content\/uploads\/2024\/02\/53831-1.webp",1000,750,false],"newsup-medium":["https:\/\/imagazine.it\/wp-content\/uploads\/2024\/02\/53831-1-720x380.webp",720,380,true],"tptn_thumbnail":["https:\/\/imagazine.it\/wp-content\/uploads\/2024\/02\/53831-1.webp",250,188,false],"sow-carousel-default":["https:\/\/imagazine.it\/wp-content\/uploads\/2024\/02\/53831-1.webp",243,182,false]},"rttpg_author":{"display_name":"Livio Nonis","author_link":"https:\/\/imagazine.it\/home_desk\/author\/nonis\/"},"rttpg_comment":0,"rttpg_category":"<a href=\"https:\/\/imagazine.it\/home_desk\/category\/attualita\/\" rel=\"category tag\">ATTUALIT\u00c0<\/a>","rttpg_excerpt":"Numerose consorelle e altre realt\u00e0 di volontariato hanno presenziato alla giornata evento della locale sezione AVIS","_links":{"self":[{"href":"https:\/\/imagazine.it\/home_desk\/wp-json\/wp\/v2\/posts\/49615","targetHints":{"allow":["GET"]}}],"collection":[{"href":"https:\/\/imagazine.it\/home_desk\/wp-json\/wp\/v2\/posts"}],"about":[{"href":"https:\/\/imagazine.it\/home_desk\/wp-json\/wp\/v2\/types\/post"}],"author":[{"embeddable":true,"href":"https:\/\/imagazine.it\/home_desk\/wp-json\/wp\/v2\/users\/22"}],"replies":[{"embeddable":true,"href":"https:\/\/imagazine.it\/home_desk\/wp-json\/wp\/v2\/comments?post=49615"}],"version-history":[{"count":0,"href":"https:\/\/imagazine.it\/home_desk\/wp-json\/wp\/v2\/posts\/49615\/revisions"}],"wp:featuredmedia":[{"embeddable":true,"href":"https:\/\/imagazine.it\/home_desk\/wp-json\/wp\/v2\/media\/49616"}],"wp:attachment":[{"href":"https:\/\/imagazine.it\/home_desk\/wp-json\/wp\/v2\/media?parent=49615"}],"wp:term":[{"taxonomy":"category","embeddable":true,"href":"https:\/\/imagazine.it\/home_desk\/wp-json\/wp\/v2\/categories?post=49615"},{"taxonomy":"post_tag","embeddable":true,"href":"https:\/\/imagazine.it\/home_desk\/wp-json\/wp\/v2\/tags?post=49615"}],"curies":[{"name":"wp","href":"https:\/\/api.w.org\/{rel}","templated":true}]}}