{"id":49575,"date":"2023-07-06T00:00:00","date_gmt":"2023-07-05T22:00:00","guid":{"rendered":"https:\/\/imagazine.it\/luomo-senza-colpa\/"},"modified":"2023-07-06T00:00:00","modified_gmt":"2023-07-05T22:00:00","slug":"luomo-senza-colpa","status":"publish","type":"post","link":"https:\/\/imagazine.it\/home_desk\/luomo-senza-colpa\/","title":{"rendered":"L&#8217;uomo senza colpa"},"content":{"rendered":"<p> \tMONFALCONE &#8211; In Friuli Venezia Giulia \u00e8 il regista del momento. E proprio nella sua terra <u><a href=\"https:\/\/crossborderfilmschool.org\/name-item\/ivan-gergolet\/\" target=\"_blank\" rel=\"noopener\"><span style=\"color:#0000cd;\"><strong>Ivan Gergolet <\/strong><\/span><\/a><\/u>ha trovato la chiave per la propria carriera di autore. Come ci racconta in questa intervista esclusiva.<\/p>\n<p> \t<strong>Ivan Gergolet, si aspettava il successo di critica riscontrato dal suo film <\/strong><u><a href=\"https:\/\/www.mymovies.it\/film\/2022\/luomo-senza-colpa\/\" target=\"_blank\" rel=\"noopener\"><span style=\"color:#0000cd;\"><strong><em>L\u2019uomo senza colpa<\/em><\/strong><\/span><\/a><\/u><strong>?<\/strong><\/p>\n<p> \t\u00abEro consapevole di aver fatto un buon lavoro, nel senso che \u00e8 uscito esattamente il film che avevo in mente. Ma il tenore delle recensioni va ben oltre quello che immaginavo e quindi sono felice che un pubblico tanto ostico come i critici cinematografici abbiano capito il film\u00bb.<\/p>\n<p> \t<strong>Per un monfalconese cosa significa realizzare un film sulle morti da amianto?<\/strong><\/p>\n<p> \t\u00abSignifica ridare voce e dignit\u00e0 a un territorio tanto colpito da questo disastro che non \u00e8 solo sanitario, ma anche storico e politico. C\u2019\u00e8 chi si \u00e8 sottratto al dovere di proteggere (e spesso anche di proteggersi) da un pericolo noto\u00bb.<\/p>\n<p> \t<strong>I suoi concittadini come hanno reagito a questo film?<\/strong><\/p>\n<p> \t\u00abHo visto molta commozione e gratitudine. Ma conosco anche persone che non se la sentono ancora di guardarlo. Questo la dice lunga sull\u2019impatto emotivo che questo film pu\u00f2 avere, ma ciononostante li invito ad andare al cinema. Potrebbe essere un\u2019esperienza almeno parzialmente liberatoria\u00bb.<\/p>\n<p> \t<strong><em>L\u2019uomo senza colpa <\/em><\/strong><strong>la sta conducendo alla ribalta nazionale, con riconoscimenti giunti da festival e concorsi di diverse regioni italiane: se lo aspettava?<\/strong><\/p>\n<p> \t\u00abConosco abbastanza bene il mondo dei festival da sapere che i premi sono una lotteria. Perch\u00e9 alla fine si tratta di cinema e non di matematica. Alla fine tutto si basa sul gusto e la sensibilit\u00e0 individuale. Ci\u00f2 detto il Premio alla regia \u201cEttore Scola\u201d \u00e8 stato una tappa importante per la vita di questo film\u00bb.<\/p>\n<p> \t<strong>Lei ha iniziato a lavorare a livello professionale nel mondo dell\u2019audiovisivo nel 2006. Una lunga gavetta prima del successo di oggi. Quali sono le difficolt\u00e0 nel lavorare in questo settore?<\/strong><\/p>\n<p> \t\u00abIl cinema \u00e8 un\u2019arte collettiva. Bisogna saper mettere insieme tante teste diverse, tanti caratteri contrapposti e tante sensibilit\u00e0 spesso distanti. E tutti devono spingere il carro nella stessa direzione. Bisogna saper fare un passo indietro come singoli e dedicarsi al gruppo. Chi non impara a farlo non lavorer\u00e0 mai su un set\u00bb.<\/p>\n<p> \t<strong>Nel 2014 il suo <\/strong><strong><em>Dancing with Maria <\/em><\/strong><strong>\u00e8 stato il primo documentario mai selezionato all\u2019interno della Settimana Internazionale della Critica alla 71\u00aa Mostra del Cinema di Venezia: era il preludio dell\u2019exploit di un grande regista?<\/strong><\/p>\n<p> \t\u00ab<em>Dancing with Maria <\/em>\u00e8 stata una lunga e bella parentesi mentre gi\u00e0 stavo lavorando alla sceneggiatura de <em>L\u2019uomo senza colpa<\/em>. \u00c8 stata un\u2019esperienza indimenticabile che mi ha formato come cineasta e mi ha insegnato come stare al mondo con una telecamera in mano. Come quando si dice di un calciatore che ha la posizione, che sa sempre dove mettersi in campo\u00bb.<\/p>\n<p> \t<strong>Ivan Gergolet cosa desidera trasmettere attraverso le sue opere?<\/strong><\/p>\n<p> \t\u00abMi interessa scoprire storie non raccontate che possono parlare a tutti, in cui possiamo trovare un significato importante per noi anche se non ci riguardano direttamente. Mi interessano i personaggi anche sconosciuti che possono guidarci a comprendere un po\u2019 di pi\u00f9 quel grande caos che \u00e8 la vita\u00bb.<\/p>\n<p> \t<strong>Quali sono le caratteristiche che lei ricerca negli attori chiamati a recitare nei suoi film?<\/strong><\/p>\n<p> \t\u00abFondamentalmente tre cose. Dedizione, ascolto e coraggio. Non sono una persona che crede nel talento, che s\u00ec esiste, ma \u00e8 sopravvalutato. I migliori attori che ho conosciuto sono semplicemente persone che studiano tantissimo. Che sanno ascoltare e che non hanno paura di sbagliare\u00bb.<\/p>\n<p> \t<strong>Fare cinema in un territorio piccolo come il Friuli Venezia Giulia \u00e8 uno svantaggio o un vantaggio rispetto ai contesti delle grandi citt\u00e0?<\/strong><\/p>\n<p> \t\u00abPer me \u00e8 stata la chiave che mi ha permesso di cominciare una carriera di autore. A Roma non sarebbe stato impossibile, ma sicuramente pi\u00f9 complicato. Dopo gli studi all\u2019Universit\u00e0 a Bologna, quando era chiaro per me che volevo lavorare nel cinema \u2013 e non necessariamente come regista \u2013, i casi della vita mi hanno riportato in regione. E stava nascendo un mondo nuovo dal punto di vista della produzione cinematografica. Ora si \u00e8 tutto consolidato e possiamo dire a pieno titolo che viviamo in una regione di cinema\u00bb.<\/p>\n<p> \t<strong>Tra gli attori e i registi del nostro territorio, chi sono quelli che stima maggiormente?<\/strong><\/p>\n<p> \t\u00abNe stimo molti, ma ne citer\u00f2 uno solo, perch\u00e9 \u00e8 la persona da cui ho imparato di pi\u00f9 lavorando al suo fianco e a cui sono legato da una lunga amicizia: <u><a href=\"https:\/\/www.imagazine.it\/notizie-trieste-gorizia-udine-friuli\/8662\" target=\"_blank\" rel=\"noopener\"><span style=\"color:#0000cd;\">il regista triestino Davide Del Degan<\/span><\/a><\/u>\u00bb.<\/p>\n<p> \t<strong>Quali sono i prossimi progetti cinematografici a cui si dedicher\u00e0 Ivan Gergolet?<\/strong><\/p>\n<p> \t\u00abMi sono rimesso a scrivere e ho molte idee. In generale mi piace sempre l\u2019idea di saltare da palo in frasca. Ancora non so di preciso quale di queste idee sar\u00e0 la prima a diventare un film. Di solito \u00e8 quella che costa di meno\u2026 Ma non necessariamente\u00bb.<\/p>\n<p> \t<strong>Il Friuli Venezia Giulia viene scelto con sempre maggiore frequenza come set per serie tv e film. In quali luoghi della regione le piacerebbe girare il suo prossimo film?<\/strong><\/p>\n<p> \t\u00abMi faccio guidare sempre dalla storia e noi qui ne abbiamo tantissime. Siamo una regione ad altissima \u201cbiodiversit\u00e0 culturale\u201d e questa \u00e8 una ricchezza che il cinema, il teatro, la letteratura e l\u2019arte in generale aiutano a scoprire e a preservare. Quindi come sempre sar\u00e0 la storia a scegliere il suo set\u00bb.<\/p>\n<p> \t<strong>Lasciamo da parte per un attimo il cinema: quali sono le altre passioni nella vita di Ivan Gergolet?<\/strong><\/p>\n<p> \t\u00abIn questo periodo mi sto dedicando molto alla musica suonando il basso con Los Ekekos, il gruppo che abbiamo fondato per salvarci dalla depressione da pandemia. Suoniamo una variante psichedelica della cumbia latinoamericana e veniamo tutti dal cinema, nel senso che ci siamo conosciuti lavorando sui set per poi cominciare a suonare insieme. Ora stiamo finendo il nostro primo disco che si chiamer\u00e0 <em>Cumbia en la selva nueva<\/em>. Suonare \u00e8 una grande liberazione perch\u00e9 vivi un\u2019emozione immediata assieme al pubblico. E compensa tutte le fatiche e le complicazioni di un set\u00bb.<\/p>\n<p> \t\u00a0<\/p>\n","protected":false},"excerpt":{"rendered":"<p>L&#8217;opera del regista monfalconese affronta le morti a causa dell\u2019amianto. \u00abHo voluto ridare voce e dignit\u00e0 a un territorio tanto colpito da questo disastro sanitario, storico e politico\u00bb<\/p>\n","protected":false},"author":22,"featured_media":49576,"comment_status":"closed","ping_status":"closed","sticky":false,"template":"","format":"standard","meta":{"dwc-title":[],"dwc-content":[],"footnotes":""},"categories":[37],"tags":[],"class_list":["post-49575","post","type-post","status-publish","format-standard","has-post-thumbnail","hentry","category-cultura-e-spettacolo"],"rttpg_featured_image_url":{"full":["https:\/\/imagazine.it\/wp-content\/uploads\/2024\/02\/53745-1.webp",1000,673,false],"landscape":["https:\/\/imagazine.it\/wp-content\/uploads\/2024\/02\/53745-1.webp",1000,673,false],"portraits":["https:\/\/imagazine.it\/wp-content\/uploads\/2024\/02\/53745-1.webp",1000,673,false],"thumbnail":["https:\/\/imagazine.it\/wp-content\/uploads\/2024\/02\/53745-1-150x150.webp",150,150,true],"medium":["https:\/\/imagazine.it\/wp-content\/uploads\/2024\/02\/53745-1-300x202.webp",300,202,true],"large":["https:\/\/imagazine.it\/wp-content\/uploads\/2024\/02\/53745-1.webp",640,431,false],"thumblist":["https:\/\/imagazine.it\/wp-content\/uploads\/2024\/02\/53745-1-300x300.webp",300,300,true],"thumbrelated":["https:\/\/imagazine.it\/wp-content\/uploads\/2024\/02\/53745-1-500x500.webp",500,500,true],"meccarouselthumb":["https:\/\/imagazine.it\/wp-content\/uploads\/2024\/02\/53745-1-474x324.webp",474,324,true],"gridsquare":["https:\/\/imagazine.it\/wp-content\/uploads\/2024\/02\/53745-1-391x260.webp",391,260,true],"tileview":["https:\/\/imagazine.it\/wp-content\/uploads\/2024\/02\/53745-1-300x400.webp",300,400,true],"1536x1536":["https:\/\/imagazine.it\/wp-content\/uploads\/2024\/02\/53745-1.webp",1000,673,false],"2048x2048":["https:\/\/imagazine.it\/wp-content\/uploads\/2024\/02\/53745-1.webp",1000,673,false],"newsup-slider-full":["https:\/\/imagazine.it\/wp-content\/uploads\/2024\/02\/53745-1.webp",1000,673,false],"newsup-featured":["https:\/\/imagazine.it\/wp-content\/uploads\/2024\/02\/53745-1.webp",1000,673,false],"newsup-medium":["https:\/\/imagazine.it\/wp-content\/uploads\/2024\/02\/53745-1-720x380.webp",720,380,true],"tptn_thumbnail":["https:\/\/imagazine.it\/wp-content\/uploads\/2024\/02\/53745-1.webp",250,168,false],"sow-carousel-default":["https:\/\/imagazine.it\/wp-content\/uploads\/2024\/02\/53745-1.webp",270,182,false]},"rttpg_author":{"display_name":"Livio Nonis","author_link":"https:\/\/imagazine.it\/home_desk\/author\/nonis\/"},"rttpg_comment":0,"rttpg_category":"<a href=\"https:\/\/imagazine.it\/home_desk\/category\/cultura-e-spettacolo\/\" rel=\"category tag\">CULTURA&amp;SPETTACOLO<\/a>","rttpg_excerpt":"L'opera del regista monfalconese affronta le morti a causa dell\u2019amianto. \u00abHo voluto ridare voce e dignit\u00e0 a un territorio tanto colpito da questo disastro sanitario, storico e politico\u00bb","_links":{"self":[{"href":"https:\/\/imagazine.it\/home_desk\/wp-json\/wp\/v2\/posts\/49575","targetHints":{"allow":["GET"]}}],"collection":[{"href":"https:\/\/imagazine.it\/home_desk\/wp-json\/wp\/v2\/posts"}],"about":[{"href":"https:\/\/imagazine.it\/home_desk\/wp-json\/wp\/v2\/types\/post"}],"author":[{"embeddable":true,"href":"https:\/\/imagazine.it\/home_desk\/wp-json\/wp\/v2\/users\/22"}],"replies":[{"embeddable":true,"href":"https:\/\/imagazine.it\/home_desk\/wp-json\/wp\/v2\/comments?post=49575"}],"version-history":[{"count":0,"href":"https:\/\/imagazine.it\/home_desk\/wp-json\/wp\/v2\/posts\/49575\/revisions"}],"wp:featuredmedia":[{"embeddable":true,"href":"https:\/\/imagazine.it\/home_desk\/wp-json\/wp\/v2\/media\/49576"}],"wp:attachment":[{"href":"https:\/\/imagazine.it\/home_desk\/wp-json\/wp\/v2\/media?parent=49575"}],"wp:term":[{"taxonomy":"category","embeddable":true,"href":"https:\/\/imagazine.it\/home_desk\/wp-json\/wp\/v2\/categories?post=49575"},{"taxonomy":"post_tag","embeddable":true,"href":"https:\/\/imagazine.it\/home_desk\/wp-json\/wp\/v2\/tags?post=49575"}],"curies":[{"name":"wp","href":"https:\/\/api.w.org\/{rel}","templated":true}]}}