{"id":49569,"date":"2023-07-06T00:00:00","date_gmt":"2023-07-05T22:00:00","guid":{"rendered":"https:\/\/imagazine.it\/calcio-ecco-la-nuova-pro-gorizia\/"},"modified":"2023-07-06T00:00:00","modified_gmt":"2023-07-05T22:00:00","slug":"calcio-ecco-la-nuova-pro-gorizia","status":"publish","type":"post","link":"https:\/\/imagazine.it\/home_desk\/calcio-ecco-la-nuova-pro-gorizia\/","title":{"rendered":"Calcio, ecco la nuova Pro Gorizia"},"content":{"rendered":"<p> \tGORIZIA \u2013 Svelata allo stadio \u201cEnzo Bearzot\u201d di Campagnuzza la nuova prima squadra della Pro Gorizia che disputer\u00e0 il campionato di Eccellenza.<\/p>\n<p> \tUn organico giovane e per larga parte rinnovato rispetto alla passata stagione quello costruito dalla societ\u00e0 e in particolare dal direttore sportivo <strong>Maurizio Inglese<\/strong>, e messo a disposizione dell\u2019allenatore <strong>Luigino Sandrin<\/strong>.<\/p>\n<p> \tMister Sandrin, che arriva a Gorizia dopo gli anni al San Luigi, sar\u00e0 assistito nel lavoro quotidiano da uno staff di collaboratori composto da: <strong>Carlo Gaggioli<\/strong> (preparatore atletico), <strong>Ramon Vittor<\/strong> (allenatore dei portieri), <strong>Sestan<\/strong> (vice-allenatore), <strong>Damiano Gobbo<\/strong> (team manager), <strong>Fabio Rosolin<\/strong> (massaggiatore) e <strong>Alessandro Giacomelli<\/strong>.<\/p>\n<p> \tTra i giocatori, rispetto alla <strong>rosa della passata stagione<\/strong> rimangono alla Pro Gorizia:<strong> Jacopo Grion, Ciro Lucheo, Mattia Samotti, Luca Piscopo, Simone Duca, Francesco Bruno, Ziga Podgornik, Patrick Sambo, Luca Predan, Giacomo Franco, Pietro Mosetti e Heron Forchiassin.<\/strong><strong> Del gruppo far\u00e0 parte anche Antonino Catania<\/strong><strong>, una volta recuperato dall\u2019infortunio della passata stagione.<\/strong><\/p>\n<p> \tI nuovi arrivi sono: <strong>Davide Zwolf<\/strong> (1994 dal Lavarian Mortean), <strong>Tommaso Grassi<\/strong> (2004 dal Brian Lignano), <strong>Emanuele Politti<\/strong> (1987 dal Mestre con un passato all\u2019Udinese), <strong>Mattia Tuccia<\/strong> (1996 dal San Luigi), <strong>Filippo Lavanga<\/strong> (2005 dalla Cormonese), <strong>Rok Grudina <\/strong>(1994 dal Torviscosa), <strong>Gabriele Boschetti<\/strong> (2003 dal San Luigi), <strong>Simone Contento<\/strong> (2000 dal Brian Lignano), <strong>Nicol\u00f2 Del Fabro<\/strong> (2002 dalla Forum Julii), <strong>Francesco Lombardo<\/strong> (2004 dalla Pro Romans), <strong>Riccardo Comisso<\/strong> (2001 dalla Forum Julii), <strong>Edison Hoti<\/strong> (1996 dalla Juventina), <strong>Tommaso Blasizza<\/strong> (2005 dal Torviscosa), <strong>Davide Cocetta<\/strong> (2004 dal Cjarlins Muzane).<\/p>\n<p> \tIl mercato biancazzurro, non si esaurisce qui: attualmente sono ancora in corso alcune trattative per rinforzare ulteriormente la rosa della Pro Gorizia.<\/p>\n<p> \tPrimo appuntamento ufficiale della stagione sar\u00e0 gioved\u00ec 27 luglio con i test fisici che precederanno il raduno di <strong>luned\u00ec 31 luglio<\/strong>.<\/p>\n<p> \t\u00a0<\/p>\n","protected":false},"excerpt":{"rendered":"<p>Possibile l&#8217;arrivo ancora di altri innesti da mettere a disposizione dell&#8217;allenatore Luigino Sandrin. Raduno fissato per il 31 luglio<\/p>\n","protected":false},"author":28,"featured_media":49570,"comment_status":"closed","ping_status":"closed","sticky":false,"template":"","format":"standard","meta":{"dwc-title":[],"dwc-content":[],"footnotes":""},"categories":[38],"tags":[],"class_list":["post-49569","post","type-post","status-publish","format-standard","has-post-thumbnail","hentry","category-sport"],"rttpg_featured_image_url":{"full":["https:\/\/imagazine.it\/wp-content\/uploads\/2024\/02\/53733-1.webp",1000,750,false],"landscape":["https:\/\/imagazine.it\/wp-content\/uploads\/2024\/02\/53733-1.webp",1000,750,false],"portraits":["https:\/\/imagazine.it\/wp-content\/uploads\/2024\/02\/53733-1.webp",1000,750,false],"thumbnail":["https:\/\/imagazine.it\/wp-content\/uploads\/2024\/02\/53733-1-150x150.webp",150,150,true],"medium":["https:\/\/imagazine.it\/wp-content\/uploads\/2024\/02\/53733-1-300x225.webp",300,225,true],"large":["https:\/\/imagazine.it\/wp-content\/uploads\/2024\/02\/53733-1.webp",640,480,false],"thumblist":["https:\/\/imagazine.it\/wp-content\/uploads\/2024\/02\/53733-1-300x300.webp",300,300,true],"thumbrelated":["https:\/\/imagazine.it\/wp-content\/uploads\/2024\/02\/53733-1-500x500.webp",500,500,true],"meccarouselthumb":["https:\/\/imagazine.it\/wp-content\/uploads\/2024\/02\/53733-1-474x324.webp",474,324,true],"gridsquare":["https:\/\/imagazine.it\/wp-content\/uploads\/2024\/02\/53733-1-391x260.webp",391,260,true],"tileview":["https:\/\/imagazine.it\/wp-content\/uploads\/2024\/02\/53733-1-300x400.webp",300,400,true],"1536x1536":["https:\/\/imagazine.it\/wp-content\/uploads\/2024\/02\/53733-1.webp",1000,750,false],"2048x2048":["https:\/\/imagazine.it\/wp-content\/uploads\/2024\/02\/53733-1.webp",1000,750,false],"newsup-slider-full":["https:\/\/imagazine.it\/wp-content\/uploads\/2024\/02\/53733-1-1000x720.webp",1000,720,true],"newsup-featured":["https:\/\/imagazine.it\/wp-content\/uploads\/2024\/02\/53733-1.webp",1000,750,false],"newsup-medium":["https:\/\/imagazine.it\/wp-content\/uploads\/2024\/02\/53733-1-720x380.webp",720,380,true],"tptn_thumbnail":["https:\/\/imagazine.it\/wp-content\/uploads\/2024\/02\/53733-1.webp",250,188,false],"sow-carousel-default":["https:\/\/imagazine.it\/wp-content\/uploads\/2024\/02\/53733-1.webp",243,182,false]},"rttpg_author":{"display_name":"redazione","author_link":"https:\/\/imagazine.it\/home_desk\/author\/redazione\/"},"rttpg_comment":0,"rttpg_category":"<a href=\"https:\/\/imagazine.it\/home_desk\/category\/sport\/\" rel=\"category tag\">SPORT<\/a>","rttpg_excerpt":"Possibile l'arrivo ancora di altri innesti da mettere a disposizione dell'allenatore Luigino Sandrin. Raduno fissato per il 31 luglio","_links":{"self":[{"href":"https:\/\/imagazine.it\/home_desk\/wp-json\/wp\/v2\/posts\/49569","targetHints":{"allow":["GET"]}}],"collection":[{"href":"https:\/\/imagazine.it\/home_desk\/wp-json\/wp\/v2\/posts"}],"about":[{"href":"https:\/\/imagazine.it\/home_desk\/wp-json\/wp\/v2\/types\/post"}],"author":[{"embeddable":true,"href":"https:\/\/imagazine.it\/home_desk\/wp-json\/wp\/v2\/users\/28"}],"replies":[{"embeddable":true,"href":"https:\/\/imagazine.it\/home_desk\/wp-json\/wp\/v2\/comments?post=49569"}],"version-history":[{"count":0,"href":"https:\/\/imagazine.it\/home_desk\/wp-json\/wp\/v2\/posts\/49569\/revisions"}],"wp:featuredmedia":[{"embeddable":true,"href":"https:\/\/imagazine.it\/home_desk\/wp-json\/wp\/v2\/media\/49570"}],"wp:attachment":[{"href":"https:\/\/imagazine.it\/home_desk\/wp-json\/wp\/v2\/media?parent=49569"}],"wp:term":[{"taxonomy":"category","embeddable":true,"href":"https:\/\/imagazine.it\/home_desk\/wp-json\/wp\/v2\/categories?post=49569"},{"taxonomy":"post_tag","embeddable":true,"href":"https:\/\/imagazine.it\/home_desk\/wp-json\/wp\/v2\/tags?post=49569"}],"curies":[{"name":"wp","href":"https:\/\/api.w.org\/{rel}","templated":true}]}}