{"id":49563,"date":"2023-07-05T00:00:00","date_gmt":"2023-07-04T22:00:00","guid":{"rendered":"https:\/\/imagazine.it\/fragole-selvatiche-per-difendere-colture-agricole\/"},"modified":"2023-07-05T00:00:00","modified_gmt":"2023-07-04T22:00:00","slug":"fragole-selvatiche-per-difendere-colture-agricole","status":"publish","type":"post","link":"https:\/\/imagazine.it\/home_desk\/fragole-selvatiche-per-difendere-colture-agricole\/","title":{"rendered":"Fragole selvatiche per difendere colture agricole"},"content":{"rendered":"<p> \tUDINE \u2013 <strong>Contribuire a migliorare le difese naturali delle fragole coltivate<\/strong> studiando il ruolo del lievito <em>Aureobasidium pullulans<\/em>, microrganismo che cresce sopra (epifita) le fragole selvatiche (Fragaria vesca), diffuse in tutta Europa.<\/p>\n<p> \t\u00c8 l\u2019obiettivo di un <strong>progetto biennale<\/strong> che l\u2019<strong>Universit\u00e0 di Udine <\/strong>sta conducendo <strong>assieme alla Swedish University of Agricultural Sciences di Alnarp<\/strong> (Svezia). La ricerca (\u201cPlant-pathogen-bodyguard interactions across the European continent\u201d) \u00e8 promossa dalla Fondazione Carl Triggers di Stoccolma. L\u2019Ateneo friulano lavora al progetto con il gruppo di Patologia delle piante, del Dipartimento di Scienze agroalimentari, ambientali e animali, coordinato da <strong>Alessandra Di Francesco<\/strong>.<\/p>\n<p> \t<strong>La ricerca<\/strong><\/p>\n<p> \tLe fragole selvatiche, o fragoline di bosco, crescono in quasi tutto il continente e sono spesso minacciate da patogeni microbici. Raccolte a campione in diversi siti europei, saranno sottoposte a controlli per verificare la loro resistenza a microrganismi fitopatogeni. Al contempo, saranno isolati e studiati ceppi del lievito, che \u00e8 dotato di capacit\u00e0 antagonistiche nei confronti di fitopatogeni. Lo scopo finale \u00e8 quello di selezionare i migliori ceppi da poter proporre come principio attivo di \u201cbioformulati\u201d da applicare in agricoltura. I bioformulati sono prodotti contenenti microrganismi selezionati utilizzabili per la protezione delle piante, in alternativa all\u2019utilizzo di prodotti chimici.<\/p>\n<p> \t<strong>I meccanismi <\/strong><\/p>\n<p> \tIl progetto studier\u00e0 la resistenza delle piante di fragola collezionate a patogeni fungini, nonch\u00e9 l\u2019efficacia e la diversit\u00e0 dei diversi ceppi di lievito isolati dalle stesse. Questo aiuter\u00e0 a capire anche come evolvono le associazioni pianta-microrganismi fornendo informazioni utili su come ottimizzare la protezione naturale delle colture per le specie coltivate di fragola.<\/p>\n<p> \t<strong>La \u201cguardia del corpo\u201d microbica<\/strong><\/p>\n<p> \tLe fragole sono minacciate, in particolare, dalla muffa grigia e dall\u2019antracnosi, malattia fungina che genera macchie scure su foglie e steli. Fortunatamente, alcuni microrganismi epifiti possono fungere da \u201cguardia del corpo\u201d di queste piante contro alcune malattie attraverso l\u2019attivazione di diversi meccanismi d\u2019azione. Come l\u2019<em>Aureobasidium pullulans<\/em>, noto anche come \u201c<em>black yeast\u201d, <\/em>lievito nero, conosciuto per fungere da <em>bodyguard<\/em> di diverse specie vegetali, tra cui le fragole.<\/p>\n<p> \t\u00a0<\/p>\n","protected":false},"excerpt":{"rendered":"<p>Campionamento in tutta Europa per lo studio sul \u201clievito nero\u201d, la \u201cguardia del corpo\u201d di diverse specie vegetali<\/p>\n","protected":false},"author":28,"featured_media":49564,"comment_status":"closed","ping_status":"closed","sticky":false,"template":"","format":"standard","meta":{"dwc-title":[],"dwc-content":[],"footnotes":""},"categories":[6],"tags":[],"class_list":["post-49563","post","type-post","status-publish","format-standard","has-post-thumbnail","hentry","category-societa"],"rttpg_featured_image_url":{"full":["https:\/\/imagazine.it\/wp-content\/uploads\/2024\/02\/53726-1.webp",960,720,false],"landscape":["https:\/\/imagazine.it\/wp-content\/uploads\/2024\/02\/53726-1.webp",960,720,false],"portraits":["https:\/\/imagazine.it\/wp-content\/uploads\/2024\/02\/53726-1.webp",960,720,false],"thumbnail":["https:\/\/imagazine.it\/wp-content\/uploads\/2024\/02\/53726-1-150x150.webp",150,150,true],"medium":["https:\/\/imagazine.it\/wp-content\/uploads\/2024\/02\/53726-1-300x225.webp",300,225,true],"large":["https:\/\/imagazine.it\/wp-content\/uploads\/2024\/02\/53726-1.webp",640,480,false],"thumblist":["https:\/\/imagazine.it\/wp-content\/uploads\/2024\/02\/53726-1-300x300.webp",300,300,true],"thumbrelated":["https:\/\/imagazine.it\/wp-content\/uploads\/2024\/02\/53726-1-500x500.webp",500,500,true],"meccarouselthumb":["https:\/\/imagazine.it\/wp-content\/uploads\/2024\/02\/53726-1-474x324.webp",474,324,true],"gridsquare":["https:\/\/imagazine.it\/wp-content\/uploads\/2024\/02\/53726-1-391x260.webp",391,260,true],"tileview":["https:\/\/imagazine.it\/wp-content\/uploads\/2024\/02\/53726-1-300x400.webp",300,400,true],"1536x1536":["https:\/\/imagazine.it\/wp-content\/uploads\/2024\/02\/53726-1.webp",960,720,false],"2048x2048":["https:\/\/imagazine.it\/wp-content\/uploads\/2024\/02\/53726-1.webp",960,720,false],"newsup-slider-full":["https:\/\/imagazine.it\/wp-content\/uploads\/2024\/02\/53726-1.webp",960,720,false],"newsup-featured":["https:\/\/imagazine.it\/wp-content\/uploads\/2024\/02\/53726-1.webp",960,720,false],"newsup-medium":["https:\/\/imagazine.it\/wp-content\/uploads\/2024\/02\/53726-1-720x380.webp",720,380,true],"tptn_thumbnail":["https:\/\/imagazine.it\/wp-content\/uploads\/2024\/02\/53726-1.webp",250,188,false],"sow-carousel-default":["https:\/\/imagazine.it\/wp-content\/uploads\/2024\/02\/53726-1.webp",243,182,false]},"rttpg_author":{"display_name":"redazione","author_link":"https:\/\/imagazine.it\/home_desk\/author\/redazione\/"},"rttpg_comment":0,"rttpg_category":"<a href=\"https:\/\/imagazine.it\/home_desk\/category\/societa\/\" rel=\"category tag\">SOCIET\u00c0<\/a>","rttpg_excerpt":"Campionamento in tutta Europa per lo studio sul \u201clievito nero\u201d, la \u201cguardia del corpo\u201d di diverse specie vegetali","_links":{"self":[{"href":"https:\/\/imagazine.it\/home_desk\/wp-json\/wp\/v2\/posts\/49563","targetHints":{"allow":["GET"]}}],"collection":[{"href":"https:\/\/imagazine.it\/home_desk\/wp-json\/wp\/v2\/posts"}],"about":[{"href":"https:\/\/imagazine.it\/home_desk\/wp-json\/wp\/v2\/types\/post"}],"author":[{"embeddable":true,"href":"https:\/\/imagazine.it\/home_desk\/wp-json\/wp\/v2\/users\/28"}],"replies":[{"embeddable":true,"href":"https:\/\/imagazine.it\/home_desk\/wp-json\/wp\/v2\/comments?post=49563"}],"version-history":[{"count":0,"href":"https:\/\/imagazine.it\/home_desk\/wp-json\/wp\/v2\/posts\/49563\/revisions"}],"wp:featuredmedia":[{"embeddable":true,"href":"https:\/\/imagazine.it\/home_desk\/wp-json\/wp\/v2\/media\/49564"}],"wp:attachment":[{"href":"https:\/\/imagazine.it\/home_desk\/wp-json\/wp\/v2\/media?parent=49563"}],"wp:term":[{"taxonomy":"category","embeddable":true,"href":"https:\/\/imagazine.it\/home_desk\/wp-json\/wp\/v2\/categories?post=49563"},{"taxonomy":"post_tag","embeddable":true,"href":"https:\/\/imagazine.it\/home_desk\/wp-json\/wp\/v2\/tags?post=49563"}],"curies":[{"name":"wp","href":"https:\/\/api.w.org\/{rel}","templated":true}]}}