{"id":49557,"date":"2023-07-04T00:00:00","date_gmt":"2023-07-03T22:00:00","guid":{"rendered":"https:\/\/imagazine.it\/sonia-bergamasco-conquista-il-premio-casanova\/"},"modified":"2023-07-04T00:00:00","modified_gmt":"2023-07-03T22:00:00","slug":"sonia-bergamasco-conquista-il-premio-casanova","status":"publish","type":"post","link":"https:\/\/imagazine.it\/home_desk\/sonia-bergamasco-conquista-il-premio-casanova\/","title":{"rendered":"Sonia Bergamasco conquista il Premio Casanova"},"content":{"rendered":"<p> \tCAPRIVA DEL FRIULI \u2013<strong> Domenica 9 luglio<\/strong>, in occasione dell\u2019appuntamento con<strong> \u201cGala Callas\u201d<\/strong>, gala sulle note delle pi\u00f9 famose arie interpretate da Maria Callas, in programma al <strong>Piccolo Opera Festival<\/strong> nel contesto poetico e sognante del <strong>Teatro di Verzura del Castello di Spessa<\/strong>, l\u2019<strong>Associazione Amici di Casanova <\/strong>ha l\u2019onore di consegnare il<strong> <em>Premio Giacomo Casanova \u2013 Castello di Spessa<\/em><\/strong> a <strong>Sonia Bergamasco<\/strong>, attrice, regista e artista poliedrica.\u00a0<\/p>\n<p> \tIl <strong>Teatro di Verzura del Castello di Spessa<\/strong>, magnifica location per spettacoli e concerti<em> en plen air, <\/em>adagiata sulla collina e rivolta verso il suggestivo panorama del Collio, ospita, nella <strong>serata di domenica 9 luglio<\/strong>, l&#8217;evento in calendario al Piccolo Opera Festival <strong>\u201cGala Callas\u201d,<\/strong> <strong>un gala con le pi\u00f9 celebri arie interpretate da Maria Callas<\/strong>, nel centenario della nascita della leggendaria cantante greco-statunitense. Il concerto, realizzato in <strong>collaborazione con l\u2019Associazione Amici di Casanova e la Scuola dell\u2019Opera Italiana Fiorenza Cedolins<\/strong>, vedr\u00e0 alternarsi sul palco le giovani e promettenti <strong>soliste Elisa Verzier, Mojca Bitenc e H\u00e9lo\u00efse Koempgen<\/strong>, accompagnate al pianoforte dal <strong>maestro Eric Foster<\/strong>. A conclusione della serata, il pubblico potr\u00e0 assistere all\u2019<strong>attesissima<\/strong> <strong>cerimonia di consegna del <em>Premio Giacomo Casanova \u2013 Castello di Spessa<\/em><\/strong>, promosso dall\u2019Associazione Amici di Casanova. Il riconoscimento sar\u00e0 conferito a <strong>Sonia Bergamasco<\/strong>, attrice, regista, musicista e poetessa, nota sulla scena nazionale e internazionale. A presentare la cerimonia salir\u00e0 sul palco <strong>Gian Paolo Polesini<\/strong>, giornalista, critico cinematografico e televisivo.\u00a0<\/p>\n<p> \t\u00a0<\/p>\n<p> \t<strong>L\u2019ASSOCIAZIONE AMICI DI CASANOVA E IL PREMIO GIACOMO CASANOVA \u2013 CASTELLO DI SPESSA<\/strong><\/p>\n<p> \tIl Castello di Spessa \u00e8 profondamente legato alla<strong> figura di Giacomo Casanova<\/strong>, intellettuale eclettico e rappresentante illustre del panorama culturale del diciottesimo secolo, che nel 1773 fu ospite per un periodo all\u2019interno del Castello. Al suo soggiorno fra le splendide colline del Collio Goriziano Casanova dedic\u00f2 varie pagine della <em>Storia della mia vita<\/em>, la celebre raccolta delle sue memorie, dove elogi\u00f2 le bellezze del paesaggio e i pregi del \u201cvino eccellente\u201d prodotto dal Castello.\u00a0<\/p>\n<p> \tA partire dal 2003, l\u2019<strong>Associazione culturale Amici di Casanova<\/strong> conferisce annualmente il <strong><em>Premio Giacomo Casanova \u2013 Castello di Spessa, <\/em>destinato agli autori che ispirano la propria opera ai valori della libert\u00e0, della tolleranza e dell\u2019apertura alle altre culture.<\/strong> Negli anni, il premio \u00e8 stato assegnato a personalit\u00e0 di spicco del mondo della cultura, dell\u2019arte e dello spettacolo, quali, tra gli altri, la cantante Daniela Barcellona, l\u2019attore Giuseppe Battiston, il saggista Mario Luzzato Fegiz, il critico Quirino Principe, il divulgatore Andrea Segr\u00e8, l\u2019intellettuale Giorgio Pressburger.\u00a0<\/p>\n<p> \tQuest\u2019anno, l\u2019Associazione Amici di Casanova ha l\u2019onore di attribuire il prestigioso riconoscimento a <strong>Sonia Bergamasco<\/strong>. Omaggio non solo alla sua straordinaria carriera di attrice e regista, e al suo lavoro di musicista e autrice, il<em> Premio Giacomo Casanova \u2013 Castello di Spessa<\/em> le <strong>viene conferito in virt\u00f9 della profonda sensibilit\u00e0 che l\u2019attrice ha dimostrato nel suo approccio nei confronti dell\u2019arte e dell\u2019espressione artistica<\/strong>, intesa, nelle sue stesse parole, come un \u201cgesto essenziale [\u2026], che fa bene alla vita e alla comunit\u00e0\u201d. La cerimonia di consegna del premio, presentata dal giornalista e critico cinematografico <strong>Gian Paolo Polesini<\/strong>, sar\u00e0 quindi un momento ideale per celebrare, immersi in un luogo magico, ricco di storia e di suggestione, l&#8217;arte e la bellezza, insieme a un\u2019autrice che, in nome di esse, ha costruito la sua vocazione e il suo mestiere.\u00a0<\/p>\n<p> \t\u00a0<\/p>\n<p> \t<strong>BIOGRAFIA<\/strong><\/p>\n<p> \tSonia Bergamasco, nata a Milano, si diploma in pianoforte presso il Conservatorio Giuseppe Verdi. A teatro lavora con Antonio Latella, Thomas Ostermeier, Jan Fabre, Thodoros Terzopoulos, Carmelo Bene, Giorgio Strehler ed \u00e8 regista e interprete di spettacoli in cui l\u2018esperienza musicale si intreccia pi\u00f9 profondamente con il teatro. Al cinema e in televisione ha lavorato con Liliana Cavani, Bernardo Bertolucci, Giuseppe Bertolucci, Marco Tullio Giordana, Riccardo Milani e Roberta Torre.\u00a0<\/p>\n<p> \tPer il film <em>Quo vado?<\/em>, diretto da Gennaro Nunziante, vince il Premio Flaiano come interprete dell\u2019anno, il Premio Alida Valli come migliore attrice non protagonista al Bari International Film Fest e il Premio CIAK d\u2019oro.\u00a0<\/p>\n<p> \tHa pubblicato la raccolta di poesie <em>Il quaderno<\/em> (La nave di Teseo editore) e il libro <em>Un corpo per tutti. Biografia del mestiere di attrice<\/em> (Giulio Einaudi editore, 2023).<\/p>\n<p> \t\u00a0<\/p>\n","protected":false},"excerpt":{"rendered":"<p>L&#8217;attrice, regista e artista poliedrica lo ritirer\u00e0 al Castello di Spessa nell&#8217;ambito del Piccolo Opera Festival<\/p>\n","protected":false},"author":28,"featured_media":49558,"comment_status":"closed","ping_status":"closed","sticky":false,"template":"","format":"standard","meta":{"dwc-title":[],"dwc-content":[],"footnotes":""},"categories":[37],"tags":[],"class_list":["post-49557","post","type-post","status-publish","format-standard","has-post-thumbnail","hentry","category-cultura-e-spettacolo"],"rttpg_featured_image_url":{"full":["https:\/\/imagazine.it\/wp-content\/uploads\/2024\/02\/53713-1.webp",1000,795,false],"landscape":["https:\/\/imagazine.it\/wp-content\/uploads\/2024\/02\/53713-1.webp",1000,795,false],"portraits":["https:\/\/imagazine.it\/wp-content\/uploads\/2024\/02\/53713-1.webp",1000,795,false],"thumbnail":["https:\/\/imagazine.it\/wp-content\/uploads\/2024\/02\/53713-1-150x150.webp",150,150,true],"medium":["https:\/\/imagazine.it\/wp-content\/uploads\/2024\/02\/53713-1-300x239.webp",300,239,true],"large":["https:\/\/imagazine.it\/wp-content\/uploads\/2024\/02\/53713-1.webp",640,509,false],"thumblist":["https:\/\/imagazine.it\/wp-content\/uploads\/2024\/02\/53713-1-300x300.webp",300,300,true],"thumbrelated":["https:\/\/imagazine.it\/wp-content\/uploads\/2024\/02\/53713-1-500x500.webp",500,500,true],"meccarouselthumb":["https:\/\/imagazine.it\/wp-content\/uploads\/2024\/02\/53713-1-474x324.webp",474,324,true],"gridsquare":["https:\/\/imagazine.it\/wp-content\/uploads\/2024\/02\/53713-1-391x260.webp",391,260,true],"tileview":["https:\/\/imagazine.it\/wp-content\/uploads\/2024\/02\/53713-1-300x400.webp",300,400,true],"1536x1536":["https:\/\/imagazine.it\/wp-content\/uploads\/2024\/02\/53713-1.webp",1000,795,false],"2048x2048":["https:\/\/imagazine.it\/wp-content\/uploads\/2024\/02\/53713-1.webp",1000,795,false],"newsup-slider-full":["https:\/\/imagazine.it\/wp-content\/uploads\/2024\/02\/53713-1-1000x720.webp",1000,720,true],"newsup-featured":["https:\/\/imagazine.it\/wp-content\/uploads\/2024\/02\/53713-1.webp",1000,795,false],"newsup-medium":["https:\/\/imagazine.it\/wp-content\/uploads\/2024\/02\/53713-1-720x380.webp",720,380,true],"tptn_thumbnail":["https:\/\/imagazine.it\/wp-content\/uploads\/2024\/02\/53713-1.webp",250,199,false],"sow-carousel-default":["https:\/\/imagazine.it\/wp-content\/uploads\/2024\/02\/53713-1.webp",229,182,false]},"rttpg_author":{"display_name":"redazione","author_link":"https:\/\/imagazine.it\/home_desk\/author\/redazione\/"},"rttpg_comment":0,"rttpg_category":"<a href=\"https:\/\/imagazine.it\/home_desk\/category\/cultura-e-spettacolo\/\" rel=\"category tag\">CULTURA&amp;SPETTACOLO<\/a>","rttpg_excerpt":"L'attrice, regista e artista poliedrica lo ritirer\u00e0 al Castello di Spessa nell'ambito del Piccolo Opera Festival","_links":{"self":[{"href":"https:\/\/imagazine.it\/home_desk\/wp-json\/wp\/v2\/posts\/49557","targetHints":{"allow":["GET"]}}],"collection":[{"href":"https:\/\/imagazine.it\/home_desk\/wp-json\/wp\/v2\/posts"}],"about":[{"href":"https:\/\/imagazine.it\/home_desk\/wp-json\/wp\/v2\/types\/post"}],"author":[{"embeddable":true,"href":"https:\/\/imagazine.it\/home_desk\/wp-json\/wp\/v2\/users\/28"}],"replies":[{"embeddable":true,"href":"https:\/\/imagazine.it\/home_desk\/wp-json\/wp\/v2\/comments?post=49557"}],"version-history":[{"count":0,"href":"https:\/\/imagazine.it\/home_desk\/wp-json\/wp\/v2\/posts\/49557\/revisions"}],"wp:featuredmedia":[{"embeddable":true,"href":"https:\/\/imagazine.it\/home_desk\/wp-json\/wp\/v2\/media\/49558"}],"wp:attachment":[{"href":"https:\/\/imagazine.it\/home_desk\/wp-json\/wp\/v2\/media?parent=49557"}],"wp:term":[{"taxonomy":"category","embeddable":true,"href":"https:\/\/imagazine.it\/home_desk\/wp-json\/wp\/v2\/categories?post=49557"},{"taxonomy":"post_tag","embeddable":true,"href":"https:\/\/imagazine.it\/home_desk\/wp-json\/wp\/v2\/tags?post=49557"}],"curies":[{"name":"wp","href":"https:\/\/api.w.org\/{rel}","templated":true}]}}