{"id":49531,"date":"2023-06-30T00:00:00","date_gmt":"2023-06-29T22:00:00","guid":{"rendered":"https:\/\/imagazine.it\/la-generosita-di-gorizia-per-gli-alluvionati-dellemilia-romagna\/"},"modified":"2023-06-30T00:00:00","modified_gmt":"2023-06-29T22:00:00","slug":"la-generosita-di-gorizia-per-gli-alluvionati-dellemilia-romagna","status":"publish","type":"post","link":"https:\/\/imagazine.it\/home_desk\/la-generosita-di-gorizia-per-gli-alluvionati-dellemilia-romagna\/","title":{"rendered":"La generosit\u00e0 di Gorizia per gli alluvionati dell&#8217;Emilia-Romagna"},"content":{"rendered":"<p> \tGORIZIA \u2013 Molti goriziani hanno voluto <strong>partecipare alla Tombola Gigante dei Santi Pietro e Paolo<\/strong> che, come tradizione, ha riempito di gente Piazza della Vittoria. Tre i premi assegnati, cinquina (600 euro), prima tombola (1.500 euro) e seconda tombola (400 euro) ad altrettanti cittadini del capoluogo isontino.<\/p>\n<p> \tUn evento che ha permesso di <strong>raccogliere 2.700 euro<\/strong> per finanziare progetti\u00a0<strong>a favore delle persone con disabilit\u00e0 grave dell&#8217;Emilia-Romagna<\/strong>, vittime delle recenti inondazioni, tramite l&#8217;acquisto di gruppi di continuit\u00e0 per i dispositivi di assistenza respiratoria vitale.\u00a0<strong>1.100 sono stati devoluti da Conad<\/strong> grazie ad una donazione dello 0,10% del fatturato dell\u2019ultima settimana e <strong>1.600 euro saranno donati grazie alla generosit\u00e0<\/strong> delle centinaia di partecipanti alla Tombola.<\/p>\n<p> \t\u201cUna serata spettacolare, sia per la grande presenza di pubblico sia per il fine benefico dell\u2019iniziativa. \u00c8 stato un gioved\u00ec di musica, giochi, balli e socialit\u00e0, dedicato alla nostra comunit\u00e0. E in questo siamo riusciti a dare<strong> un concreto aiuto a chi pi\u00f9 soffre.<\/strong>\u00a0Un sincero ringraziamento a tutti coloro che hanno partecipato a tutti i commercianti, che hanno offerto un aiuto nella vendita delle cartelle, e alle locali associazioni legate alla disabilit\u00e0 UILDM di Gorizia, Diritto di Parola e FISH Friuli Venezia Giulia che hanno portato concreta testimonianza\u201d, ha dichiarato <strong>Giorgio Lorenzoni<\/strong>, presidente di Pro Loco Gorizia APS<\/p>\n<p> \tPrima della grande <em>Tombol\u00e0<\/em>, gi\u00e0 dal primo pomeriggio, si sono susseguite le\u00a0<strong>visite guidate alle cripte storiche della Chiesa di Sant&#8217;Ignazio<\/strong>, grazie alla collaborazione del <strong>Centro Ricerche Carsiche &#8220;C. Seppenhofer&#8221;<\/strong>, che hanno coinvolto oltre 120 persone.<\/p>\n<p> \tLa successiva caccia al tesoro ha voluto promuovere i siti meno conosciuti del centro storico cittadino proponendo percorsi alternativi. A questa attivit\u00e0 hanno partecipato decine di bambini. Prima della<strong> Fanfara della Brigata di Cavalleria \u201cPozzuolo del Friuli\u201d <\/strong>e dei saluti istituzionali di Comune di Gorizia, presente il sindaco<strong> Rodolfo Ziberna, della Regione FVG <\/strong>attraverso le parole del consigliere<strong> Diego Bernardis <\/strong>e con la presenza del consigliere<strong> Antonio Calligaris<\/strong>, si sono esibite le ballerine e i ballerini<strong> dell\u2019ASD Movartex<\/strong>.<\/p>\n<p> \tGotombol\u00e0 2023 \u00e8 stato promosso da\u00a0<strong>Pro Loco Gorizia APS e patrocinato dal Comune di Gorizia<\/strong>, con il contributo della Cassa Rurale FVG Gorizia e ha visto la partecipazione delle Associazioni UILDM Gorizia (Unione Italiana Lotta alla Distrofia Muscolare), Diritto di Parola, anch\u2019essa di Gorizia e FISH Friuli Venezia Giulia (Federazione per il Superamento dell\u2019Handicap).<\/p>\n<p> \t\u00a0<\/p>\n","protected":false},"excerpt":{"rendered":"<p>Raccolti 2.700 euro da destinare alle persone con disabilit\u00e0 grave dei territori colpiti dalla recente calamit\u00e0<\/p>\n","protected":false},"author":28,"featured_media":49532,"comment_status":"closed","ping_status":"closed","sticky":false,"template":"","format":"standard","meta":{"dwc-title":[],"dwc-content":[],"footnotes":""},"categories":[5],"tags":[],"class_list":["post-49531","post","type-post","status-publish","format-standard","has-post-thumbnail","hentry","category-attualita"],"rttpg_featured_image_url":{"full":["https:\/\/imagazine.it\/wp-content\/uploads\/2024\/02\/53671-1.webp",2016,1134,false],"landscape":["https:\/\/imagazine.it\/wp-content\/uploads\/2024\/02\/53671-1.webp",2016,1134,false],"portraits":["https:\/\/imagazine.it\/wp-content\/uploads\/2024\/02\/53671-1.webp",2016,1134,false],"thumbnail":["https:\/\/imagazine.it\/wp-content\/uploads\/2024\/02\/53671-1-150x150.webp",150,150,true],"medium":["https:\/\/imagazine.it\/wp-content\/uploads\/2024\/02\/53671-1-300x169.webp",300,169,true],"large":["https:\/\/imagazine.it\/wp-content\/uploads\/2024\/02\/53671-1-1024x576.webp",640,360,true],"thumblist":["https:\/\/imagazine.it\/wp-content\/uploads\/2024\/02\/53671-1-300x300.webp",300,300,true],"thumbrelated":["https:\/\/imagazine.it\/wp-content\/uploads\/2024\/02\/53671-1-500x500.webp",500,500,true],"meccarouselthumb":["https:\/\/imagazine.it\/wp-content\/uploads\/2024\/02\/53671-1-474x324.webp",474,324,true],"gridsquare":["https:\/\/imagazine.it\/wp-content\/uploads\/2024\/02\/53671-1-391x260.webp",391,260,true],"tileview":["https:\/\/imagazine.it\/wp-content\/uploads\/2024\/02\/53671-1-300x400.webp",300,400,true],"1536x1536":["https:\/\/imagazine.it\/wp-content\/uploads\/2024\/02\/53671-1-1536x864.webp",1536,864,true],"2048x2048":["https:\/\/imagazine.it\/wp-content\/uploads\/2024\/02\/53671-1.webp",2016,1134,false],"newsup-slider-full":["https:\/\/imagazine.it\/wp-content\/uploads\/2024\/02\/53671-1-1280x720.webp",1280,720,true],"newsup-featured":["https:\/\/imagazine.it\/wp-content\/uploads\/2024\/02\/53671-1-1024x576.webp",1024,576,true],"newsup-medium":["https:\/\/imagazine.it\/wp-content\/uploads\/2024\/02\/53671-1-720x380.webp",720,380,true],"tptn_thumbnail":["https:\/\/imagazine.it\/wp-content\/uploads\/2024\/02\/53671-1.webp",250,141,false],"sow-carousel-default":["https:\/\/imagazine.it\/wp-content\/uploads\/2024\/02\/53671-1.webp",272,153,false]},"rttpg_author":{"display_name":"redazione","author_link":"https:\/\/imagazine.it\/home_desk\/author\/redazione\/"},"rttpg_comment":0,"rttpg_category":"<a href=\"https:\/\/imagazine.it\/home_desk\/category\/attualita\/\" rel=\"category tag\">ATTUALIT\u00c0<\/a>","rttpg_excerpt":"Raccolti 2.700 euro da destinare alle persone con disabilit\u00e0 grave dei territori colpiti dalla recente calamit\u00e0","_links":{"self":[{"href":"https:\/\/imagazine.it\/home_desk\/wp-json\/wp\/v2\/posts\/49531","targetHints":{"allow":["GET"]}}],"collection":[{"href":"https:\/\/imagazine.it\/home_desk\/wp-json\/wp\/v2\/posts"}],"about":[{"href":"https:\/\/imagazine.it\/home_desk\/wp-json\/wp\/v2\/types\/post"}],"author":[{"embeddable":true,"href":"https:\/\/imagazine.it\/home_desk\/wp-json\/wp\/v2\/users\/28"}],"replies":[{"embeddable":true,"href":"https:\/\/imagazine.it\/home_desk\/wp-json\/wp\/v2\/comments?post=49531"}],"version-history":[{"count":0,"href":"https:\/\/imagazine.it\/home_desk\/wp-json\/wp\/v2\/posts\/49531\/revisions"}],"wp:featuredmedia":[{"embeddable":true,"href":"https:\/\/imagazine.it\/home_desk\/wp-json\/wp\/v2\/media\/49532"}],"wp:attachment":[{"href":"https:\/\/imagazine.it\/home_desk\/wp-json\/wp\/v2\/media?parent=49531"}],"wp:term":[{"taxonomy":"category","embeddable":true,"href":"https:\/\/imagazine.it\/home_desk\/wp-json\/wp\/v2\/categories?post=49531"},{"taxonomy":"post_tag","embeddable":true,"href":"https:\/\/imagazine.it\/home_desk\/wp-json\/wp\/v2\/tags?post=49531"}],"curies":[{"name":"wp","href":"https:\/\/api.w.org\/{rel}","templated":true}]}}