{"id":49527,"date":"2023-06-30T00:00:00","date_gmt":"2023-06-29T22:00:00","guid":{"rendered":"https:\/\/imagazine.it\/grado-salta-il-concerto-di-piero-pelu\/"},"modified":"2023-06-30T00:00:00","modified_gmt":"2023-06-29T22:00:00","slug":"grado-salta-il-concerto-di-piero-pelu","status":"publish","type":"post","link":"https:\/\/imagazine.it\/home_desk\/grado-salta-il-concerto-di-piero-pelu\/","title":{"rendered":"Grado, salta il concerto di Piero Pel\u00f9"},"content":{"rendered":"<p> \tGRADO \u2013 Piero Pel\u00f9 non sar\u00e0 tra i protagonisti dell\u201911\u00aa edizione del <strong>Grado Festival \u2013 Ospiti d\u2019Autore<\/strong>.<\/p>\n<p> \tA causa di problemi di salute che hanno colpito <strong>Piero Pel\u00f9<\/strong>, il concerto che lo avrebbe visto protagonista sulla Diga Nazario Sauro con i suoi Bandidos il prossimo 4 agosto, <strong>\u00e8 annullato<\/strong>, cos\u00ec come l&#8217;intero tour estivo del cantante.<\/p>\n<p> \tPer chi avesse acquistato i <strong>biglietti<\/strong> sar\u00e0 attivato il rimborso, possibile entro e non oltre fino il prossimo 10 agosto su <u><a href=\"http:\/\/www.ticketone.it\" target=\"_blank\" rel=\"noopener\"><span style=\"color:#0000cd;\">www.ticketone.it<\/span><\/a><\/u>.<\/p>\n<p> \tIn sostituzione del mancato concerto di Piero Pel\u00f9 saranno due i nuovi appuntamenti inseriti in calendario del <strong>Grado Festival<\/strong>.<\/p>\n<p> \tIl <u><a href=\"https:\/\/www.imagazine.it\/eventi\/45042\" target=\"_blank\" rel=\"noopener\"><span style=\"color:#0000cd;\"><strong>17 luglio<\/strong> a salire sulla <strong>Diga Nazario Sauro<\/strong> sar\u00e0 <strong>Tony Hadley<\/strong><\/span><\/a><\/u>, icona della musica mondiale, gi\u00e0 leader degli Spandau Ballet, che assieme a <strong>The Fabulous TH Band<\/strong> proporr\u00e0 tutti i successi della sua carriera.<\/p>\n<p> \tLe colonne sonore dei film che hanno emozionato diverse generazioni saranno invece protagoniste del concerto del <u><a href=\"https:\/\/www.imagazine.it\/eventi\/45043\" target=\"_blank\" rel=\"noopener\"><span style=\"color:#0000cd;\"><strong>5 agosto<\/strong>, che vedr\u00e0 protagonista <strong>Andrea Morricone<\/strong><\/span><\/a><\/u>, fra i pi\u00f9 importanti compositori italiani, figlio del M\u00b0 Ennio.<\/p>\n<p> \tLa comunicazione ai fan di <strong>Piero Pel\u00f9<\/strong> sui suoi canali social:<\/p>\n<p> \t<em>\u201cRagazzaccc miei, non avrei mai voluto farvi questa comunicazione ma a questo punto \u00e8 inevitabile. Durante una session di registrazione a Milano ho sub\u00ecto uno shock acustico forte dalle cuffie. Questa cosa ha acutizzato gli acufeni coi quali gi\u00e0 convivevo da molti anni rendendoli ora molto aggressivi e dopo vari controlli, fatti con i migliori otorini d\u2019Italia, ho ricevuto l\u2019unanime comunicazione che avr\u00f2 bisogno di un riposo forzato per le mie orecchie di rocker, dunque, il tour \u201cEstremo\u201d di quest\u2019estate 2023 dovr\u00e0 essere rimandato di alcuni mesi. Sono giorni molto delicati per me che non ho mai rinunciato a nessun live, anche con le costole rotte dopo i miei stage diving, ma devo affrontare questa nuova realt\u00e0 con lucidit\u00e0. Attenzione, questo NON \u00e8 a un addio alle scene ma solo un arrivederci al prima possibile e sappiate che approfitter\u00f2 di questo \u201cperiodo speciale\u201d per avanzare con la composizione e la produzione del nuovo album che mi sta gi\u00e0 dando grandi emozioni. Ringrazio Friends and Partners, tutti i promoter locali e naturalmente le molte migliaia di voi che avevano gi\u00e0 preso i biglietti per il tour. <\/em><\/p>\n<p> \t<em>Un ringraziamento ai Bandidos (Finaz, Luc Mitraglia, Black Dado e Mr.Vudu) per lo strepitoso lavoro musicale che stiamo facendo insieme!<\/em><\/p>\n<p> \t<em>Vi prometto che ci riabbracceremo prima possibile. <\/em><\/p>\n<p> \t<em>I love you ragazzaccc!!!<\/em><\/p>\n<p> \t\u00a0<\/p>\n","protected":false},"excerpt":{"rendered":"<p>Al suo posto in arrivo Tony Hadley, gi\u00e0 leader degli Spandau Ballet, e il figlio di Ennio Morricone per una serata speciale con le grandi musiche da film<\/p>\n","protected":false},"author":28,"featured_media":49528,"comment_status":"closed","ping_status":"closed","sticky":false,"template":"","format":"standard","meta":{"dwc-title":[],"dwc-content":[],"footnotes":""},"categories":[37],"tags":[],"class_list":["post-49527","post","type-post","status-publish","format-standard","has-post-thumbnail","hentry","category-cultura-e-spettacolo"],"rttpg_featured_image_url":{"full":["https:\/\/imagazine.it\/wp-content\/uploads\/2024\/02\/53668-1.webp",1000,667,false],"landscape":["https:\/\/imagazine.it\/wp-content\/uploads\/2024\/02\/53668-1.webp",1000,667,false],"portraits":["https:\/\/imagazine.it\/wp-content\/uploads\/2024\/02\/53668-1.webp",1000,667,false],"thumbnail":["https:\/\/imagazine.it\/wp-content\/uploads\/2024\/02\/53668-1-150x150.webp",150,150,true],"medium":["https:\/\/imagazine.it\/wp-content\/uploads\/2024\/02\/53668-1-300x200.webp",300,200,true],"large":["https:\/\/imagazine.it\/wp-content\/uploads\/2024\/02\/53668-1.webp",640,427,false],"thumblist":["https:\/\/imagazine.it\/wp-content\/uploads\/2024\/02\/53668-1-300x300.webp",300,300,true],"thumbrelated":["https:\/\/imagazine.it\/wp-content\/uploads\/2024\/02\/53668-1-500x500.webp",500,500,true],"meccarouselthumb":["https:\/\/imagazine.it\/wp-content\/uploads\/2024\/02\/53668-1-474x324.webp",474,324,true],"gridsquare":["https:\/\/imagazine.it\/wp-content\/uploads\/2024\/02\/53668-1-391x260.webp",391,260,true],"tileview":["https:\/\/imagazine.it\/wp-content\/uploads\/2024\/02\/53668-1-300x400.webp",300,400,true],"1536x1536":["https:\/\/imagazine.it\/wp-content\/uploads\/2024\/02\/53668-1.webp",1000,667,false],"2048x2048":["https:\/\/imagazine.it\/wp-content\/uploads\/2024\/02\/53668-1.webp",1000,667,false],"newsup-slider-full":["https:\/\/imagazine.it\/wp-content\/uploads\/2024\/02\/53668-1.webp",1000,667,false],"newsup-featured":["https:\/\/imagazine.it\/wp-content\/uploads\/2024\/02\/53668-1.webp",1000,667,false],"newsup-medium":["https:\/\/imagazine.it\/wp-content\/uploads\/2024\/02\/53668-1-720x380.webp",720,380,true],"tptn_thumbnail":["https:\/\/imagazine.it\/wp-content\/uploads\/2024\/02\/53668-1.webp",250,167,false],"sow-carousel-default":["https:\/\/imagazine.it\/wp-content\/uploads\/2024\/02\/53668-1.webp",272,182,false]},"rttpg_author":{"display_name":"redazione","author_link":"https:\/\/imagazine.it\/home_desk\/author\/redazione\/"},"rttpg_comment":0,"rttpg_category":"<a href=\"https:\/\/imagazine.it\/home_desk\/category\/cultura-e-spettacolo\/\" rel=\"category tag\">CULTURA&amp;SPETTACOLO<\/a>","rttpg_excerpt":"Al suo posto in arrivo Tony Hadley, gi\u00e0 leader degli Spandau Ballet, e il figlio di Ennio Morricone per una serata speciale con le grandi musiche da film","_links":{"self":[{"href":"https:\/\/imagazine.it\/home_desk\/wp-json\/wp\/v2\/posts\/49527","targetHints":{"allow":["GET"]}}],"collection":[{"href":"https:\/\/imagazine.it\/home_desk\/wp-json\/wp\/v2\/posts"}],"about":[{"href":"https:\/\/imagazine.it\/home_desk\/wp-json\/wp\/v2\/types\/post"}],"author":[{"embeddable":true,"href":"https:\/\/imagazine.it\/home_desk\/wp-json\/wp\/v2\/users\/28"}],"replies":[{"embeddable":true,"href":"https:\/\/imagazine.it\/home_desk\/wp-json\/wp\/v2\/comments?post=49527"}],"version-history":[{"count":0,"href":"https:\/\/imagazine.it\/home_desk\/wp-json\/wp\/v2\/posts\/49527\/revisions"}],"wp:featuredmedia":[{"embeddable":true,"href":"https:\/\/imagazine.it\/home_desk\/wp-json\/wp\/v2\/media\/49528"}],"wp:attachment":[{"href":"https:\/\/imagazine.it\/home_desk\/wp-json\/wp\/v2\/media?parent=49527"}],"wp:term":[{"taxonomy":"category","embeddable":true,"href":"https:\/\/imagazine.it\/home_desk\/wp-json\/wp\/v2\/categories?post=49527"},{"taxonomy":"post_tag","embeddable":true,"href":"https:\/\/imagazine.it\/home_desk\/wp-json\/wp\/v2\/tags?post=49527"}],"curies":[{"name":"wp","href":"https:\/\/api.w.org\/{rel}","templated":true}]}}