{"id":49511,"date":"2023-06-28T00:00:00","date_gmt":"2023-06-27T22:00:00","guid":{"rendered":"https:\/\/imagazine.it\/cividale-nuova-centrale-operativa-per-la-polizia-locale-di-8-comuni\/"},"modified":"2023-06-28T00:00:00","modified_gmt":"2023-06-27T22:00:00","slug":"cividale-nuova-centrale-operativa-per-la-polizia-locale-di-8-comuni","status":"publish","type":"post","link":"https:\/\/imagazine.it\/home_desk\/cividale-nuova-centrale-operativa-per-la-polizia-locale-di-8-comuni\/","title":{"rendered":"Cividale, nuova centrale operativa per la Polizia Locale di 8 Comuni"},"content":{"rendered":"<p> \tCIVIDALE DEL FRIULI \u2013 Inaugurazione ufficiale luned\u00ec 3 luglio in Largo Martiri delle Foibe a Cividale alle ore 12 per la <strong>nuova Centrale operativa del Corpo della Polizia locale<\/strong> <strong>della Comunit\u00e0 del Friuli Orientale<\/strong>, a cui aderiscono i Comuni di Buttrio, Moimacco, Premariacco, Cividale del Friuli, Prepotto, San Giovanni al Natisone, Remanzacco e Pradamano.<\/p>\n<p> \tUna realt\u00e0 che vanta <strong>30 addetti tra agenti e impiegati amministrativi<\/strong>.<\/p>\n<p> \tLa struttura \u00e8 dotata di <strong>videowall tecnologicamente avanzato<\/strong> da cui sono accessibili i <strong>25 nuovi lettori di targa<\/strong> installati sul territorio e le circa <strong>200 nuove telecamere di sorveglianza<\/strong>, installate sempre negli otto Comuni. All\u2019inaugurazione sar\u00e0 presente l\u2019assessore regionale alla sicurezza <strong>Pierpaolo Roberti<\/strong>, insieme ai sindaci degli otto Comuni, alle autorit\u00e0 politiche e delle forze di Polizia competenti per il territorio in questione, il quale ha un <strong>bacino di circa 36 mila abitanti<\/strong>.\u00a0<\/p>\n<p> \tLa Centrale \u00e8 stata realizzata grazie ai contributi regionali e agli investimenti dei Comuni interessati.<\/p>\n<p> \t\u201cUna sede innovativa e dotata di strumenti tecnologicamente avanzati \u2013 dichiara il presidente della Comunit\u00e0, <strong>Enrico Basaldella<\/strong>, sindaco di Moimacco \u2013, finalizzati alla gestione centralizzata degli operatori di Polizia locale i quali presidiano il territorio, verificano le segnalazioni provenienti dai cittadini, intervengono in caso di sinistri stradali, calamit\u00e0 e ausilio alla viabilit\u00e0. Con questo intervento la Comunit\u00e0 dimostra ancora una volta di pi\u00f9 di essere un ente vicino alle cittadinanze dei Comuni aderenti, rispondendo prontamente alle loro necessit\u00e0 in forma unitaria\u201d.<\/p>\n<p> \tDa non dimenticare infatti che oltre alla Polizia locale la Comunit\u00e0 gestisce i servizi dei Tributi, Personale, SUAP e Ragioneria per i Comuni aderenti. Fulcro del nuovo Comando il citato video wall.<\/p>\n<p> \t\u201cGrazie a questa imponente mole di immagini che fornir\u00e0 \u2013 sottolinea il comandante della Polizia locale della Comunit\u00e0, <strong>Fabiano\u00a0Gallizia<\/strong>\u00a0\u2013, gli operatori di Centrale operativa avranno la possibilit\u00e0 di monitorare in maniera istantanea e contemporaneamente i territori degli otto Comuni oltre a verificare, grazie al nuovo software dei lettori di targa, il movimento dei veicoli tra singoli territori e di verificarne la regolarit\u00e0 di assicurazione e revisione o addirittura di poter individuare veicoli rubati, oltre a gestire le black list di veicoli sospetti come attivit\u00e0 preventiva. Abbiamo predisposto anche un nuovo regolamento che permette di condividere queste utili informazioni anche con le altre Forze dell\u2019ordine, accelerando i tempi di accertamento\u201d.\u00a0<\/p>\n<p> \tLa Centrale operativa sar\u00e0 <strong>attiva ogni giorno dalle 7.45 alle 19<\/strong> nei giorni feriali e durante quelli festivi che vedranno impegnati gli agenti in manifestazioni o eventi<\/p>\n<p> \t\u201cI nostri operatori \u2013 conclude\u00a0Gallizia\u00a0\u2013, inoltre, sono coordinati dalla Centrale operativa grazie anche a un sistema radio, anch\u2019esso finanziato interamente dalla Regione, che permette la geolocalizzazione, in modo che ogni agente e ogni pattuglia sia sempre in contatto con gli altri operatori e con il Comando per qualsiasi necessit\u00e0 e intervento. Questo sistema, gi\u00e0 attivo, ha permesso di gestire anche situazioni non semplici, quali sinistri con feriti gravi e congestione del traffico, eventi atmosferici estremi con decine di richieste di interventi contemporaneamente, chiusura strade e deviazioni. Infine, grazie al recente acquisto del software della Centrale operativa, sar\u00e0 possibile attuare un ulteriore passo verso la digitalizzazione della Pubblica amministrazione in quanto gli operatori esterni sono gi\u00e0 dotati di tablet dove annotano gli interventi eseguiti tramite questi software che li comunica direttamente alla Centrale\u201d.<\/p>\n<p> \t\u00a0<\/p>\n","protected":false},"excerpt":{"rendered":"<p>A servizio della Comunit\u00e0 del Friuli Orientale. Interessati 36mila abitanti: svelato anche il nuovo videowall che connette circa 200 telecamere e 25 lettori di targhe sul territorio<\/p>\n","protected":false},"author":28,"featured_media":49512,"comment_status":"closed","ping_status":"closed","sticky":false,"template":"","format":"standard","meta":{"dwc-title":[],"dwc-content":[],"footnotes":""},"categories":[5],"tags":[],"class_list":["post-49511","post","type-post","status-publish","format-standard","has-post-thumbnail","hentry","category-attualita"],"rttpg_featured_image_url":{"full":["https:\/\/imagazine.it\/wp-content\/uploads\/2024\/02\/53634-1.webp",1000,646,false],"landscape":["https:\/\/imagazine.it\/wp-content\/uploads\/2024\/02\/53634-1.webp",1000,646,false],"portraits":["https:\/\/imagazine.it\/wp-content\/uploads\/2024\/02\/53634-1.webp",1000,646,false],"thumbnail":["https:\/\/imagazine.it\/wp-content\/uploads\/2024\/02\/53634-1-150x150.webp",150,150,true],"medium":["https:\/\/imagazine.it\/wp-content\/uploads\/2024\/02\/53634-1-300x194.webp",300,194,true],"large":["https:\/\/imagazine.it\/wp-content\/uploads\/2024\/02\/53634-1.webp",640,413,false],"thumblist":["https:\/\/imagazine.it\/wp-content\/uploads\/2024\/02\/53634-1-300x300.webp",300,300,true],"thumbrelated":["https:\/\/imagazine.it\/wp-content\/uploads\/2024\/02\/53634-1-500x500.webp",500,500,true],"meccarouselthumb":["https:\/\/imagazine.it\/wp-content\/uploads\/2024\/02\/53634-1-474x324.webp",474,324,true],"gridsquare":["https:\/\/imagazine.it\/wp-content\/uploads\/2024\/02\/53634-1-391x260.webp",391,260,true],"tileview":["https:\/\/imagazine.it\/wp-content\/uploads\/2024\/02\/53634-1-300x400.webp",300,400,true],"1536x1536":["https:\/\/imagazine.it\/wp-content\/uploads\/2024\/02\/53634-1.webp",1000,646,false],"2048x2048":["https:\/\/imagazine.it\/wp-content\/uploads\/2024\/02\/53634-1.webp",1000,646,false],"newsup-slider-full":["https:\/\/imagazine.it\/wp-content\/uploads\/2024\/02\/53634-1.webp",1000,646,false],"newsup-featured":["https:\/\/imagazine.it\/wp-content\/uploads\/2024\/02\/53634-1.webp",1000,646,false],"newsup-medium":["https:\/\/imagazine.it\/wp-content\/uploads\/2024\/02\/53634-1-720x380.webp",720,380,true],"tptn_thumbnail":["https:\/\/imagazine.it\/wp-content\/uploads\/2024\/02\/53634-1.webp",250,162,false],"sow-carousel-default":["https:\/\/imagazine.it\/wp-content\/uploads\/2024\/02\/53634-1.webp",272,176,false]},"rttpg_author":{"display_name":"redazione","author_link":"https:\/\/imagazine.it\/home_desk\/author\/redazione\/"},"rttpg_comment":0,"rttpg_category":"<a href=\"https:\/\/imagazine.it\/home_desk\/category\/attualita\/\" rel=\"category tag\">ATTUALIT\u00c0<\/a>","rttpg_excerpt":"A servizio della Comunit\u00e0 del Friuli Orientale. Interessati 36mila abitanti: svelato anche il nuovo videowall che connette circa 200 telecamere e 25 lettori di targhe sul territorio","_links":{"self":[{"href":"https:\/\/imagazine.it\/home_desk\/wp-json\/wp\/v2\/posts\/49511","targetHints":{"allow":["GET"]}}],"collection":[{"href":"https:\/\/imagazine.it\/home_desk\/wp-json\/wp\/v2\/posts"}],"about":[{"href":"https:\/\/imagazine.it\/home_desk\/wp-json\/wp\/v2\/types\/post"}],"author":[{"embeddable":true,"href":"https:\/\/imagazine.it\/home_desk\/wp-json\/wp\/v2\/users\/28"}],"replies":[{"embeddable":true,"href":"https:\/\/imagazine.it\/home_desk\/wp-json\/wp\/v2\/comments?post=49511"}],"version-history":[{"count":0,"href":"https:\/\/imagazine.it\/home_desk\/wp-json\/wp\/v2\/posts\/49511\/revisions"}],"wp:featuredmedia":[{"embeddable":true,"href":"https:\/\/imagazine.it\/home_desk\/wp-json\/wp\/v2\/media\/49512"}],"wp:attachment":[{"href":"https:\/\/imagazine.it\/home_desk\/wp-json\/wp\/v2\/media?parent=49511"}],"wp:term":[{"taxonomy":"category","embeddable":true,"href":"https:\/\/imagazine.it\/home_desk\/wp-json\/wp\/v2\/categories?post=49511"},{"taxonomy":"post_tag","embeddable":true,"href":"https:\/\/imagazine.it\/home_desk\/wp-json\/wp\/v2\/tags?post=49511"}],"curies":[{"name":"wp","href":"https:\/\/api.w.org\/{rel}","templated":true}]}}