{"id":49503,"date":"2023-06-27T00:00:00","date_gmt":"2023-06-26T22:00:00","guid":{"rendered":"https:\/\/imagazine.it\/in-fvg-farmacie-piu-vicine-al-cittadino\/"},"modified":"2023-06-27T00:00:00","modified_gmt":"2023-06-26T22:00:00","slug":"in-fvg-farmacie-piu-vicine-al-cittadino","status":"publish","type":"post","link":"https:\/\/imagazine.it\/home_desk\/in-fvg-farmacie-piu-vicine-al-cittadino\/","title":{"rendered":"In FVG farmacie pi\u00f9 vicine al cittadino"},"content":{"rendered":"<p> \tUDINE \u2013 Siglato dall\u2019assessore regionale alla salute, <strong>Riccardo Riccardi<\/strong>, con i rappresentanti di Federfarma Friuli Venezia Giulia, <strong>Luca Degrassi<\/strong>, e di Assofarma e Farmacie Unite, <strong>Alessandra Forgiarini<\/strong>, il nuovo accordo dei servizi offerti dalla rete delle farmacie aperte al pubblico, oltre 400 punti salute sul territorio.<\/p>\n<p> \t&#8220;L&#8217;accordo siglato oggi \u00e8 frutto di un importante lavoro di concertazione e condivisione di obiettivi e risultati fra Regione, Aziende sanitarie e associazione di categoria delle farmacie convenzionate con il sistema sanitario regionale, ha <strong>durata triennale<\/strong> con possibilit\u00e0 di proroga e potr\u00e0 contribuire, con la realizzazione di nuove progettualit\u00e0 e l&#8217;implementazione dell&#8217;esistente, a dare risposte importanti al cittadino&#8221;, ha dichiarato Riccardi.<\/p>\n<p> \t&#8220;Entro settembre \u2013 ha spiegato Riccardi \u2013 sar\u00e0 <strong>avviata la sperimentazione in alcune farmacie pilota per l&#8217;accesso diretto al fascicolo sanitario<\/strong>. Si tratta di completare il percorso di dematerializzazione della ricetta, superati i vincoli legati alla privacy, tramite l&#8217;accesso alla prescrizione da parte delle farmacie attraverso il Fascicolo Sanitario Elettronico (Fse). Sar\u00e0 un passaggio che permetter\u00e0 la semplificazione delle procedure per consentire un accesso sicuro alle ricette dematerializzate attraverso il Fse. Da qui in poi potranno essere sviluppate tutta una serie di interazioni per ampliare la gamma delle prestazioni quali ad esempio il monitoraggio dell&#8217;appropriatezza d&#8217;uso dei farmaci e l&#8217;aderenza dei pazienti alla terapia&#8221;.<\/p>\n<p> \tL&#8217;accordo prevede, in sintesi, la realizzazione di un piano di sviluppo dei nuovi servizi con un&#8217;ampia gamma di attivit\u00e0, definendo l&#8217;avvio concreto delle attivit\u00e0 della farmacia dei servizi (aderenza alla campagne vaccinali, esami ematochimici e strumentali per evitare di sovraccaricare gli ospedali, la promozione della salute, l&#8217;aderenza terapeutica in maniera diffusa e omogenea sull&#8217;intero territorio regionale).<\/p>\n<p> \tSono <strong>due i finanziamenti specifici alle farmacie previsti<\/strong>: <strong>1,6 milioni di euro per l&#8217;avvio delle attivit\u00e0<\/strong> della Farmacia dei servizi per tutta la durata dell&#8217;accordo e <strong>1,5 milioni per il processo di digitalizzazione per il triennio di vigenza dell&#8217;accordo<\/strong> da ripartirsi in quote uguali per ciascuna sede farmaceutica.<\/p>\n<p> \tIl documento siglato rivede le <strong>remunerazioni per le farmacie relative ai medicinali in Dpc<\/strong> (distribuzione per conto) e dei <strong>dispositivi per i pazienti diabetici<\/strong> (strisce per la misurazione della glicemia) erogati in convenzionata in un&#8217;ottica di allineamento dei valori medi nazionali. Prevede poi il <strong>potenziamento delle attivit\u00e0 della farmacia dei servizi<\/strong> con particolare riferimento alle attivit\u00e0 di prevenzione e monitoraggio della salute, con campagne di screening e interventi volti al miglioramento dell&#8217;aderenza terapeutica dei pazienti con particolare attenzione per le aree della cronicit\u00e0 e per le persone pi\u00f9 fragili.<\/p>\n<p> \tPrevisti inoltre miglioramenti del <strong>servizio CUP+Farmacia<\/strong> per assicurare <strong>finalit\u00e0 di accesso sul territorio<\/strong>.<\/p>\n<p> \t\u00a0<\/p>\n","protected":false},"excerpt":{"rendered":"<p>Entro settembre l&#8217;avvio della sperimentazione per l&#8217;accesso sicuro e semplificato al Fasciolo sanitario<\/p>\n","protected":false},"author":28,"featured_media":49504,"comment_status":"closed","ping_status":"closed","sticky":false,"template":"","format":"standard","meta":{"dwc-title":[],"dwc-content":[],"footnotes":""},"categories":[5],"tags":[],"class_list":["post-49503","post","type-post","status-publish","format-standard","has-post-thumbnail","hentry","category-attualita"],"rttpg_featured_image_url":{"full":["https:\/\/imagazine.it\/wp-content\/uploads\/2024\/02\/53624-1.webp",1024,768,false],"landscape":["https:\/\/imagazine.it\/wp-content\/uploads\/2024\/02\/53624-1.webp",1024,768,false],"portraits":["https:\/\/imagazine.it\/wp-content\/uploads\/2024\/02\/53624-1.webp",1024,768,false],"thumbnail":["https:\/\/imagazine.it\/wp-content\/uploads\/2024\/02\/53624-1-150x150.webp",150,150,true],"medium":["https:\/\/imagazine.it\/wp-content\/uploads\/2024\/02\/53624-1-300x225.webp",300,225,true],"large":["https:\/\/imagazine.it\/wp-content\/uploads\/2024\/02\/53624-1.webp",640,480,false],"thumblist":["https:\/\/imagazine.it\/wp-content\/uploads\/2024\/02\/53624-1-300x300.webp",300,300,true],"thumbrelated":["https:\/\/imagazine.it\/wp-content\/uploads\/2024\/02\/53624-1-500x500.webp",500,500,true],"meccarouselthumb":["https:\/\/imagazine.it\/wp-content\/uploads\/2024\/02\/53624-1-474x324.webp",474,324,true],"gridsquare":["https:\/\/imagazine.it\/wp-content\/uploads\/2024\/02\/53624-1-391x260.webp",391,260,true],"tileview":["https:\/\/imagazine.it\/wp-content\/uploads\/2024\/02\/53624-1-300x400.webp",300,400,true],"1536x1536":["https:\/\/imagazine.it\/wp-content\/uploads\/2024\/02\/53624-1.webp",1024,768,false],"2048x2048":["https:\/\/imagazine.it\/wp-content\/uploads\/2024\/02\/53624-1.webp",1024,768,false],"newsup-slider-full":["https:\/\/imagazine.it\/wp-content\/uploads\/2024\/02\/53624-1-1024x720.webp",1024,720,true],"newsup-featured":["https:\/\/imagazine.it\/wp-content\/uploads\/2024\/02\/53624-1.webp",1024,768,false],"newsup-medium":["https:\/\/imagazine.it\/wp-content\/uploads\/2024\/02\/53624-1-720x380.webp",720,380,true],"tptn_thumbnail":["https:\/\/imagazine.it\/wp-content\/uploads\/2024\/02\/53624-1.webp",250,188,false],"sow-carousel-default":["https:\/\/imagazine.it\/wp-content\/uploads\/2024\/02\/53624-1.webp",243,182,false]},"rttpg_author":{"display_name":"redazione","author_link":"https:\/\/imagazine.it\/home_desk\/author\/redazione\/"},"rttpg_comment":0,"rttpg_category":"<a href=\"https:\/\/imagazine.it\/home_desk\/category\/attualita\/\" rel=\"category tag\">ATTUALIT\u00c0<\/a>","rttpg_excerpt":"Entro settembre l'avvio della sperimentazione per l'accesso sicuro e semplificato al Fasciolo sanitario","_links":{"self":[{"href":"https:\/\/imagazine.it\/home_desk\/wp-json\/wp\/v2\/posts\/49503","targetHints":{"allow":["GET"]}}],"collection":[{"href":"https:\/\/imagazine.it\/home_desk\/wp-json\/wp\/v2\/posts"}],"about":[{"href":"https:\/\/imagazine.it\/home_desk\/wp-json\/wp\/v2\/types\/post"}],"author":[{"embeddable":true,"href":"https:\/\/imagazine.it\/home_desk\/wp-json\/wp\/v2\/users\/28"}],"replies":[{"embeddable":true,"href":"https:\/\/imagazine.it\/home_desk\/wp-json\/wp\/v2\/comments?post=49503"}],"version-history":[{"count":0,"href":"https:\/\/imagazine.it\/home_desk\/wp-json\/wp\/v2\/posts\/49503\/revisions"}],"wp:featuredmedia":[{"embeddable":true,"href":"https:\/\/imagazine.it\/home_desk\/wp-json\/wp\/v2\/media\/49504"}],"wp:attachment":[{"href":"https:\/\/imagazine.it\/home_desk\/wp-json\/wp\/v2\/media?parent=49503"}],"wp:term":[{"taxonomy":"category","embeddable":true,"href":"https:\/\/imagazine.it\/home_desk\/wp-json\/wp\/v2\/categories?post=49503"},{"taxonomy":"post_tag","embeddable":true,"href":"https:\/\/imagazine.it\/home_desk\/wp-json\/wp\/v2\/tags?post=49503"}],"curies":[{"name":"wp","href":"https:\/\/api.w.org\/{rel}","templated":true}]}}