{"id":49501,"date":"2023-06-27T00:00:00","date_gmt":"2023-06-26T22:00:00","guid":{"rendered":"https:\/\/imagazine.it\/giovane-stambecco-salvato-sul-monte-canin\/"},"modified":"2023-06-27T00:00:00","modified_gmt":"2023-06-26T22:00:00","slug":"giovane-stambecco-salvato-sul-monte-canin","status":"publish","type":"post","link":"https:\/\/imagazine.it\/home_desk\/giovane-stambecco-salvato-sul-monte-canin\/","title":{"rendered":"Giovane stambecco salvato sul Monte Canin"},"content":{"rendered":"<p> \tUDINE \u2013 Una giovane femmina di stambecco \u00e8 stata salvata ieri sul <strong>Monte Canin<\/strong>, nelle Alpi Giulie del Friuli Venezia Giulia, da una corda in materiale plastico lunga circa due metri annodata al collo. A intervenire sul posto sono stati gli esperti del Centro di ricerca e coordinamento per il recupero della fauna selvatica del Dipartimento di Scienze agroalimentari, ambientali e animali dell\u2019Universit\u00e0 di Udine e le guardie del Corpo forestale regionale della Stazione di Pontebba.<\/p>\n<p> \t<strong>Il salvataggio<\/strong><\/p>\n<p> \tL\u2019animale avanzava con difficolt\u00e0, incastrandosi sugli spuntoni di roccia. La situazione di pericolo \u00e8 stata avvistata dai gestori del rifugio Gilberti che hanno subito allertato il Corpo forestale regionale del Friuli Venezia Giulia. L\u2019intervento, non senza rischi, si \u00e8 svolto sulle balze rocciose nella conca retrostante il rifugio a quasi 2000 metri di altezza. \u00c8 durato circa due ore per garantire una cattura in sicurezza dell\u2019animale con l\u2019utilizzo della telenarcosi. La femmina, dell\u2019et\u00e0 stimata di tre anni, fa parte della colonia del Parco regionale delle Prealpi Giulie costituita da circa 100-150 esemplari.<\/p>\n<p> \t<strong>Specie a rischio<\/strong><\/p>\n<p> \tLa specie, reintrodotta in Friuli Venezia Giulia negli anni \u201990, \u00e8 parte dei 7\/8.000 soggetti presenti nell\u2019arco alpino italiano. Lo stambecco (Capra ibex) \u00e8 attualmente minacciato dalla scarsa variabilit\u00e0 genetica. La specie infatti \u00e8 frutto della tutela di soli 50 esemplari preservati nel 1800 da re Vittorio Emanuele II all\u2019interno dell\u2019area dell\u2019odierno Parco del Gran Paradiso. Ma all\u2019inizio degli anni 2000, il parassita denominato \u201cacaro della rogna\u201d ha decimato la popolazione delle Alpi orientali del Friuli Venezia Giulia e del Veneto con centinaia di morti in pochi anni.<\/p>\n<p> \t<strong>Accertamenti e rientro in salute nel gruppo<\/strong><\/p>\n<p> \tDopo la cattura e l\u2019asportazione del cappio, la giovane femmina \u00e8 stata visitata per accertare l\u2019assenza di lesioni al collo. Confermato il suo buono stato di salute \u00e8 stato inoltre campionato del sangue per valutare il benessere della colonia di appartenenza. Il sangue sar\u00e0 esaminato dall\u2019Istituto zooprofilattico sperimentale delle Venezie. Al termine dell\u2019intervento lo stambecco \u00e8 immediatamente rientrato a far parte di un gruppo di femmine e cuccioli dell\u2019anno e monitorato per un paio di ore, periodo nel quale ha dimostrato il suo pieno recupero.<\/p>\n<p> \t<strong>Collaborazione <\/strong><\/p>\n<p> \tIl tempestivo ed efficace intervento \u00e8 stato reso possibile grazie alla sinergia dei diversi enti regionali che collaborano con il Centro di ricerca e coordinamento per il recupero della fauna selvatica dell\u2019Ateneo friulano. In questo caso, dalla collaborazione tra il personale veterinario del Centro e il Corpo forestale regionale di Pontebba.<\/p>\n<p> \tPer l\u2019Universit\u00e0 di Udine ha partecipato il gruppo coordinato da <strong>Stefano Pesaro<\/strong> e composto da <strong>Isabella Perlin, Francesca Baradel e Sofia Rebucci<\/strong>. Per la Stazione di Pontebba della forestale regionale, le guardie <strong>Francesca Di Lena, Massimo Ragonase e Filippo Chiavone<\/strong>.<\/p>\n<p> \t\u00a0<\/p>\n","protected":false},"excerpt":{"rendered":"<p>A 2000 metri d\u2019altezza nei pressi del rifugio Gilberti. Rimossa una corda di plastica lunga due metri annodata al collo dell&#8217;esemplare femmina<\/p>\n","protected":false},"author":28,"featured_media":49502,"comment_status":"closed","ping_status":"closed","sticky":false,"template":"","format":"standard","meta":{"dwc-title":[],"dwc-content":[],"footnotes":""},"categories":[5],"tags":[],"class_list":["post-49501","post","type-post","status-publish","format-standard","has-post-thumbnail","hentry","category-attualita"],"rttpg_featured_image_url":{"full":["https:\/\/imagazine.it\/wp-content\/uploads\/2024\/02\/53617-1.webp",900,506,false],"landscape":["https:\/\/imagazine.it\/wp-content\/uploads\/2024\/02\/53617-1.webp",900,506,false],"portraits":["https:\/\/imagazine.it\/wp-content\/uploads\/2024\/02\/53617-1.webp",900,506,false],"thumbnail":["https:\/\/imagazine.it\/wp-content\/uploads\/2024\/02\/53617-1-150x150.webp",150,150,true],"medium":["https:\/\/imagazine.it\/wp-content\/uploads\/2024\/02\/53617-1-300x169.webp",300,169,true],"large":["https:\/\/imagazine.it\/wp-content\/uploads\/2024\/02\/53617-1.webp",640,360,false],"thumblist":["https:\/\/imagazine.it\/wp-content\/uploads\/2024\/02\/53617-1-300x300.webp",300,300,true],"thumbrelated":["https:\/\/imagazine.it\/wp-content\/uploads\/2024\/02\/53617-1-500x500.webp",500,500,true],"meccarouselthumb":["https:\/\/imagazine.it\/wp-content\/uploads\/2024\/02\/53617-1-474x324.webp",474,324,true],"gridsquare":["https:\/\/imagazine.it\/wp-content\/uploads\/2024\/02\/53617-1-391x260.webp",391,260,true],"tileview":["https:\/\/imagazine.it\/wp-content\/uploads\/2024\/02\/53617-1-300x400.webp",300,400,true],"1536x1536":["https:\/\/imagazine.it\/wp-content\/uploads\/2024\/02\/53617-1.webp",900,506,false],"2048x2048":["https:\/\/imagazine.it\/wp-content\/uploads\/2024\/02\/53617-1.webp",900,506,false],"newsup-slider-full":["https:\/\/imagazine.it\/wp-content\/uploads\/2024\/02\/53617-1.webp",900,506,false],"newsup-featured":["https:\/\/imagazine.it\/wp-content\/uploads\/2024\/02\/53617-1.webp",900,506,false],"newsup-medium":["https:\/\/imagazine.it\/wp-content\/uploads\/2024\/02\/53617-1-720x380.webp",720,380,true],"tptn_thumbnail":["https:\/\/imagazine.it\/wp-content\/uploads\/2024\/02\/53617-1.webp",250,141,false],"sow-carousel-default":["https:\/\/imagazine.it\/wp-content\/uploads\/2024\/02\/53617-1.webp",272,153,false]},"rttpg_author":{"display_name":"redazione","author_link":"https:\/\/imagazine.it\/home_desk\/author\/redazione\/"},"rttpg_comment":0,"rttpg_category":"<a href=\"https:\/\/imagazine.it\/home_desk\/category\/attualita\/\" rel=\"category tag\">ATTUALIT\u00c0<\/a>","rttpg_excerpt":"A 2000 metri d\u2019altezza nei pressi del rifugio Gilberti. Rimossa una corda di plastica lunga due metri annodata al collo dell'esemplare femmina","_links":{"self":[{"href":"https:\/\/imagazine.it\/home_desk\/wp-json\/wp\/v2\/posts\/49501","targetHints":{"allow":["GET"]}}],"collection":[{"href":"https:\/\/imagazine.it\/home_desk\/wp-json\/wp\/v2\/posts"}],"about":[{"href":"https:\/\/imagazine.it\/home_desk\/wp-json\/wp\/v2\/types\/post"}],"author":[{"embeddable":true,"href":"https:\/\/imagazine.it\/home_desk\/wp-json\/wp\/v2\/users\/28"}],"replies":[{"embeddable":true,"href":"https:\/\/imagazine.it\/home_desk\/wp-json\/wp\/v2\/comments?post=49501"}],"version-history":[{"count":0,"href":"https:\/\/imagazine.it\/home_desk\/wp-json\/wp\/v2\/posts\/49501\/revisions"}],"wp:featuredmedia":[{"embeddable":true,"href":"https:\/\/imagazine.it\/home_desk\/wp-json\/wp\/v2\/media\/49502"}],"wp:attachment":[{"href":"https:\/\/imagazine.it\/home_desk\/wp-json\/wp\/v2\/media?parent=49501"}],"wp:term":[{"taxonomy":"category","embeddable":true,"href":"https:\/\/imagazine.it\/home_desk\/wp-json\/wp\/v2\/categories?post=49501"},{"taxonomy":"post_tag","embeddable":true,"href":"https:\/\/imagazine.it\/home_desk\/wp-json\/wp\/v2\/tags?post=49501"}],"curies":[{"name":"wp","href":"https:\/\/api.w.org\/{rel}","templated":true}]}}